{"id":55243,"date":"2023-11-10T09:56:04","date_gmt":"2023-11-10T08:56:04","guid":{"rendered":"https:\/\/www.greenpeace.org\/belgium\/?p=55243"},"modified":"2023-11-22T11:55:56","modified_gmt":"2023-11-22T10:55:56","slug":"derniere-ligne-droite-pour-la-loi-europeenne-sur-la-restauration-de-la-nature-la-coalition-biodiversite-appelle-la-belgique-a-approuver-laccord-preliminaire","status":"publish","type":"post","link":"https:\/\/www.greenpeace.org\/belgium\/fr\/communique-de-presse\/55243\/derniere-ligne-droite-pour-la-loi-europeenne-sur-la-restauration-de-la-nature-la-coalition-biodiversite-appelle-la-belgique-a-approuver-laccord-preliminaire\/","title":{"rendered":"Derni\u00e8re ligne droite pour la loi europ\u00e9enne sur la restauration de la nature : La Coalition Biodiversit\u00e9 appelle la Belgique \u00e0 approuver l&rsquo;accord pr\u00e9liminaire"},"content":{"rendered":"\n<p><strong>Ce 9 novembre, les institutions europ\u00e9ennes se sont r\u00e9unies pour d\u00e9cider d\u2019un accord pr\u00e9liminaire sur le texte final de la loi europ\u00e9enne sur la restauration de la nature. La Coalition biodiversit\u00e9 a des sentiments mitig\u00e9s : <\/strong><strong>\u00ab <\/strong><strong>Nous sommes heureux que l&rsquo;accord reprenne tous les \u00e9cosyst\u00e8mes qui \u00e9taient initialement inclus dans le projet de loi, mais les articles sont affaiblis par rapport \u00e0 la proposition de la Commission europ\u00e9enne et \u00e0 la position du Conseil. Il est d\u00e9cevant de constater que de nombreuses exceptions ont \u00e9t\u00e9 incluses et que les obligations des \u00c9tats membres sont trop souples.<\/strong><strong> \u00bb<\/strong><\/p>\n\n<p>Au printemps dernier, des jeux politiques partisans aux niveaux belges et europ\u00e9ens avaient failli emp\u00eacher le projet de loi europ\u00e9enne sur la restauration de la nature de voir le jour, et fini par mener le Parlement europ\u00e9en \u00e0 adopter en juillet une position affaiblie sur cette loi. Les institutions europ\u00e9ennes ont ensuite eu pour mission de se mettre d\u2019accord sur une position commune, qui s\u2019est concr\u00e9tis\u00e9e en l\u2019accord pr\u00e9liminaire d\u2019hier.<\/p>\n\n<p>A pr\u00e9sent, les \u00c9tats membres doivent donner leur aval sur ce texte. Or au printemps dernier, la Belgique n\u2019avait pas exprim\u00e9 son soutien complet envers la loi, principalement eu \u00e9gard \u00e0 des craintes du c\u00f4t\u00e9 flamand. La Coalition biodiversit\u00e9 appelle aujourd\u2019hui \u00e0 y apporter un soutien sans r\u00e9serve. <strong>\u00ab <\/strong>Malgr\u00e9 les nombreuses concessions, cet accord pr\u00e9liminaire est un point de d\u00e9part important pour la restauration de la nature en Belgique et en Europe \u00bb, d\u00e9clare Reine Spiessens, responsable de politique biodiversit\u00e9 au WWF et coordinatrice de la Coalition biodiversit\u00e9.&nbsp;<\/p>\n\n<p><strong>Un besoin urgent, pour le climat et notre soci\u00e9t\u00e9&nbsp;<\/strong><\/p>\n\n<p>Il y a un besoin clair et urgent de restaurer la nature belge, puisqu\u2019environ 95% de nos habitats naturels sont en mauvais \u00e9tat de conservation. Or, une nature en bonne sant\u00e9 est notre meilleure alli\u00e9e contre la crise climatique&nbsp;: les \u00e9cosyst\u00e8mes naturels tels que les for\u00eats, les oc\u00e9ans, ou les zones humides ont permis une absorption de 54 % des \u00e9missions humaines de CO<sub>2 <\/sub>au cours des dix derni\u00e8res ann\u00e9es. Une nature en bonne sant\u00e9 peut \u00e9galement mieux nous prot\u00e9ger face aux \u00e9v\u00e9nements climatiques extr\u00eames, tels que les inondations ou les s\u00e9cheresses. La biodiversit\u00e9 est aussi fondamentale pour notre s\u00e9curit\u00e9 alimentaire puisque pr\u00e8s de 75% des cultures mondiales produisant des fruits et des graines destin\u00e9s \u00e0 l\u2019alimentation humaine d\u00e9pendent des pollinisateurs.&nbsp; Au niveau mondial, on estime que plus de 50% du PIB est d\u00e9pendant de la nature, et selon l&rsquo;Organisation mondiale de la sant\u00e9 (OMS), la mauvaise qualit\u00e9 de l&rsquo;environnement est \u00e0 l&rsquo;origine d&rsquo;un d\u00e9c\u00e8s sur huit. Dans l&rsquo;ensemble, les b\u00e9n\u00e9fices de la restauration de la nature sont en moyenne dix fois plus \u00e9lev\u00e9s que les co\u00fbts.&nbsp;Soutenir cette loi est donc un retour sur investissement garanti.&nbsp;<\/p>\n\n<p><strong>Une loi r\u00e9clam\u00e9e par les citoyen\u00b7nes<\/strong><\/p>\n\n<p>Rappelons qu\u2019il y a un vaste soutien populaire pour cette loi europ\u00e9enne sur la restauration de la nature, avec plus d&rsquo;1 million de citoyen\u00b7nes europ\u00e9ens, dont plus de 33.500 belges, qui ont d\u00e9j\u00e0 sign\u00e9 en faveur de cette loi. En parall\u00e8le, plus de 6.000 scientifiques, plus de 100 entreprises, plus de 200 ONG et d&rsquo;innombrables d\u00e9fenseurs et d\u00e9fenseuses du climat de toute l&rsquo;Europe ont insist\u00e9 sur l&rsquo;adoption de cette loi cruciale.&nbsp;<\/p>\n\n<p>Rappelons aussi que l&rsquo;ensemble des partis politiques wallons s&rsquo;\u00e9taient prononc\u00e9s en faveur de la restauration de 30% des habitats naturels d\u00e9grad\u00e9s d&rsquo;ici \u00e0 2030 lors de la conf\u00e9rence BeWild organis\u00e9e par le WWF le 19 octobre dernier. La Coalition biodiversit\u00e9 esp\u00e8re que cet engagement trouvera \u00e9cho du c\u00f4t\u00e9 flamand.&nbsp;<\/p>\n\n<p><strong>Au tour de la Belgique<\/strong><\/p>\n\n<p>Nos ministres doivent respecter les engagements internationaux que la Belgique a pris en faveur de la nature, notamment \u00e0 la COP15 de Montr\u00e9al l\u2019ann\u00e9e derni\u00e8re en adoptant l\u2019accord mondial sur la biodiversit\u00e9. La loi europ\u00e9enne sur la restauration de la nature contribue \u00e0 la mise en \u0153uvre de cet accord.&nbsp;&nbsp;<\/p>\n\n<p>Apr\u00e8s les ministres, ce seront les membres belges du comit\u00e9 environnement du Parlement europ\u00e9en &#8211; Mme Fr\u00e9d\u00e9rique Ries (MR), Mme Maria Arena (PS), Mme Sara Matthieu (Groen) et Mme Cindy Franssen (CD&amp;V) &#8211; qui seront appel\u00e9es \u00e0 voter sur le texte fin novembre, un vote qui sera lui aussi d\u00e9cisif pour la loi. Enfin la Belgique pr\u00e9sidera le Conseil de l&rsquo;UE \u00e0 partir de janvier, ce qui pourrait \u00eatre&nbsp; l\u2019occasion pour notre pays de faire aboutir cette loi, et d\u2019offrir ainsi un avenir plus serein \u00e0 la nature europ\u00e9enne.<\/p>\n\n<p>La Coalition biodiversit\u00e9 appelle tous nos repr\u00e9sentant\u00b7es politiques \u00e0 prendre leurs responsabilit\u00e9s, et \u00e0 soutenir d\u00e8s maintenant une loi qui, malgr\u00e9 ses lacunes, sera b\u00e9n\u00e9fique \u00e0 la fois \u00e0 la biodiversit\u00e9, au climat et \u00e0 la soci\u00e9t\u00e9.<br><br><\/p>\n\n<p><strong>\u00c0 propos de la Coalition belge pour la biodiversit\u00e9 <\/strong><strong><br><\/strong>La Coalition belge pour la biodiversit\u00e9 est un partenariat entre le WWF, BOS+, Greenpeace, Natagora, Natuurpunt, Canopea et Bond Beter Leefmilieu. La mission de la Coalition est d&rsquo;arr\u00eater et d&rsquo;inverser la perte de biodiversit\u00e9 en Belgique et dans ses zones d&rsquo;influence par un plaidoyer commun aupr\u00e8s des d\u00e9cideurs politiques f\u00e9d\u00e9raux et r\u00e9gionaux belges.&nbsp;<\/p>\n\n<figure class=\"wp-block-image\"><img decoding=\"async\" src=\"https:\/\/lh7-us.googleusercontent.com\/-Nk9RnxpqYpyPMkWQtkKWCChdAIh3Cwq2vWsL4OHg60wxes-M7rf4d1Av664qb7agRAztTEhCBXK7J9tNCMsUNq2ePNHC5riTIcimOucL_J-Iwj2mdBmu-YcFA6rjgzCS0-f1Mw6oJKhgu85PkyP5yw\" alt=\"Chart\n\nDescription automatically generated with medium confidence\"\/><\/figure>\n","protected":false},"excerpt":{"rendered":"<p>Ce 9 novembre, les institutions europ\u00e9ennes se sont r\u00e9unies pour d\u00e9cider d\u2019un accord pr\u00e9liminaire sur le texte final de la loi europ\u00e9enne sur la restauration de la nature. <\/p>\n","protected":false},"author":50,"featured_media":55311,"comment_status":"closed","ping_status":"closed","sticky":false,"template":"","format":"standard","meta":{"ep_exclude_from_search":false,"p4_og_title":"Derni\u00e8re ligne droite pour la loi europ\u00e9enne sur la restauration de la nature","p4_og_description":"Ce 9 novembre, les institutions europ\u00e9ennes se sont r\u00e9unies pour d\u00e9cider d\u2019un accord pr\u00e9liminaire sur le texte final de la loi europ\u00e9enne sur la restauration de la nature. ","p4_og_image":"","p4_og_image_id":"","p4_seo_canonical_url":"","p4_campaign_name":"","p4_local_project":"","p4_basket_name":"","p4_department":"","footnotes":""},"categories":[171,151],"tags":[80],"p4-page-type":[117],"class_list":["post-55243","post","type-post","status-publish","format-standard","has-post-thumbnail","hentry","category-biodiversite","category-presse","tag-forets","p4-page-type-communique-de-presse"],"_links":{"self":[{"href":"https:\/\/www.greenpeace.org\/belgium\/fr\/wp-json\/wp\/v2\/posts\/55243","targetHints":{"allow":["GET"]}}],"collection":[{"href":"https:\/\/www.greenpeace.org\/belgium\/fr\/wp-json\/wp\/v2\/posts"}],"about":[{"href":"https:\/\/www.greenpeace.org\/belgium\/fr\/wp-json\/wp\/v2\/types\/post"}],"author":[{"embeddable":true,"href":"https:\/\/www.greenpeace.org\/belgium\/fr\/wp-json\/wp\/v2\/users\/50"}],"replies":[{"embeddable":true,"href":"https:\/\/www.greenpeace.org\/belgium\/fr\/wp-json\/wp\/v2\/comments?post=55243"}],"version-history":[{"count":1,"href":"https:\/\/www.greenpeace.org\/belgium\/fr\/wp-json\/wp\/v2\/posts\/55243\/revisions"}],"predecessor-version":[{"id":55244,"href":"https:\/\/www.greenpeace.org\/belgium\/fr\/wp-json\/wp\/v2\/posts\/55243\/revisions\/55244"}],"wp:featuredmedia":[{"embeddable":true,"href":"https:\/\/www.greenpeace.org\/belgium\/fr\/wp-json\/wp\/v2\/media\/55311"}],"wp:attachment":[{"href":"https:\/\/www.greenpeace.org\/belgium\/fr\/wp-json\/wp\/v2\/media?parent=55243"}],"wp:term":[{"taxonomy":"category","embeddable":true,"href":"https:\/\/www.greenpeace.org\/belgium\/fr\/wp-json\/wp\/v2\/categories?post=55243"},{"taxonomy":"post_tag","embeddable":true,"href":"https:\/\/www.greenpeace.org\/belgium\/fr\/wp-json\/wp\/v2\/tags?post=55243"},{"taxonomy":"p4-page-type","embeddable":true,"href":"https:\/\/www.greenpeace.org\/belgium\/fr\/wp-json\/wp\/v2\/p4-page-type?post=55243"}],"curies":[{"name":"wp","href":"https:\/\/api.w.org\/{rel}","templated":true}]}}