{"id":55656,"date":"2023-12-17T06:35:08","date_gmt":"2023-12-17T05:35:08","guid":{"rendered":"https:\/\/www.greenpeace.org\/belgium\/?p=55656"},"modified":"2023-12-17T06:56:51","modified_gmt":"2023-12-17T05:56:51","slug":"code-rouge-evacuation-violente-de-lentrepot-dalibaba-par-la-police","status":"publish","type":"post","link":"https:\/\/www.greenpeace.org\/belgium\/fr\/communique-de-presse\/55656\/code-rouge-evacuation-violente-de-lentrepot-dalibaba-par-la-police\/","title":{"rendered":"Code Rouge : \u00e9vacuation violente de l&rsquo;entrep\u00f4t d&rsquo;Alibaba par la police"},"content":{"rendered":"\n<p><strong>Depuis 15h hier,&nbsp;600&nbsp;activistes du mouvement Code Rouge bloquent les activit\u00e9s d\u2019Alibaba \u00e0 l\u2019a\u00e9roport de Li\u00e8ge. Cette nuit, environ 200 activistes ayant p\u00e9n\u00e9tr\u00e9 dans l\u2019entrep\u00f4t&nbsp;du g\u00e9ant de l\u2019e-commerce ont \u00e9t\u00e9 d\u00e9log\u00e9\u00b7es violemment par les forces de police, alors qu\u2019ils\u00b7elles&nbsp;occupaient les lieux pacifiquement.&nbsp;Deux personnes ont \u00e9t\u00e9 emmen\u00e9es \u00e0 l\u2019h\u00f4pital dont une a eu le bras cass\u00e9. Plusieurs cas d\u2019\u00e9tranglement nous ont \u00e9t\u00e9 signal\u00e9s.&nbsp;Malgr\u00e9 l&rsquo;\u00e9vacuation de l&rsquo;entrep\u00f4t, le blocage se poursuit. Plusieurs centaines d\u2019activistes sont toujours \u00e0 l&rsquo;entr\u00e9e du site en ce moment.<\/strong><\/p>\n\n<figure class=\"wp-block-image size-large\"><img loading=\"lazy\" decoding=\"async\" width=\"1024\" height=\"683\" src=\"https:\/\/www.greenpeace.org\/static\/planet4-belgium-stateless\/2023\/12\/c10e6176-cr3-johanna-de-tessieres-police-arrests-liege-1024x683.jpg\" alt=\"\" class=\"wp-image-55706\" srcset=\"https:\/\/www.greenpeace.org\/static\/planet4-belgium-stateless\/2023\/12\/c10e6176-cr3-johanna-de-tessieres-police-arrests-liege-1024x683.jpg 1024w, https:\/\/www.greenpeace.org\/static\/planet4-belgium-stateless\/2023\/12\/c10e6176-cr3-johanna-de-tessieres-police-arrests-liege-300x200.jpg 300w, https:\/\/www.greenpeace.org\/static\/planet4-belgium-stateless\/2023\/12\/c10e6176-cr3-johanna-de-tessieres-police-arrests-liege-768x512.jpg 768w, https:\/\/www.greenpeace.org\/static\/planet4-belgium-stateless\/2023\/12\/c10e6176-cr3-johanna-de-tessieres-police-arrests-liege-1536x1025.jpg 1536w, https:\/\/www.greenpeace.org\/static\/planet4-belgium-stateless\/2023\/12\/c10e6176-cr3-johanna-de-tessieres-police-arrests-liege-510x340.jpg 510w, https:\/\/www.greenpeace.org\/static\/planet4-belgium-stateless\/2023\/12\/c10e6176-cr3-johanna-de-tessieres-police-arrests-liege.jpg 2048w\" sizes=\"auto, (max-width: 1024px) 100vw, 1024px\" \/><figcaption class=\"wp-element-caption\">Entrep\u00f4t Alibaba \u00e0 Li\u00e8ge. 17\/12\/2023. <div class=\"credit icon-left\"> \u00a9 Johanna de Tessi\u00e8res \/ Code Rouge<\/div><\/figcaption><\/figure>\n\n<p>600 activistes bloquent les activit\u00e9s d\u2019Alibaba depuis 15h hier. 200 d\u2019entre eux ont p\u00e9n\u00e9tr\u00e9 vers 22h dans l\u2019entrep\u00f4t de l\u2019entreprise chinoise pour l\u2019occuper pacifiquement. Peu apr\u00e8s, les forces de l\u2019ordre ont \u00e9galement investi la zone, accompagn\u00e9es de chiens et \u00e9quip\u00e9es de protections anti-\u00e9meutes. Vers 2h du matin, la police a proc\u00e9d\u00e9 \u00e0 l\u2019\u00e9vacuation des activistes, de mani\u00e8re brutale. Plusieurs cas de violence ont \u00e9t\u00e9 constat\u00e9. Deux personnes ont \u00e9t\u00e9 emmen\u00e9es \u00e0 l\u2019hopital. Une personne a eu le bras cass\u00e9s, et plusieurs cas d\u2019\u00e9tranglements ont \u00e9t\u00e9 constat\u00e9s. Les observateur\u00b7rices l\u00e9gaux\u00b7ales pr\u00e9sent\u00b7es sur le site ont \u00e9galement \u00e9t\u00e9 violemment pris \u00e0 parti.&nbsp;<\/p>\n\n<p><em>\u201cNous d\u00e9noncons ce nouvel usage disproportionn\u00e9 de la force par la police\u201d,<\/em>&nbsp;d\u00e9clare Louis Droussin, porte-parole de Code Rouge.&nbsp;<em>\u201cComme hier \u00e0 Anvers, o\u00f9 des arrestations massives d\u2019activistes ont eu lieu, la police traite les activistes non-violent<\/em>\u00b7e<em>s comme des criminel\u00b7les,&nbsp;<\/em><em>mais nous ne sommes pas<\/em><em>&nbsp;les criminels, les criminels sont ceux que nous d\u00e9noncons par nos actions, ceux qui en pleine conscience et uniquement pour continuer leur profit continuent \u00e0 d\u00e9truire la plan\u00e8te, \u00e0 contribuer au d\u00e9r\u00e9glement climatique et \u00e0 cr\u00e9er de l\u2019injustice sociale. N<\/em><em>otre mouvement citoyen ne se laissera ni d\u00e9courager, ni intimider.\u201d<\/em><em>&nbsp;<\/em><\/p>\n\n<p><a href=\"https:\/\/code-rouge.be\/a-propos\/\" target=\"_blank\" rel=\"noreferrer noopener\"><u>Code Rouge<\/u><\/a>&nbsp;est un mouvement de d\u00e9sob\u00e9issance civile cr\u00e9\u00e9 par des activistes et soutenu par diff\u00e9rentes organisations et groupes d\u2019actions.&nbsp;<\/p>\n\n<h2 class=\"wp-block-heading\">Photos &amp; Vid\u00e9os<\/h2>\n\n<p>D&rsquo;autres\u00a0<a rel=\"noreferrer noopener\" href=\"https:\/\/drive.google.com\/drive\/folders\/1DFD9cPElTNZJKFDyn5lD9Rgkvo-v14YW\" target=\"_blank\">photos<\/a>\u00a0et\u00a0<a rel=\"noreferrer noopener\" href=\"https:\/\/drive.google.com\/drive\/folders\/10CxBZ6apKzGK4CCt1v53Sb2vg5c4Yp3p?usp=drive_link\" target=\"_blank\">vid\u00e9os<\/a>\u00a0sont disponibles. Les dossiers ont \u00e9t\u00e9 aliment\u00e9 durant la nuit.<\/p>\n\n<h2 class=\"wp-block-heading\">Contact:<\/h2>\n\n<p>Num\u00e9ro de t\u00e9l\u00e9phone presse Code Rouge: +32 474 93 30 13<\/p>\n","protected":false},"excerpt":{"rendered":"<p>Cette nuit, environ 200 activistes ayant p\u00e9n\u00e9tr\u00e9 dans l\u2019entrep\u00f4t\u00a0du g\u00e9ant de l\u2019e-commerce ont \u00e9t\u00e9 d\u00e9log\u00e9\u00b7es violemment par les forces de police.<\/p>\n","protected":false},"author":105,"featured_media":55708,"comment_status":"closed","ping_status":"closed","sticky":false,"template":"","format":"standard","meta":{"ep_exclude_from_search":false,"p4_og_title":"Code Rouge : \u00e9vacuation violente de l'entrep\u00f4t d'Alibaba par la police","p4_og_description":"Cette nuit, environ 200 activistes ayant p\u00e9n\u00e9tr\u00e9 dans l\u2019entrep\u00f4t\u00a0du g\u00e9ant de l\u2019e-commerce ont \u00e9t\u00e9 d\u00e9log\u00e9\u00b7es violemment par les forces de police.","p4_og_image":"","p4_og_image_id":"","p4_seo_canonical_url":"","p4_campaign_name":"not set","p4_local_project":"not set","p4_basket_name":"not set","p4_department":"","footnotes":""},"categories":[152,150,151],"tags":[70,74,86],"p4-page-type":[117],"class_list":["post-55656","post","type-post","status-publish","format-standard","has-post-thumbnail","hentry","category-a-la-une","category-actualites","category-presse","tag-energie","tag-mobilite","tag-climat","p4-page-type-communique-de-presse"],"_links":{"self":[{"href":"https:\/\/www.greenpeace.org\/belgium\/fr\/wp-json\/wp\/v2\/posts\/55656","targetHints":{"allow":["GET"]}}],"collection":[{"href":"https:\/\/www.greenpeace.org\/belgium\/fr\/wp-json\/wp\/v2\/posts"}],"about":[{"href":"https:\/\/www.greenpeace.org\/belgium\/fr\/wp-json\/wp\/v2\/types\/post"}],"author":[{"embeddable":true,"href":"https:\/\/www.greenpeace.org\/belgium\/fr\/wp-json\/wp\/v2\/users\/105"}],"replies":[{"embeddable":true,"href":"https:\/\/www.greenpeace.org\/belgium\/fr\/wp-json\/wp\/v2\/comments?post=55656"}],"version-history":[{"count":4,"href":"https:\/\/www.greenpeace.org\/belgium\/fr\/wp-json\/wp\/v2\/posts\/55656\/revisions"}],"predecessor-version":[{"id":55714,"href":"https:\/\/www.greenpeace.org\/belgium\/fr\/wp-json\/wp\/v2\/posts\/55656\/revisions\/55714"}],"wp:featuredmedia":[{"embeddable":true,"href":"https:\/\/www.greenpeace.org\/belgium\/fr\/wp-json\/wp\/v2\/media\/55708"}],"wp:attachment":[{"href":"https:\/\/www.greenpeace.org\/belgium\/fr\/wp-json\/wp\/v2\/media?parent=55656"}],"wp:term":[{"taxonomy":"category","embeddable":true,"href":"https:\/\/www.greenpeace.org\/belgium\/fr\/wp-json\/wp\/v2\/categories?post=55656"},{"taxonomy":"post_tag","embeddable":true,"href":"https:\/\/www.greenpeace.org\/belgium\/fr\/wp-json\/wp\/v2\/tags?post=55656"},{"taxonomy":"p4-page-type","embeddable":true,"href":"https:\/\/www.greenpeace.org\/belgium\/fr\/wp-json\/wp\/v2\/p4-page-type?post=55656"}],"curies":[{"name":"wp","href":"https:\/\/api.w.org\/{rel}","templated":true}]}}