{"id":55659,"date":"2023-12-17T13:21:13","date_gmt":"2023-12-17T12:21:13","guid":{"rendered":"https:\/\/www.greenpeace.org\/belgium\/?p=55659"},"modified":"2023-12-17T13:26:35","modified_gmt":"2023-12-17T12:26:35","slug":"fin-de-la-plus-grande-action-de-code-rouge-600-activistes-quittent-lentrepot-dalibaba","status":"publish","type":"post","link":"https:\/\/www.greenpeace.org\/belgium\/fr\/communique-de-presse\/55659\/fin-de-la-plus-grande-action-de-code-rouge-600-activistes-quittent-lentrepot-dalibaba\/","title":{"rendered":"Fin de la plus grande action de Code Rouge : 600 activistes quittent l\u2019entrep\u00f4t d\u2019Alibaba"},"content":{"rendered":"\n<p><strong>Les 600 activistes de Code Rouge qui bloquaient depuis hier apr\u00e8s-midi le g\u00e9ant de l\u2019e-commerce Alibaba \u00e0 Li\u00e8ge, ont quitt\u00e9 le site. Hier, malgr\u00e9 les arrestations massives, pr\u00e8s de 600 autres activistes ont paralys\u00e9 le trafic des jets priv\u00e9s \u00e0 l&rsquo;a\u00e9roport d&rsquo;Anvers.Cette 3\u00e8me action de d\u00e9sob\u00e9issance civile de masse a donc pu compter sur la participation de 1200 citoyen\u00b7nes. Un nombre en augmentation par rapport aux pr\u00e9c\u00e9dentes actions. Code Rouge se r\u00e9jouit du succ\u00e8s de l\u2019action de ce week-end mais le mouvement est choqu\u00e9 par l&rsquo;intervention muscl\u00e9e de la police, tant \u00e0 Li\u00e8ge qu&rsquo;\u00e0 Anvers.<\/strong><\/p>\n\n<figure class=\"wp-block-image size-large\"><img loading=\"lazy\" decoding=\"async\" width=\"1024\" height=\"683\" src=\"https:\/\/www.greenpeace.org\/static\/planet4-belgium-stateless\/2023\/12\/876c73de-signal-2023-12-17-130347_002-1024x683.jpeg\" alt=\"\" class=\"wp-image-55723\" srcset=\"https:\/\/www.greenpeace.org\/static\/planet4-belgium-stateless\/2023\/12\/876c73de-signal-2023-12-17-130347_002-1024x683.jpeg 1024w, https:\/\/www.greenpeace.org\/static\/planet4-belgium-stateless\/2023\/12\/876c73de-signal-2023-12-17-130347_002-300x200.jpeg 300w, https:\/\/www.greenpeace.org\/static\/planet4-belgium-stateless\/2023\/12\/876c73de-signal-2023-12-17-130347_002-768x512.jpeg 768w, https:\/\/www.greenpeace.org\/static\/planet4-belgium-stateless\/2023\/12\/876c73de-signal-2023-12-17-130347_002-1536x1025.jpeg 1536w, https:\/\/www.greenpeace.org\/static\/planet4-belgium-stateless\/2023\/12\/876c73de-signal-2023-12-17-130347_002-510x340.jpeg 510w, https:\/\/www.greenpeace.org\/static\/planet4-belgium-stateless\/2023\/12\/876c73de-signal-2023-12-17-130347_002.jpeg 2048w\" sizes=\"auto, (max-width: 1024px) 100vw, 1024px\" \/><figcaption class=\"wp-element-caption\">Li\u00e8ge, 17\/12\/23<div class=\"credit icon-left\"> \u00a9 Johanna de Tessi\u00e8res \/ Code Rouge<\/div><\/figcaption><\/figure>\n\n<p>\u201c<em>Nous sommes tellement fi\u00e8r\u00b7es de ces activistes qui ont men\u00e9 une action pacifique contre cette industrie polluante qu\u2019est l\u2019avia<\/em><em>tion. <\/em><em>1200<\/em><em> activ<\/em><em>istes ont particip\u00e9<\/em><em> \u00e0 notre action, c\u2019est extraordin<\/em><em>aire. Le succ\u00e8s de notre action d\u00e9montre qu\u2019il n\u2019est plus tol\u00e9r\u00e9 que l\u2019aviation puisse se d\u00e9velopper et polluer sans la moindre entrave, et que les co\u00fbts soient support\u00e9s par chacun\u00b7e de nous.<\/em>\u201d, d\u00e9clare Xavier De Wannemaeker de Code Rouge<em>. <\/em>\u201c<em>Nous sommes \u00e9galement choqu\u00e9<\/em><em>\u00b7<\/em><em>es par l&rsquo;intervention muscl\u00e9e de la police. Nos activistes<\/em><em> ont eu droit \u00e0 des matraques, des gaz lacrymog\u00e8nes au poivre, et d&rsquo;autres brutalit\u00e9s polici\u00e8res au cours de leur action non-violente. Ce sont pourtant bien<\/em><em>&nbsp;les grands pollueurs, tels q<\/em><em>ue ces a\u00e9roports d\u00e9pendants de subventions, qui sont les v\u00e9ritables criminels. <\/em><em>Nous avons vu ce week-end la police se ranger du c\u00f4t\u00e9 de ces grands pollueurs.<\/em><em> C&rsquo;est le monde \u00e0 l&rsquo;envers<\/em>\u201d, ajoute Xavier De Wannemaeker.<\/p>\n\n<figure class=\"wp-block-image size-large\"><img loading=\"lazy\" decoding=\"async\" width=\"1024\" height=\"683\" src=\"https:\/\/www.greenpeace.org\/static\/planet4-belgium-stateless\/2023\/12\/884a22cf-signal-2023-12-17-131311_002-1024x683.jpeg\" alt=\"\" class=\"wp-image-55725\" srcset=\"https:\/\/www.greenpeace.org\/static\/planet4-belgium-stateless\/2023\/12\/884a22cf-signal-2023-12-17-131311_002-1024x683.jpeg 1024w, https:\/\/www.greenpeace.org\/static\/planet4-belgium-stateless\/2023\/12\/884a22cf-signal-2023-12-17-131311_002-300x200.jpeg 300w, https:\/\/www.greenpeace.org\/static\/planet4-belgium-stateless\/2023\/12\/884a22cf-signal-2023-12-17-131311_002-768x512.jpeg 768w, https:\/\/www.greenpeace.org\/static\/planet4-belgium-stateless\/2023\/12\/884a22cf-signal-2023-12-17-131311_002-1536x1025.jpeg 1536w, https:\/\/www.greenpeace.org\/static\/planet4-belgium-stateless\/2023\/12\/884a22cf-signal-2023-12-17-131311_002-510x340.jpeg 510w, https:\/\/www.greenpeace.org\/static\/planet4-belgium-stateless\/2023\/12\/884a22cf-signal-2023-12-17-131311_002.jpeg 2048w\" sizes=\"auto, (max-width: 1024px) 100vw, 1024px\" \/><figcaption class=\"wp-element-caption\">Li\u00e8ge, 17\/12\/23<div class=\"credit icon-left\"> \u00a9 Johanna de Tessi\u00e8res \/ Code Rouge<\/div><\/figcaption><\/figure>\n\n<p>L\u2019action \u00e0 Li\u00e8ge a d\u00e9but\u00e9 hier vers&nbsp;15h. 600 activistes ont occup\u00e9 les bureaux et ensuite l\u2019entrep\u00f4t d\u2019Alibaba. Les avions charg\u00e9s de biens de consommation en provenance de Chine n\u2019ont pas pu \u00eatre d\u00e9charg\u00e9s et les camions de distribution n\u2019ont pas quitt\u00e9 le site. 200 activistes ont r\u00e9ussi \u00e0 p\u00e9n\u00e9trer dans le d\u00e9p\u00f4t d&rsquo;Alibaba hier soir, mais iels ont \u00e9t\u00e9 expuls\u00e9\u00b7es avec violence par la police apr\u00e8s plusieurs heures. Une activiste a \u00e9t\u00e9 emmen\u00e9e \u00e0 l\u2019h\u00f4pital Mont L\u00e9gia. Elle doit se faire op\u00e9rer ce matin pour un bras cass\u00e9.<\/p>\n\n<p>Code Rouge menait hier une action \u00e9galement \u00e0 l&rsquo;a\u00e9roport d&rsquo;Anvers. La police a arr\u00eat\u00e9 des centaines d&rsquo;activistes avant m\u00eame qu&rsquo;ils<em>\u00b7<\/em>elles ne puissent entrer dans l&rsquo;a\u00e9roport. N\u00e9anmoins, l&rsquo;action a permis d&rsquo;interrompre le trafic des jets priv\u00e9s toute la journ\u00e9e, de sorte qu&rsquo;aucun jet n&rsquo;a pu d\u00e9coller. L&rsquo;objectif des activistes a donc \u00e9t\u00e9 atteint.<\/p>\n\n<p>Une fois de plus, la police a fait preuve d\u2019un usage disproportionn\u00e9&nbsp;de la force lors des arrestations. Un autre activiste a du d\u00fb \u00eatre transport\u00e9 \u00e0 l&rsquo;h\u00f4pital. Sous les coups de matraque, cet<em>\u00b7<\/em>te activiste a eu le bras et des doigts cass\u00e9s. La police a \u00e9galement utilis\u00e9 du&nbsp;gaz au poivre.&nbsp;&nbsp;<\/p>\n\n<p><strong>Edgar Szoc<\/strong>, <strong>pr\u00e9sident de la Ligue des Droits humains<\/strong> et observateur l\u00e9gal lors de l\u2019action nous r\u00e9v\u00e8le ceci : \u201c<em>Le policier qui m&rsquo;a arr\u00eat\u00e9 \u00e0 dit ceci : \u00ab\u00a0J&rsquo;ai bien vu que vous ne participiez pas \u00e0 l&rsquo;action et que vous n&rsquo;avez rien fait, mais vous filmiez et si vous avez des images qui peuvent \u00eatre utilis\u00e9es contre nous, vous allez le faire. Vous avez le choix : soit vous effacez les images, soit vous \u00eates arr\u00eat\u00e9<\/em>\u00ab\u00a0\u201d.<\/p>\n\n<p>La Ligue des Droits humains recueille actuellement des informations sur les violences polici\u00e8res \u00e0 l\u2019\u00e9gard des activistes. Le mouvement Code Rouge sera aux c\u00f4t\u00e9s des personnes qui souhaitent porter plainte.<\/p>\n\n<h2 class=\"wp-block-heading\"><strong>Deux manifestations l\u00e9gales<\/strong><\/h2>\n\n<p>Une manifestation (autoris\u00e9e) se d\u00e9roulera ajourd\u2019hui \u00e0 14h, aussi bien \u00e0 Anvers qu\u2019\u00e0 Li\u00e8ge, pour toutes les personnes qui souhaitent t\u00e9moigner leur soutien \u00e0 l\u2019action Code Rouge contre le secteur de l\u2019aviation. Le mouvement demande entre autres la fin des subsides \u00e0 l\u2019aviation, une interdiction des jets priv\u00e9s et plus de budget pour les transports publics.<\/p>\n\n<p>La premi\u00e8re partira de la gare d\u2019Anvers Berchem pour rejoindre le terminal de l\u2019a\u00e9roport d\u2019Anvers, et soutenue par, entre autres, le mouvement citoyen local Doe Deurne Dicht, Extinction Rebellion, Grootouders voor het Klimaat. La seconde manifestation partira de la gare de Bierset-Awans jusqu\u2019au parking devant le terminal de Li\u00e8ge-Bierset, et organis\u00e9e notamment par les groupes d&rsquo;action locaux Stop Alibaba, le Comit\u00e9 Li\u00e8ge Air Propre (CLAP), FIAN, Occupons le Terrain et les Brigades d&rsquo;actions paysannes (BAPs).<\/p>\n\n<p><a href=\"https:\/\/code-rouge.be\/a-propos\/\" target=\"_blank\" rel=\"noreferrer noopener\">Code Rouge<\/a> est un mouvement de d\u00e9sob\u00e9issance civile cr\u00e9\u00e9 par des activistes et soutenu par diff\u00e9rentes organisations et groupes d\u2019actions.<\/p>\n\n<h2 class=\"wp-block-heading\">Photos et vid\u00e9os<\/h2>\n\n<p>D&rsquo;autres\u00a0<a rel=\"noreferrer noopener\" href=\"https:\/\/drive.google.com\/drive\/folders\/1DFD9cPElTNZJKFDyn5lD9Rgkvo-v14YW\" target=\"_blank\">photos<\/a>\u00a0et <a rel=\"noreferrer noopener\" href=\"https:\/\/drive.google.com\/drive\/folders\/10CxBZ6apKzGK4CCt1v53Sb2vg5c4Yp3p?usp=drive_link\" target=\"_blank\">vid\u00e9os<\/a>\u00a0sont disponibles.\u00a0Les dossiers seront aliment\u00e9s au fur et \u00e0 mesure de la journ\u00e9e.<\/p>\n\n<h2 class=\"wp-block-heading\">Contact<\/h2>\n\n<p>Num\u00e9ro de t\u00e9l\u00e9phone presse Code Rouge: +32 474 93 30 13\u00a0<\/p>\n","protected":false},"excerpt":{"rendered":"<p>Les 600 activistes de Code Rouge qui bloquaient depuis hier apr\u00e8s-midi le g\u00e9ant de l\u2019e-commerce Alibaba \u00e0 Li\u00e8ge, ont quitt\u00e9 le site.<\/p>\n","protected":false},"author":105,"featured_media":55729,"comment_status":"closed","ping_status":"closed","sticky":false,"template":"","format":"standard","meta":{"ep_exclude_from_search":false,"p4_og_title":"Fin de la plus grande action de Code Rouge","p4_og_description":"Les 600 activistes de Code Rouge qui bloquaient depuis hier apr\u00e8s-midi le g\u00e9ant de l\u2019e-commerce Alibaba \u00e0 Li\u00e8ge, ont quitt\u00e9 le site.","p4_og_image":"","p4_og_image_id":"","p4_seo_canonical_url":"","p4_campaign_name":"not set","p4_local_project":"not set","p4_basket_name":"not set","p4_department":"","footnotes":""},"categories":[152,150,151],"tags":[70,74,86],"p4-page-type":[117],"class_list":["post-55659","post","type-post","status-publish","format-standard","has-post-thumbnail","hentry","category-a-la-une","category-actualites","category-presse","tag-energie","tag-mobilite","tag-climat","p4-page-type-communique-de-presse"],"_links":{"self":[{"href":"https:\/\/www.greenpeace.org\/belgium\/fr\/wp-json\/wp\/v2\/posts\/55659","targetHints":{"allow":["GET"]}}],"collection":[{"href":"https:\/\/www.greenpeace.org\/belgium\/fr\/wp-json\/wp\/v2\/posts"}],"about":[{"href":"https:\/\/www.greenpeace.org\/belgium\/fr\/wp-json\/wp\/v2\/types\/post"}],"author":[{"embeddable":true,"href":"https:\/\/www.greenpeace.org\/belgium\/fr\/wp-json\/wp\/v2\/users\/105"}],"replies":[{"embeddable":true,"href":"https:\/\/www.greenpeace.org\/belgium\/fr\/wp-json\/wp\/v2\/comments?post=55659"}],"version-history":[{"count":9,"href":"https:\/\/www.greenpeace.org\/belgium\/fr\/wp-json\/wp\/v2\/posts\/55659\/revisions"}],"predecessor-version":[{"id":55737,"href":"https:\/\/www.greenpeace.org\/belgium\/fr\/wp-json\/wp\/v2\/posts\/55659\/revisions\/55737"}],"wp:featuredmedia":[{"embeddable":true,"href":"https:\/\/www.greenpeace.org\/belgium\/fr\/wp-json\/wp\/v2\/media\/55729"}],"wp:attachment":[{"href":"https:\/\/www.greenpeace.org\/belgium\/fr\/wp-json\/wp\/v2\/media?parent=55659"}],"wp:term":[{"taxonomy":"category","embeddable":true,"href":"https:\/\/www.greenpeace.org\/belgium\/fr\/wp-json\/wp\/v2\/categories?post=55659"},{"taxonomy":"post_tag","embeddable":true,"href":"https:\/\/www.greenpeace.org\/belgium\/fr\/wp-json\/wp\/v2\/tags?post=55659"},{"taxonomy":"p4-page-type","embeddable":true,"href":"https:\/\/www.greenpeace.org\/belgium\/fr\/wp-json\/wp\/v2\/p4-page-type?post=55659"}],"curies":[{"name":"wp","href":"https:\/\/api.w.org\/{rel}","templated":true}]}}