{"id":55664,"date":"2023-12-16T15:20:00","date_gmt":"2023-12-16T14:20:00","guid":{"rendered":"https:\/\/www.greenpeace.org\/belgium\/?p=55664"},"modified":"2023-12-18T14:00:42","modified_gmt":"2023-12-18T13:00:42","slug":"code-rouge-arrestation-massive-dactivistes-du-mouvement-code-rouge-le-trafic-des-jet-prives-malgre-tout-a-larret","status":"publish","type":"post","link":"https:\/\/www.greenpeace.org\/belgium\/fr\/communique-de-presse\/55664\/code-rouge-arrestation-massive-dactivistes-du-mouvement-code-rouge-le-trafic-des-jet-prives-malgre-tout-a-larret\/","title":{"rendered":"Arrestation massive d\u2019activistes du mouvement Code Rouge : le trafic des jets priv\u00e9s malgr\u00e9 tout \u00e0 l\u2019arr\u00eat"},"content":{"rendered":"\n<p><strong>Le mouvement Code Rouge a annonc\u00e9 depuis plusieurs mois une nouvelle action de d\u00e9sob\u00e9issance civile de&nbsp;masse, qui vise l\u2019industrie de l\u2019aviation. Dans ce contexte, des centaines d\u2019activistes sont arr\u00eat\u00e9<em>\u00b7<\/em>es aux alentours d\u2019Anvers,&nbsp;entre autres le pr\u00e9sident de la Ligue des Droits humains<\/strong>.&nbsp;<strong>Un groupe important d\u2019activistes ont tout de m\u00eame r\u00e9ussi \u00e0 p\u00e9n\u00e9trer sur le site.&nbsp;L&rsquo;action est dans tous les cas une r\u00e9ussite&nbsp;: aucun jet priv\u00e9 n&rsquo;a d\u00e9coll\u00e9 aujourd&rsquo;hui.&nbsp;Par cette action, Code Rouge exige l\u2019interdiction des jets priv\u00e9s, la fin des subsides pour l\u2019industrie de l\u2019aviation et un investissement massif dans les transports publics.<\/strong><\/p>\n\n<figure class=\"wp-block-image size-large\"><img loading=\"lazy\" decoding=\"async\" width=\"1024\" height=\"576\" src=\"https:\/\/www.greenpeace.org\/static\/planet4-belgium-stateless\/2023\/12\/27557059-signal-2023-12-16-143444-1024x576.jpeg\" alt=\"\" class=\"wp-image-55762\" srcset=\"https:\/\/www.greenpeace.org\/static\/planet4-belgium-stateless\/2023\/12\/27557059-signal-2023-12-16-143444-1024x576.jpeg 1024w, https:\/\/www.greenpeace.org\/static\/planet4-belgium-stateless\/2023\/12\/27557059-signal-2023-12-16-143444-300x169.jpeg 300w, https:\/\/www.greenpeace.org\/static\/planet4-belgium-stateless\/2023\/12\/27557059-signal-2023-12-16-143444-768x432.jpeg 768w, https:\/\/www.greenpeace.org\/static\/planet4-belgium-stateless\/2023\/12\/27557059-signal-2023-12-16-143444-1536x864.jpeg 1536w, https:\/\/www.greenpeace.org\/static\/planet4-belgium-stateless\/2023\/12\/27557059-signal-2023-12-16-143444-510x287.jpeg 510w, https:\/\/www.greenpeace.org\/static\/planet4-belgium-stateless\/2023\/12\/27557059-signal-2023-12-16-143444.jpeg 2048w\" sizes=\"auto, (max-width: 1024px) 100vw, 1024px\" \/><figcaption class=\"wp-element-caption\">Anvers, 16\/12\/2023.<div class=\"credit icon-left\"> \u00a9 Code Rouge<\/div><\/figcaption><\/figure>\n\n<p><em>Les activistes du mouvement Code Rouge sont \u00e0&nbsp;<\/em><em>Anvers<\/em><em>&nbsp;pour une troisi\u00e8me action de d\u00e9sob\u00e9issance civile de masse. La police est pr\u00e9sente en nombre sur les lieux et des centaines d\u2019activistes sont arr\u00eat\u00e9\u00b7es.<\/em><em>&nbsp;<\/em><em>Les pneus d\u2019une quarantaine de v\u00e9los d\u2019activistes ont \u00e9t\u00e9 d\u00e9gonfl\u00e9s par la police.&nbsp;<\/em><em>&nbsp;<\/em><\/p>\n\n<p><em>\u00ab\u00a0Des centaines de militant\u00b7es ont choisi aujourd&rsquo;hui de d\u00e9sob\u00e9ir civilement \u00e0 l&rsquo;industrie de l\u2019aviation de plus en plus polluante, mais iels&nbsp;n&rsquo;ont m\u00eame pas eu la possibilit\u00e9 de le faire. Les militant\u00b7es arr\u00eat\u00e9\u00b7es pr\u00e9ventivement repr\u00e9sentent la voix des 75 % de la population qui estiment que les subventions \u00e0 l&rsquo;aviation devraient \u00eatre supprim\u00e9es. Ces subventions profitent principalement \u00e0 une minorit\u00e9 d\u2019ultra-riche et \u00e0 leurs jets priv\u00e9s. Il est frappant de constater que les citoyen\u00b7nes sont criminalis\u00e9\u00b7es ici, alors que les autorit\u00e9s&nbsp;belges elles-m\u00eames viennent d&rsquo;\u00eatre condamn\u00e9es \u00e0 deux reprises pour avoir viol\u00e9 les droits humains de leurs propres citoyen\u00b7nes par le biais d&rsquo;une politique climatique n\u00e9gligente. Le fait que tant de&nbsp;citoyen\u00b7nes&nbsp;concern\u00e9\u00b7es aient choisi aujourd&rsquo;hui de faire appel \u00e0 leur droit de manifester nous donne de l&rsquo;espoir, et la r\u00e9pression par la police montre que cela est de plus en plus n\u00e9cessaire\u00a0\u00bb, d\u00e9clare&nbsp;<\/em><strong>Chlo\u00e9&nbsp;Mikolajczak, porte-parole de Code Rouge<\/strong>.<\/p>\n\n<p><em>\u201cLe droit fondamental \u00e0 manifester et la libert\u00e9 d\u2019expression sont directement menac\u00e9e par ces arrestations\u201d,&nbsp;<\/em>d\u00e9nonce<strong> Chlo\u00e9 Mikolajczak<\/strong>, porte-parole de Code Rouge.&nbsp;<em>En nous arr\u00eatant de la sorte, la police se range du c\u00f4t\u00e9 des grands pollueurs dans leur volont\u00e9 de nous faire taire. Cette arrestation abusive s\u2019inscrit dans un contexte inqui\u00e9tant de criminalisation des activistes au niveau europ\u00e9en, dans lequel de plus en plus de militant\u00b7es sont renvoy\u00e9\u00b7es devant la justice. Mais nous ne sommes pas&nbsp;les criminels, les criminels sont ceux que nous d\u00e9noncons par nos actions, ceux qui en pleine conscience et uniquement pour continuer leur profit continuent \u00e0 d\u00e9truire la plan\u00e8te, \u00e0 contribuer au d\u00e9r\u00e9glement climatique et \u00e0 cr\u00e9er de l\u2019injustice sociale. Notre mouvement citoyen ne se laissera ni d\u00e9courager, ni intimider.\u201d<\/em><\/p>\n\n<p>Cette troisi\u00e8me action de masse de Code Rouge vise le secteur de l\u2019aviation. Une industrie n\u00e9faste pour le climat, la nature et la justice sociale mais qui b\u00e9n\u00e9ficie pourtant de millions de subventions et de cadeaux fiscaux.&nbsp;<em>\u201cEn Belgique, l\u2019aviation est d\u00e9pendante de l\u2019argent public pour se d\u00e9velopper. Ainsi, nous payons deux fois pour ce secteur polluant : via l\u2019impact climatique et via nos imp\u00f4ts\u201d,<\/em>&nbsp;explique <strong>Chlo\u00e9&nbsp;Mikolajczak<\/strong>&nbsp;de Code Rouge<em>. \u201cC\u2019est pourquoi nous demandons&nbsp;la fin des subventions \u00e0 l\u2019aviation, une interdiction des jets priv\u00e9s, davantage de budget pour les transports publics<\/em>\u201d.<\/p>\n\n<p><a href=\"https:\/\/code-rouge.be\/\" target=\"_blank\" rel=\"noreferrer noopener\">Code Rouge<\/a> est un mouvement de d\u00e9sob\u00e9issance civile cr\u00e9\u00e9 par des activistes et soutenu par diff\u00e9rentes organisations et groupes d\u2019actions.<\/p>\n","protected":false},"excerpt":{"rendered":"<p>Des centaines d\u2019activistes sont arr\u00eat\u00e9\u00b7es aux alentours d\u2019Anvers. L&rsquo;action est dans tous les cas une r\u00e9ussite\u00a0: aucun jet priv\u00e9 n&rsquo;a d\u00e9coll\u00e9 aujourd&rsquo;hui.<\/p>\n","protected":false},"author":105,"featured_media":55765,"comment_status":"closed","ping_status":"closed","sticky":false,"template":"","format":"standard","meta":{"ep_exclude_from_search":false,"p4_og_title":"Arrestation massive d\u2019activistes du mouvement Code Rouge : le trafic des jet priv\u00e9s malgr\u00e9 tout \u00e0 l\u2019arr\u00eat","p4_og_description":"Des centaines d\u2019activistes sont arr\u00eat\u00e9\u00b7es aux alentours d\u2019Anvers. L'action est dans tous les cas une r\u00e9ussite\u00a0: aucun jet priv\u00e9 n'a d\u00e9coll\u00e9 aujourd'hui.","p4_og_image":"","p4_og_image_id":"","p4_seo_canonical_url":"","p4_campaign_name":"not set","p4_local_project":"not set","p4_basket_name":"not set","p4_department":"","footnotes":""},"categories":[152,150,151],"tags":[70,74,86],"p4-page-type":[117],"class_list":["post-55664","post","type-post","status-publish","format-standard","has-post-thumbnail","hentry","category-a-la-une","category-actualites","category-presse","tag-energie","tag-mobilite","tag-climat","p4-page-type-communique-de-presse"],"_links":{"self":[{"href":"https:\/\/www.greenpeace.org\/belgium\/fr\/wp-json\/wp\/v2\/posts\/55664","targetHints":{"allow":["GET"]}}],"collection":[{"href":"https:\/\/www.greenpeace.org\/belgium\/fr\/wp-json\/wp\/v2\/posts"}],"about":[{"href":"https:\/\/www.greenpeace.org\/belgium\/fr\/wp-json\/wp\/v2\/types\/post"}],"author":[{"embeddable":true,"href":"https:\/\/www.greenpeace.org\/belgium\/fr\/wp-json\/wp\/v2\/users\/105"}],"replies":[{"embeddable":true,"href":"https:\/\/www.greenpeace.org\/belgium\/fr\/wp-json\/wp\/v2\/comments?post=55664"}],"version-history":[{"count":7,"href":"https:\/\/www.greenpeace.org\/belgium\/fr\/wp-json\/wp\/v2\/posts\/55664\/revisions"}],"predecessor-version":[{"id":55780,"href":"https:\/\/www.greenpeace.org\/belgium\/fr\/wp-json\/wp\/v2\/posts\/55664\/revisions\/55780"}],"wp:featuredmedia":[{"embeddable":true,"href":"https:\/\/www.greenpeace.org\/belgium\/fr\/wp-json\/wp\/v2\/media\/55765"}],"wp:attachment":[{"href":"https:\/\/www.greenpeace.org\/belgium\/fr\/wp-json\/wp\/v2\/media?parent=55664"}],"wp:term":[{"taxonomy":"category","embeddable":true,"href":"https:\/\/www.greenpeace.org\/belgium\/fr\/wp-json\/wp\/v2\/categories?post=55664"},{"taxonomy":"post_tag","embeddable":true,"href":"https:\/\/www.greenpeace.org\/belgium\/fr\/wp-json\/wp\/v2\/tags?post=55664"},{"taxonomy":"p4-page-type","embeddable":true,"href":"https:\/\/www.greenpeace.org\/belgium\/fr\/wp-json\/wp\/v2\/p4-page-type?post=55664"}],"curies":[{"name":"wp","href":"https:\/\/api.w.org\/{rel}","templated":true}]}}