{"id":56389,"date":"2024-03-13T06:39:54","date_gmt":"2024-03-13T05:39:54","guid":{"rendered":"https:\/\/www.greenpeace.org\/belgium\/?p=56389"},"modified":"2025-07-02T08:20:02","modified_gmt":"2025-07-02T07:20:02","slug":"une-premiere-en-belgique-un-paysan-assigne-totalenergies-en-justice","status":"publish","type":"post","link":"https:\/\/www.greenpeace.org\/belgium\/fr\/communique-de-presse\/56389\/une-premiere-en-belgique-un-paysan-assigne-totalenergies-en-justice\/","title":{"rendered":"Une premi\u00e8re en Belgique : un paysan assigne TotalEnergies en justice"},"content":{"rendered":"\n<p><strong>Ce 13 mars 2024, Hugues Falys, agriculteur-paysan de la province de Hainaut, assigne en justice TotalEnergies devant le tribunal de l\u2019entreprise de Tournai, pour sa responsabilit\u00e9 dans le d\u00e9r\u00e8glement climatique. Les \u00e9v\u00e9nements climatiques extr\u00eames qui ont frapp\u00e9 sa ferme ces derni\u00e8res ann\u00e9es lui ont caus\u00e9 des dommages importants, notamment des pertes de rendements. Trois ONG, FIAN, Greenpeace et la Ligue des droits humains se joignent \u00e0 cette action en justice. Il s\u2019agit de la premi\u00e8re \u00ab action climat \u00bb visant une entreprise multinationale en Belgique.<\/strong><\/p>\n\n<figure class=\"wp-block-image size-large\"><img loading=\"lazy\" decoding=\"async\" width=\"1024\" height=\"682\" src=\"https:\/\/www.greenpeace.org\/static\/planet4-belgium-stateless\/2024\/03\/c0ed7e88-27879-1024x682.jpg\" alt=\"\" class=\"wp-image-56452\" srcset=\"https:\/\/www.greenpeace.org\/static\/planet4-belgium-stateless\/2024\/03\/c0ed7e88-27879-1024x682.jpg 1024w, https:\/\/www.greenpeace.org\/static\/planet4-belgium-stateless\/2024\/03\/c0ed7e88-27879-300x200.jpg 300w, https:\/\/www.greenpeace.org\/static\/planet4-belgium-stateless\/2024\/03\/c0ed7e88-27879-768x512.jpg 768w, https:\/\/www.greenpeace.org\/static\/planet4-belgium-stateless\/2024\/03\/c0ed7e88-27879-1536x1023.jpg 1536w, https:\/\/www.greenpeace.org\/static\/planet4-belgium-stateless\/2024\/03\/c0ed7e88-27879-510x340.jpg 510w, https:\/\/www.greenpeace.org\/static\/planet4-belgium-stateless\/2024\/03\/c0ed7e88-27879.jpg 2048w\" sizes=\"auto, (max-width: 1024px) 100vw, 1024px\" \/><figcaption class=\"wp-element-caption\">13-03-24. D\u00e9p\u00f4t de la citation contre TotalEnergies au tribunal de Tournai, en pr\u00e9sence de l&rsquo;agriculteur qui porte l&rsquo;action Hugues Falys et les 3 associations impliqu\u00e9es : FIAN, La Ligue des droits humains et Greenpeace.<div class=\"credit icon-left\"> \u00a9 The Farmer Case \/ Tim Dirven<\/div><\/figcaption><\/figure>\n\n<p class=\"has-text-align-center\">D&rsquo;autres photos disponibles <a href=\"https:\/\/drive.google.com\/drive\/folders\/1EKFIXw2lbdCndYo1G5FifdZVBLjMvcaK?usp=sharing\" target=\"_blank\" rel=\"noreferrer noopener\">ICI<\/a>.\u00a0<\/p>\n\n<p>Sur les escaliers du tribunal de l\u2019entreprise de Tournai : un sol br\u00fbl\u00e9 par la chaleur et sur lequel plus rien ne pousse. Cette image, symbolique, marquera le lancement de ce contentieux climatique, puisque ce sol craquel\u00e9 est l\u2019un des impacts le plus visible du d\u00e9r\u00e8glement climatique sur l\u2019agriculture en g\u00e9n\u00e9ral et sur la ferme d\u2019Hugues Falys en particulier.&nbsp;<em>\u00ab Le d\u00e9r\u00e8glement climatique a des effets tr\u00e8s concrets pour moi :<\/em>&nbsp;<em>pertes de rendements, surcro\u00eet de travail et un stress quand il faut composer avec un calendrier cultural d\u00e9boussol\u00e9. Notre m\u00e9tier est intimement li\u00e9 au climat. Ces derni\u00e8res ann\u00e9es, le d\u00e9r\u00e8glement climatique nous cause des dommages importants et nous plonge dans de grandes incertitudes concernant l&rsquo;avenir<\/em>&nbsp;\u00bb, explique Hugues Falys. Cet agriculteur, pionnier de la transition agro\u00e9cologique, porte cette action en justice contre TotalEnergies pour sa responsabilit\u00e9 dans le d\u00e9r\u00e8glement climatique.<\/p>\n\n<p><strong>Fabrique du doute et bombes climatiques&nbsp;<\/strong><\/p>\n\n<p>\u00c0 l\u2019\u00e9chelle mondiale, TotalEnergies est l\u2019une des 21 entreprises actives dans les \u00e9nergies fossiles, responsables de plus d\u2019un tiers des \u00e9missions de gaz \u00e0 effet de serre. Elle est aussi<a href=\"https:\/\/totalenergies.com\/fr\/en-belgique\" target=\"_blank\" rel=\"noreferrer noopener\">&nbsp;le premier raffineur et distributeur en Belgique<\/a>. Depuis les ann\u00e9es 70, la multinationale avait connaissance de l\u2019impact de ses activit\u00e9s sur le climat, mais&nbsp;<a href=\"https:\/\/www.sciencedirect.com\/science\/article\/pii\/S0959378021001655\" target=\"_blank\" rel=\"noreferrer noopener\">selon un article scientifique publi\u00e9 en novembre 2021,<\/a>&nbsp;TotalEnergies a entretenu d\u00e9lib\u00e9r\u00e9ment le doute sur l\u2019origine du d\u00e9r\u00e8glement climatique, notamment pour contrer les premi\u00e8res politiques climatiques naissantes, au niveau europ\u00e9en comme au niveau international. \u00ab&nbsp;<em>Aujourd\u2019hui encore, la multinationale nage \u00e0 contre-courant des recommandations des instances internationales : elle poursuit ses investissements colossaux dans les \u00e9nergies fossiles, alors que l&rsquo;Agence Internationale de l&rsquo;Energie et le GIEC recommandent d\u2019y mettre fin imm\u00e9diatement. Avec ses 23 bombes climatiques&nbsp;<\/em>[1]<em>, TotalEnergies est&nbsp;<\/em><a href=\"https:\/\/www.lemonde.fr\/les-decodeurs\/article\/2023\/10\/31\/bombes-carbone-totalenergies-numero-deux-mondial-des-megagisements-fossiles_6197487_4355770.html\" target=\"_blank\" rel=\"noreferrer noopener\"><em>le deuxi\u00e8me groupe mondial&nbsp;<\/em><\/a><em>reli\u00e9 aux m\u00e9ga gisements fossiles qui viennent peser lourdement sur le budget carbone encore disponible pour rester sous le seuil de 1,5 degr\u00e9s exig\u00e9 par les Accords de Paris<\/em>&nbsp;\u00bb, pointent les trois ONG qui ont annonc\u00e9 qu\u2019elles feraient intervention volontaire dans cette action judiciaire. \u00ab&nbsp;<em>Les activit\u00e9s de TotalEnergies contribuent au d\u00e9r\u00e8glement climatique qui cause des dommages irr\u00e9versibles sur les agriculteur\u00b7rices, et plus largement, sur les droits humains (droit \u00e0 la vie, droit \u00e0 l&rsquo;alimentation, droit \u00e0 la sant\u00e9, droit \u00e0 vivre dans un environnement sain, etc). L\u2019entreprise doit rendre des comptes<\/em>&nbsp;<em>et sortir des \u00e9nergies fossiles<\/em>\u00bb.<\/p>\n\n<p><strong>Mettre \u00e0 fin \u00e0 l\u2019impunit\u00e9 de l\u2019industrie des \u00e9nergies fossiles&nbsp;<\/strong><\/p>\n\n<p>Avec cette affaire \u00ab\u00a0<a href=\"https:\/\/www.thefarmercase.be\/\">The Farmer case<\/a>\u00ab\u00a0, action en responsabilit\u00e9 civile port\u00e9e par le cabinet d\u2019avocat\u00b7es Progress Lawyers Network, Hugues Falys, FIAN, Greenpeace et la Ligue des droits humains \u2013 soutenus par la Coalition Climat en Belgique et la F\u00e9d\u00e9ration Internationale pour les droits humains \u2013 esp\u00e8rent mettre une des plus grandes multinationales actives dans les \u00e9nergies fossiles face \u00e0 ses responsabilit\u00e9s et la contraindre \u00e0 adopter un plan de transition cr\u00e9dible. Hugues Falys et les ONG demandent \u00e0 la justice que ce plan comprenne l\u2019arr\u00eat des investissements dans les projets d\u2019\u00e9nergies fossiles, une baisse de 60 % des \u00e9missions de gaz \u00e0 effet de serre d&rsquo;ici 2030 et une baisse de sa production de gaz et de p\u00e9trole de 75 % d&rsquo;ici 2040.\u00a0<\/p>\n\n<p><strong>La justice, un des leviers de la lutte climatique&nbsp;<\/strong><\/p>\n\n<p>Cette action est in\u00e9dite : c\u2019est la premi\u00e8re fois qu\u2019un citoyen poursuit une multinationale devant la justice belge pour un contentieux climatique. La r\u00e9cente d\u00e9cision de la cour d\u2019appel de Bruxelles dans l\u2019Affaire Climat ou encore la victoire de l\u2019organisation MilieuDefensie contre Shell aux Pays-Bas nous ont montr\u00e9 que la justice pouvait jouer un r\u00f4le fort dans la lutte contre le d\u00e9r\u00e8glement climatique et le respect des droits humains par les grandes entreprises multinationales.<\/p>\n\n<p><strong>Notes<\/strong><br><br>[1] Les bombes climatiques sont des gigantesques projets d\u2019extraction de combustibles fossiles d\u00e9j\u00e0 en cours ou sur le point d\u2019\u00eatre lanc\u00e9s. Leur impact climatique serait \u00e9norme: si les 400 projets&nbsp;<a href=\"https:\/\/www.carbonbombs.org\/map\" target=\"_blank\" rel=\"noreferrer noopener\">recens\u00e9s par le site carbonbombs dans le monde<\/a>&nbsp;\u00e9taient exploit\u00e9s jusqu\u2019\u00e0 leur terme, leurs \u00e9missions potentielles combin\u00e9es repr\u00e9senteraient deux fois le budget carbone mondial \u00e0 ne pas d\u00e9passer pour esp\u00e9rer maintenir le r\u00e9chauffement climatique \u00e0 1,5 \u00b0C.&nbsp;<\/p>\n\n<p><strong>Contacts:<\/strong><\/p>\n\n<ul class=\"wp-block-list\">\n<li><a href=\"mailto:press@thefarmercase.be\" target=\"_blank\" rel=\"noreferrer noopener\">press@thefarmercase.be<\/a>&nbsp;&nbsp;<\/li>\n\n\n\n<li>Greenpeace +32 496 26 31 91&nbsp;<\/li>\n\n\n\n<li>LDH +32 473 74 16 00<\/li>\n\n\n\n<li>FIAN +32 478 93 37 47<\/li>\n<\/ul>\n","protected":false},"excerpt":{"rendered":"<p>Ce 13 mars 2024, Hugues Falys, agriculteur-paysan de la province de Hainaut, assigne en justice TotalEnergies devant le tribunal de l\u2019entreprise de Tournai, pour sa responsabilit\u00e9 dans le d\u00e9r\u00e8glement climatique. Les \u00e9v\u00e9nements climatiques extr\u00eames qui ont frapp\u00e9 sa ferme ces derni\u00e8res ann\u00e9es lui ont caus\u00e9 des dommages importants, notamment des pertes de rendements. Trois ONG, FIAN, Greenpeace et la Ligue des droits humains se joignent \u00e0 cette action en justice. Il s\u2019agit de la premi\u00e8re \u00ab action climat \u00bb visant une entreprise multinationale en Belgique.<\/p>\n","protected":false},"author":80,"featured_media":56452,"comment_status":"closed","ping_status":"closed","sticky":false,"template":"","format":"standard","meta":{"ep_exclude_from_search":false,"p4_og_title":"Une premi\u00e8re en Belgique : un paysan assigne TotalEnergies en justice","p4_og_description":"Ce 13 mars 2024, Hugues Falys, agriculteur-paysan de la province de Hainaut, assigne en justice TotalEnergies devant le tribunal de l\u2019entreprise de Tournai, pour sa responsabilit\u00e9 dans le d\u00e9r\u00e8glement climatique. Les \u00e9v\u00e9nements climatiques extr\u00eames qui ont frapp\u00e9 sa ferme ces derni\u00e8res ann\u00e9es lui ont caus\u00e9 des dommages importants, notamment des pertes de rendements. Trois ONG, FIAN, Greenpeace et la Ligue des droits humains se joignent \u00e0 cette action en justice. Il s\u2019agit de la premi\u00e8re \u00ab action climat \u00bb visant une entreprise multinationale en Belgique.","p4_og_image":"","p4_og_image_id":"","p4_seo_canonical_url":"","p4_campaign_name":"","p4_local_project":"","p4_basket_name":"","p4_department":"","footnotes":""},"categories":[152,150,170,178,168,172,181,151],"tags":[70,85],"p4-page-type":[117],"class_list":["post-56389","post","type-post","status-publish","format-standard","has-post-thumbnail","hentry","category-a-la-une","category-actualites","category-agriculture","category-agriculture-juste","category-campagnes","category-energie","category-energies-fossiles","category-presse","tag-energie","tag-agriculture","p4-page-type-communique-de-presse"],"_links":{"self":[{"href":"https:\/\/www.greenpeace.org\/belgium\/fr\/wp-json\/wp\/v2\/posts\/56389","targetHints":{"allow":["GET"]}}],"collection":[{"href":"https:\/\/www.greenpeace.org\/belgium\/fr\/wp-json\/wp\/v2\/posts"}],"about":[{"href":"https:\/\/www.greenpeace.org\/belgium\/fr\/wp-json\/wp\/v2\/types\/post"}],"author":[{"embeddable":true,"href":"https:\/\/www.greenpeace.org\/belgium\/fr\/wp-json\/wp\/v2\/users\/80"}],"replies":[{"embeddable":true,"href":"https:\/\/www.greenpeace.org\/belgium\/fr\/wp-json\/wp\/v2\/comments?post=56389"}],"version-history":[{"count":7,"href":"https:\/\/www.greenpeace.org\/belgium\/fr\/wp-json\/wp\/v2\/posts\/56389\/revisions"}],"predecessor-version":[{"id":60382,"href":"https:\/\/www.greenpeace.org\/belgium\/fr\/wp-json\/wp\/v2\/posts\/56389\/revisions\/60382"}],"wp:featuredmedia":[{"embeddable":true,"href":"https:\/\/www.greenpeace.org\/belgium\/fr\/wp-json\/wp\/v2\/media\/56452"}],"wp:attachment":[{"href":"https:\/\/www.greenpeace.org\/belgium\/fr\/wp-json\/wp\/v2\/media?parent=56389"}],"wp:term":[{"taxonomy":"category","embeddable":true,"href":"https:\/\/www.greenpeace.org\/belgium\/fr\/wp-json\/wp\/v2\/categories?post=56389"},{"taxonomy":"post_tag","embeddable":true,"href":"https:\/\/www.greenpeace.org\/belgium\/fr\/wp-json\/wp\/v2\/tags?post=56389"},{"taxonomy":"p4-page-type","embeddable":true,"href":"https:\/\/www.greenpeace.org\/belgium\/fr\/wp-json\/wp\/v2\/p4-page-type?post=56389"}],"curies":[{"name":"wp","href":"https:\/\/api.w.org\/{rel}","templated":true}]}}