{"id":56599,"date":"2024-03-22T14:02:48","date_gmt":"2024-03-22T13:02:48","guid":{"rendered":"https:\/\/www.greenpeace.org\/belgium\/?p=56599"},"modified":"2024-03-22T14:30:11","modified_gmt":"2024-03-22T13:30:11","slug":"la-presidence-belge-de-lunion-europeenne-et-le-green-deal-ebranles-par-des-manoeuvres-partisanes","status":"publish","type":"post","link":"https:\/\/www.greenpeace.org\/belgium\/fr\/communique-de-presse\/56599\/la-presidence-belge-de-lunion-europeenne-et-le-green-deal-ebranles-par-des-manoeuvres-partisanes\/","title":{"rendered":"La pr\u00e9sidence belge de L&rsquo;Union europ\u00e9enne et le Green Deal \u00e9branl\u00e9s par des manoeuvres partisanes"},"content":{"rendered":"\n<p><strong>La coalition pour la biodiversit\u00e9 tire la sonnette d\u2019alarme. En d\u00e9pit d\u2019un large pl\u00e9biscite populaire, d\u2019un accord n\u00e9goci\u00e9 avec soin en trilogue et d\u2019un vote favorable au Parlement europ\u00e9en, le pouvoir ex\u00e9cutif des \u00c9tats membres pourrait s\u2019opposer \u00e0 l\u2019adoption de la loi sur la restauration de la nature lors du vote au Conseil des ministres du 25 mars 2024. Sans raison valable, le soutien de la Hongrie ne serait en effet plus assur\u00e9, mettant ainsi la loi en p\u00e9ril. Les r\u00e9centes all\u00e9gations concernant les prises de positions partisanes au sein de la Pr\u00e9sidence belge du Conseil sont alarmantes. La Belgique doit prendre \u00e0 c\u0153ur son r\u00f4le de m\u00e9diateur impartial et efficace au sein de l\u2019Union europ\u00e9enne.<\/strong><\/p>\n\n<p>La Belgique, en tant que pays fondateur de l\u2019Union europ\u00e9enne, se trouve actuellement au centre d\u2019une pol\u00e9mique qui remet en question sa r\u00e9putation de m\u00e9diateur impartial au sein de l\u2019UE. Il semblerait en effet que certains partis politiques belges cherchent \u00e0 utiliser la pr\u00e9sidence du Conseil pour ralentir l\u2019agenda environnemental europ\u00e9en et bloquer l\u2019adoption de la&nbsp;<em>Loi sur la restauration de la nature<\/em>. Nous apprenons maintenant que le soutien de la Hongrie pour la loi ne serait plus assur\u00e9, d\u00fb \u00e0 l\u2019ing\u00e9rence de derni\u00e8re minute de Viktor Orb\u00e1n, Premier Ministre hongrois, dans les processus d\u00e9mocratiques. Afin de ne pas \u00eatre co-responsable du potentiel \u00e9chec de la loi, nous appelons la Belgique \u00e0 se dissocier de la position de Viktor Orb\u00e1n en soutenant la loi.&nbsp;<a href=\"https:\/\/wwf.be\/fr\/communiques-de-presse\/82-des-belges-veulent-plus-de-restauration-de-la-nature-mais-nos\">Un sondage r\u00e9alis\u00e9 par le WWF-Belgique<\/a>&nbsp;en f\u00e9vrier 2024 montre d\u2019ailleurs que l\u2019\u00e9crasante majorit\u00e9 de la population belge soutient fortement les mesures de pr\u00e9servation et de restauration de la nature.&nbsp;<\/p>\n\n<p>Si les actions atrribu\u00e9es \u00e0 la Pr\u00e9sidence belge sont fond\u00e9es, celles-ci soul\u00e8vent de s\u00e9rieuses interrogations sur l\u2019engagement de la Belgique envers l\u2019esprit de coalition, la volont\u00e9 des citoyens et les principes fondamentaux des trait\u00e9s europ\u00e9ens.&nbsp; De plus, cela pourrait cr\u00e9er un dangereux pr\u00e9c\u00e9dent de la part de la pr\u00e9sidence du Conseil dans l\u2019adoption des lois europ\u00e9ennes, questionnant ainsi les fondements de la d\u00e9mocratie europ\u00e9enne. En tant que Pr\u00e9sidente en exercice du Conseil de l\u2019Union europ\u00e9enne, la Belgique doit agir avec impartialit\u00e9, en respectant le pouvoir l\u00e9gislatif, en garantissant la continuit\u00e9 de l\u2019agenda europ\u00e9en et en encourageant la coop\u00e9ration entre les \u00c9tats membres.&nbsp;<\/p>\n\n<p>Pour faire face aux d\u00e9fis climatiques et \u00e9cologiques et \u00e0 l\u2019effondrement du vivant, l\u2019Europe et ses citoyens ont besoin de r\u00e8glements ambitieux permettant une transition \u00e9cologique de toute urgence. Le d\u00e9veloppement durable de nos soci\u00e9t\u00e9s passera par la restauration des \u00e9cosyst\u00e8mes. La qualit\u00e9 de vie des citoyens europ\u00e9ens pr\u00e9sents et futurs en d\u00e9pend. Nous demandons \u00e0 la Belgique de soutenir la loi sur la restauration de la nature et, \u00e9tant charg\u00e9e de la Pr\u00e9sidence du Conseil, d\u2019assumer son r\u00f4le de m\u00e9diateur et de mener \u00e0 bien le processus d\u2019adoption de la loi la plus importante pour la nature et le climat que nous ayons vue depuis plusieurs d\u00e9cennies.&nbsp;<\/p>\n\n<p>\u00c0 propos de la Coalition belge pour la biodiversit\u00e9 : La Coalition belge pour la biodiversit\u00e9 est un partenariat entre le WWF, BOS+, Greenpeace, Natagora, Natuurpunt, Canopea et Bond Beter Leefmilieu. La mission de la coalition est d\u2019arr\u00eater et d\u2019inverser la perte de biodiversit\u00e9 en Belgique et dans ses zones d\u2019influence par un plaidoyer commun aupr\u00e8s des d\u00e9cideurs politiques f\u00e9d\u00e9raux et r\u00e9gionaux belges.<\/p>\n\n<figure class=\"wp-block-image\"><img decoding=\"async\" src=\"https:\/\/www.canopea.be\/wp-content\/uploads\/2023\/11\/image.png\" alt=\"\" class=\"wp-image-98528\"\/><\/figure>\n","protected":false},"excerpt":{"rendered":"<p>La coalition pour la biodiversit\u00e9 tire la sonnette d\u2019alarme. En d\u00e9pit d\u2019un large pl\u00e9biscite populaire, d\u2019un accord n\u00e9goci\u00e9 avec soin en trilogue et d\u2019un vote favorable au Parlement europ\u00e9en, <\/p>\n","protected":false},"author":50,"featured_media":56585,"comment_status":"closed","ping_status":"closed","sticky":false,"template":"","format":"standard","meta":{"ep_exclude_from_search":false,"p4_og_title":"La pr\u00e9sidence belge de L'Union europ\u00e9enne et le Green Deal \u00e9branl\u00e9s par des manoeuvres partisanes","p4_og_description":"La coalition pour la biodiversit\u00e9 tire la sonnette d\u2019alarme. En d\u00e9pit d\u2019un large pl\u00e9biscite populaire, d\u2019un accord n\u00e9goci\u00e9 avec soin en trilogue et d\u2019un vote favorable au Parlement europ\u00e9en, le pouvoir ex\u00e9cutif des \u00c9tats membres pourrait s\u2019opposer \u00e0 l\u2019adoption de la loi sur la restauration de la nature lors du vote au Conseil des ministres du 25 mars 2024. ","p4_og_image":"","p4_og_image_id":"","p4_seo_canonical_url":"","p4_campaign_name":"","p4_local_project":"","p4_basket_name":"","p4_department":"","footnotes":""},"categories":[150,171,175,151],"tags":[80],"p4-page-type":[117],"class_list":["post-56599","post","type-post","status-publish","format-standard","has-post-thumbnail","hentry","category-actualites","category-biodiversite","category-forets","category-presse","tag-forets","p4-page-type-communique-de-presse"],"_links":{"self":[{"href":"https:\/\/www.greenpeace.org\/belgium\/fr\/wp-json\/wp\/v2\/posts\/56599","targetHints":{"allow":["GET"]}}],"collection":[{"href":"https:\/\/www.greenpeace.org\/belgium\/fr\/wp-json\/wp\/v2\/posts"}],"about":[{"href":"https:\/\/www.greenpeace.org\/belgium\/fr\/wp-json\/wp\/v2\/types\/post"}],"author":[{"embeddable":true,"href":"https:\/\/www.greenpeace.org\/belgium\/fr\/wp-json\/wp\/v2\/users\/50"}],"replies":[{"embeddable":true,"href":"https:\/\/www.greenpeace.org\/belgium\/fr\/wp-json\/wp\/v2\/comments?post=56599"}],"version-history":[{"count":1,"href":"https:\/\/www.greenpeace.org\/belgium\/fr\/wp-json\/wp\/v2\/posts\/56599\/revisions"}],"predecessor-version":[{"id":56600,"href":"https:\/\/www.greenpeace.org\/belgium\/fr\/wp-json\/wp\/v2\/posts\/56599\/revisions\/56600"}],"wp:featuredmedia":[{"embeddable":true,"href":"https:\/\/www.greenpeace.org\/belgium\/fr\/wp-json\/wp\/v2\/media\/56585"}],"wp:attachment":[{"href":"https:\/\/www.greenpeace.org\/belgium\/fr\/wp-json\/wp\/v2\/media?parent=56599"}],"wp:term":[{"taxonomy":"category","embeddable":true,"href":"https:\/\/www.greenpeace.org\/belgium\/fr\/wp-json\/wp\/v2\/categories?post=56599"},{"taxonomy":"post_tag","embeddable":true,"href":"https:\/\/www.greenpeace.org\/belgium\/fr\/wp-json\/wp\/v2\/tags?post=56599"},{"taxonomy":"p4-page-type","embeddable":true,"href":"https:\/\/www.greenpeace.org\/belgium\/fr\/wp-json\/wp\/v2\/p4-page-type?post=56599"}],"curies":[{"name":"wp","href":"https:\/\/api.w.org\/{rel}","templated":true}]}}