{"id":56924,"date":"2024-04-16T10:17:53","date_gmt":"2024-04-16T09:17:53","guid":{"rendered":"https:\/\/www.greenpeace.org\/belgium\/?p=56924"},"modified":"2025-07-02T08:19:36","modified_gmt":"2025-07-02T07:19:36","slug":"the-farmer-case-premiere-audience-devant-le-tribunal-de-lentreprise-de-tournai","status":"publish","type":"post","link":"https:\/\/www.greenpeace.org\/belgium\/fr\/communique-de-presse\/56924\/the-farmer-case-premiere-audience-devant-le-tribunal-de-lentreprise-de-tournai\/","title":{"rendered":"The Farmer Case: premi\u00e8re audience devant le tribunal de l\u2019entreprise de Tournai"},"content":{"rendered":"\n<p><strong>La premi\u00e8re audience de l\u2019action climatique port\u00e9e par Hugues Falys, un paysan-agriculteur du Hainaut, et 3 ONG (Ligue des droits humains, Greenpeace et FIAN) contre TotalEnergies s\u2019est d\u00e9roul\u00e9e ce 16 avril devant le tribunal de l\u2019entreprise de Tournai. Lors de cette audience, les<\/strong><strong>&nbsp;cinq parties se sont entendues sur un calendrier d\u2019\u00e9changes de conclusions.<\/strong><strong>&nbsp;<\/strong><strong>Selon ce calendrier, les plaidoiries devant le tribunal se d\u00e9rouleront les 19 et 26 novembre 2025.&nbsp;<\/strong><\/p>\n\n<p>La premi\u00e8re audience de ce 16 avril 2024 a permis de fixer les prochaines \u00e9tapes de la proc\u00e9dure de cette nouvelle action climatique.&nbsp;Les \u00e9changes de conclusions des parties se termineront le 15 octobre 2025, les plaidoiries se d\u00e9rouleront les 19 et 26 novembre 2025.&nbsp;\u201c<em>Nous nous attendions \u00e0 une long<\/em><em>ue proc\u00e9dure, elle devrait a priori durer deux ann\u00e9es environ. C\u2019est long. L\u2019urgence climatique et ses effets, eux n\u2019attendent pas. Mais avec ce calendrier, cette action devient enfin tr\u00e8s concr\u00e8te et je suis impatient de pouvoir engager le d\u00e9bat sur les impacts du d\u00e9r\u00e8glement climatique sur ma ferme et sur la responsabilit\u00e9 de TotalEnergies<\/em>\u201d, d\u00e9clare&nbsp;<strong>Hugues Falys<\/strong>, soutenu par trois associations (FIAN, Greenpeace et la LDH).&nbsp;<\/p>\n\n<p><em>\u00ab\u00a0Nous sommes pr\u00eates \u00e0 entrer dans le c\u0153ur de l&rsquo;action et des d\u00e9bats. Nous sommes confiantes que cette proc\u00e9dure permettra de r\u00e9tablir M. Falys dans ses droits et contribuera \u00e0 faire avancer la jurisprudence du contentieux climatique\u00a0\u00bb<\/em>&nbsp;expliquent les avocates du cabinet Progress Lawyers Network, qui repr\u00e9sente les int\u00e9r\u00eats de M. Falys et des trois associations.&nbsp;<\/p>\n\n<p>De leurs c\u00f4t\u00e9s, les associations se disent encourag\u00e9es par la r\u00e9cente d\u00e9cision de la Cour europ\u00e9enne des droits de l&rsquo;homme du 9 avril, qui a condamn\u00e9 la Suisse pour son inaction climatique. Cette d\u00e9cision est juridiquement contraignante, elle s&rsquo;impose \u00e0 toutes les autorit\u00e9s publiques nationales, dont les juges, et devrait faire jurisprudence dans les Etats membres du Conseil de l\u2019Europe.<em>&nbsp;<\/em>FIAN, Greenpeace et la Ligue des droits humains attendent \u00e9galement avec impatience que la Cour d&rsquo;appel de La Haye confirme la d\u00e9cision en premi\u00e8re instance dans l&rsquo;affaire MilieuDefensie vs Shell, alors que les plaidoiries devant la Cour viennent de se cl\u00f4turer ce 12 avril.&nbsp;<em>\u00ab\u00a0L&rsquo;actualit\u00e9 nous montre que le contentieux climatique s&rsquo;enrichit et que la justice peut \u00eatre un moyen efficace pour lutter contre l&rsquo;inaction des Etats et des entreprises face \u00e0 l&rsquo;urgence climatique\u00a0\u00bb<\/em>, d\u00e9clarent les associations.<\/p>\n\n<p><strong>Mettre TotalEnergies face \u00e0 ses responsabilit\u00e9s<\/strong><\/p>\n\n<p>Hugues Falys a assign\u00e9 TotalEnergies le 13 mars dernier pour sa responsabilit\u00e9 dans le d\u00e9r\u00e8glement climatique. Ces derni\u00e8res ann\u00e9es, sa ferme a \u00e9t\u00e9 frapp\u00e9e par plusieurs \u00e9v\u00e9nements climatiques extr\u00eames qui ont entra\u00een\u00e9 des dommages importants : pertes de rendements et inqui\u00e9tudes pour l\u2019avenir. FIAN, qui d\u00e9fend la souverainet\u00e9 alimentaire, Greenpeace et la Ligue des droits humains ont quant \u00e0 elles introduit formellement leur requ\u00eate en intervention le 29 mars 2024. Leur objectif, avec Hugues Falys, est de mettre une des plus grandes multinationales actives dans les \u00e9nergies fossiles face \u00e0 ses responsabilit\u00e9s.&nbsp;<\/p>\n\n<p>TotalEnergies est&nbsp;<a href=\"https:\/\/totalenergies.com\/fr\/en-belgique\" target=\"_blank\" rel=\"noreferrer noopener\">le premier raffineur et distributeur en Belgique<\/a>&nbsp;et&nbsp;<a href=\"https:\/\/www.cell.com\/one-earth\/fulltext\/S2590-3322(23)00198-7\" target=\"_blank\" rel=\"noreferrer noopener\">l\u2019une des 21 entreprises actives dans les \u00e9nergies fossiles<\/a>&nbsp;responsables de plus d\u2019un tiers des \u00e9missions de gaz \u00e0 effet de serre. Avec cette affaire \u00ab\u00a0The Farmer case\u00a0\u00bb, Hugues Falys, FIAN, Greenpeace et la Ligue des droits humains esp\u00e8rent contraindre TotalEnergies \u00e0 adopter un plan de transition cr\u00e9dible. Hugues Falys et les ONG demandent \u00e0 la justice que ce plan comprenne l\u2019arr\u00eat des investissements dans les nouveaux&nbsp; projets d\u2019\u00e9nergies fossiles et une baisse de sa production de gaz et de p\u00e9trole de 75 % d&rsquo;ici 2040. The Farmer Case est soutenu par la Coalition Climat et la F\u00e9d\u00e9ration Internationale pour les droits humains.<\/p>\n","protected":false},"excerpt":{"rendered":"<p>La premi\u00e8re audience de l\u2019action climatique port\u00e9e par Hugues Falys, un paysan-agriculteur du Hainaut, et 3 ONG (Ligue des droits humains, Greenpeace et FIAN) contre TotalEnergies s\u2019est d\u00e9roul\u00e9e ce 16 avril devant le tribunal de l\u2019entreprise de Tournai. Lors de cette audience, les\u00a0cinq parties se sont entendues sur un calendrier d\u2019\u00e9changes de conclusions.\u00a0Selon ce calendrier, les plaidoiries devant le tribunal se d\u00e9rouleront les 19 et 26 novembre 2025.<\/p>\n","protected":false},"author":80,"featured_media":56420,"comment_status":"closed","ping_status":"closed","sticky":false,"template":"","format":"standard","meta":{"ep_exclude_from_search":false,"p4_og_title":"The Farmer Case: premi\u00e8re audience devant le tribunal de l\u2019entreprise de Tournai","p4_og_description":"La premi\u00e8re audience de l\u2019action climatique port\u00e9e par Hugues Falys, un paysan-agriculteur du Hainaut, et 3 ONG (Ligue des droits humains, Greenpeace et FIAN) contre TotalEnergies s\u2019est d\u00e9roul\u00e9e ce 16 avril devant le tribunal de l\u2019entreprise de Tournai. Lors de cette audience, les\u00a0cinq parties se sont entendues sur un calendrier d\u2019\u00e9changes de conclusions.\u00a0Selon ce calendrier, les plaidoiries devant le tribunal se d\u00e9rouleront les 19 et 26 novembre 2025.","p4_og_image":"","p4_og_image_id":"","p4_seo_canonical_url":"","p4_campaign_name":"","p4_local_project":"","p4_basket_name":"","p4_department":"","footnotes":""},"categories":[152,150,170,168,172,181,151],"tags":[70],"p4-page-type":[117],"class_list":["post-56924","post","type-post","status-publish","format-standard","has-post-thumbnail","hentry","category-a-la-une","category-actualites","category-agriculture","category-campagnes","category-energie","category-energies-fossiles","category-presse","tag-energie","p4-page-type-communique-de-presse"],"_links":{"self":[{"href":"https:\/\/www.greenpeace.org\/belgium\/fr\/wp-json\/wp\/v2\/posts\/56924","targetHints":{"allow":["GET"]}}],"collection":[{"href":"https:\/\/www.greenpeace.org\/belgium\/fr\/wp-json\/wp\/v2\/posts"}],"about":[{"href":"https:\/\/www.greenpeace.org\/belgium\/fr\/wp-json\/wp\/v2\/types\/post"}],"author":[{"embeddable":true,"href":"https:\/\/www.greenpeace.org\/belgium\/fr\/wp-json\/wp\/v2\/users\/80"}],"replies":[{"embeddable":true,"href":"https:\/\/www.greenpeace.org\/belgium\/fr\/wp-json\/wp\/v2\/comments?post=56924"}],"version-history":[{"count":4,"href":"https:\/\/www.greenpeace.org\/belgium\/fr\/wp-json\/wp\/v2\/posts\/56924\/revisions"}],"predecessor-version":[{"id":60377,"href":"https:\/\/www.greenpeace.org\/belgium\/fr\/wp-json\/wp\/v2\/posts\/56924\/revisions\/60377"}],"wp:featuredmedia":[{"embeddable":true,"href":"https:\/\/www.greenpeace.org\/belgium\/fr\/wp-json\/wp\/v2\/media\/56420"}],"wp:attachment":[{"href":"https:\/\/www.greenpeace.org\/belgium\/fr\/wp-json\/wp\/v2\/media?parent=56924"}],"wp:term":[{"taxonomy":"category","embeddable":true,"href":"https:\/\/www.greenpeace.org\/belgium\/fr\/wp-json\/wp\/v2\/categories?post=56924"},{"taxonomy":"post_tag","embeddable":true,"href":"https:\/\/www.greenpeace.org\/belgium\/fr\/wp-json\/wp\/v2\/tags?post=56924"},{"taxonomy":"p4-page-type","embeddable":true,"href":"https:\/\/www.greenpeace.org\/belgium\/fr\/wp-json\/wp\/v2\/p4-page-type?post=56924"}],"curies":[{"name":"wp","href":"https:\/\/api.w.org\/{rel}","templated":true}]}}