{"id":57151,"date":"2024-05-21T13:20:43","date_gmt":"2024-05-21T12:20:43","guid":{"rendered":"https:\/\/www.greenpeace.org\/belgium\/?p=57151"},"modified":"2024-05-21T13:36:34","modified_gmt":"2024-05-21T12:36:34","slug":"financement-de-lagroecologie-en-wallonie-le-compte-ny-est-pas","status":"publish","type":"post","link":"https:\/\/www.greenpeace.org\/belgium\/fr\/communique-de-presse\/57151\/financement-de-lagroecologie-en-wallonie-le-compte-ny-est-pas\/","title":{"rendered":"Financement de l\u2019agro\u00e9cologie en Wallonie : le compte n\u2019y est pas !"},"content":{"rendered":"\n<p><strong><a href=\"https:\/\/sytra.be\/fr\/publication\/financementtransitionae\/\" target=\"_blank\" rel=\"noreferrer noopener\">Une \u00e9tude<\/a> men\u00e9e par le\u00a0<\/strong><em><strong>Sytra<\/strong><\/em><strong>\u00a0de l\u2019UCLouvain\u00a0vient de para\u00eetre. Elle analyse pour la premi\u00e8re fois l\u2019ensemble des fonds publics destin\u00e9s aux syst\u00e8mes alimentaires en \u00a0Wallonie. Les conclusions de cette analyse r\u00e9v\u00e8lent un d\u00e9calage entre les d\u00e9clarations politiques favorables \u00e0 l\u2019agro\u00e9cologie et l\u2019investissement r\u00e9el:\u00a0seulement 10% des fonds publics wallons destin\u00e9s aux syst\u00e8mes alimentaires soutiennent effectivement la transition agro\u00e9cologique<\/strong>.<\/p>\n\n<p>Un consortium d\u2019associations, comprenant l\u2019ONG&nbsp;<em>Humundi<\/em>,&nbsp;<em>Oxfam Magasins du Monde<\/em>, l<em>\u2019Union Nationale des Agrobiologistes Belges<\/em>,&nbsp;<em>Canopea<\/em>, le&nbsp;<em>Mouvement d\u2019Action Paysanne<\/em>,&nbsp;<em>Greenpeace<\/em>,&nbsp;<em>Fian<\/em>,&nbsp;<em>Oxfam Belgique<\/em>&nbsp;et&nbsp;<em>Rucola<\/em>, appelle&nbsp;le futur Gouvernement wallon \u00e0 faire du soutien&nbsp;\u00e0 l\u2019agro\u00e9cologie et \u00e0 ses pratiques&nbsp;une priorit\u00e9 transversale aux&nbsp;minist\u00e8res de l\u2019agriculture, de l\u2019environnement et de la sant\u00e9.<\/p>\n\n<p>Face \u00e0 la nouvelle crise du monde agricole et \u00e0 ses r\u00e9ponses politiques jusqu\u2019ici inadapt\u00e9es, il est essentiel d\u2019aider les agriculteurs et agricultrices \u00e0 d\u00e9velopper des solutions r\u00e9ellement syst\u00e9miques pour am\u00e9liorer leur qualit\u00e9 de vie et r\u00e9pondre aux enjeux de climat, de biodiversit\u00e9 et de sant\u00e9.<\/p>\n\n<p>L\u2019agro\u00e9cologie propose de telles solutions. Elle vise \u00e0 faire une agriculture qui s\u2019inspire et travaille avec la nature et qui int\u00e8gre des pratiques telles que l\u2019agriculture biologique. Elle vise de plus \u00e0 favoriser des syst\u00e8mes alimentaires distribuant de mani\u00e8re plus \u00e9quitable l\u2019acc\u00e8s aux ressources et au pouvoir \u00e9conomique et politique. Mais malgr\u00e9 les multiples r\u00e9f\u00e9rences \u00e0 l\u2019agriculture durable et \u00e0 la transition agro\u00e9cologique en Wallonie, le financement de politiques favorables fait largement d\u00e9faut.<\/p>\n\n<h2 class=\"wp-block-heading\"><strong>Pour un financement massif de l\u2019agro\u00e9cologie<\/strong><\/h2>\n\n<p>L\u2019\u00e9tude d\u00e9montre que les financements favorables \u00e0 l\u2019agro\u00e9cologie en Wallonie soit sont tr\u00e8s modestes, soit n\u2019int\u00e8grent l\u2019agro\u00e9cologie que de mani\u00e8re tr\u00e8s superficielle, ce qui ne permet pas d\u2019engager la transformation n\u00e9cessaire. Elle montre \u00e9galement que ce ne sont pas que les mesures environnementales qui font d\u00e9faut mais surtout les dimensions sociales\u00a0de l\u2019agro\u00e9cologie, pourtant fondamentales pour une transition juste et des syst\u00e8mes alimentaires plus \u00e9quitables.\u00a0\u00a0<br><br><em>\u00ab\u00a0Nous demandons \u00e0 la Wallonie d\u2019agir et d\u2019adopter un plan de financement massif pour la transition agro\u00e9cologique des syst\u00e8mes alimentaires wallons, ce qui implique d\u2019arriver au minimum \u00e0 25% de fonds qui soutiennent effectivement l\u2019agro\u00e9cologie durant la prochaine l\u00e9gislature\u00a0\u00bb<\/em>\u00a0, d\u00e9clare\u00a0<strong>Fran\u00e7ois Grenade, responsable de plaidoyer chez\u00a0Humundi<\/strong>.<\/p>\n\n<h2 class=\"wp-block-heading\"><strong>P<\/strong>our un r\u00e9el pilotage de la transition \u00e9cologique<\/h2>\n\n<p>Au-del\u00e0 du manque de financement, l\u2019\u00e9tude d\u00e9montre une dispersion, un manque de vision et un saupoudrage des fonds destin\u00e9s \u00e0 la transition agro\u00e9cologique. Agir sur les syst\u00e8mes alimentaires est pourtant un levier essentiel pour am\u00e9liorer simultan\u00e9ment de nombreux enjeux : pr\u00e9carit\u00e9 des agriculteurs\u00b7trices et des consommateurs\u00b7trices, sant\u00e9 humaine, environnement, \u00e9galit\u00e9 de genres.<br><br><em>\u00ab\u00a0Aujourd\u2019hui en Wallonie, il n\u2019y a pas de pilote de la transition agro\u00e9cologique. Les futurs partis au pouvoir doivent mettre en place une strat\u00e9gie inter-ministrielle de transformation des syst\u00e8mes alimentaires qui implique les ministres de l\u2019agriculture, de l\u2019environnement et de la sant\u00e9\u00a0\u00bb\u00a0<\/em>, souligne <strong>Patrick Veillard,\u00a0charg\u00e9 de recherche et de campagne chez\u00a0Oxfam \u2013 Magasins du Monde<\/strong>.<\/p>\n\n<div class=\"wp-block-buttons is-layout-flex wp-block-buttons-is-layout-flex\">\n<div class=\"wp-block-button\"><a class=\"wp-block-button__link wp-element-button\" href=\"https:\/\/sytra.be\/fr\/publication\/financementtransitionae\/\" target=\"_blank\" rel=\"noreferrer noopener\">Lire l&rsquo;\u00e9tude compl\u00e8te<\/a><\/div>\n<\/div>\n","protected":false},"excerpt":{"rendered":"<p>Une \u00e9tude men\u00e9e par le\u00a0Sytra\u00a0de l\u2019UCLouvain\u00a0vient de para\u00eetre. Elle analyse pour la premi\u00e8re fois l\u2019ensemble des fonds publics destin\u00e9s aux syst\u00e8mes alimentaires en \u00a0Wallonie. Les conclusions de cette analyse r\u00e9v\u00e8lent&hellip;<\/p>\n","protected":false},"author":80,"featured_media":53664,"comment_status":"closed","ping_status":"closed","sticky":false,"template":"","format":"standard","meta":{"ep_exclude_from_search":false,"p4_og_title":"Financement de l\u2019agro\u00e9cologie en Wallonie : le compte n\u2019y est pas !","p4_og_description":"Une \u00e9tude men\u00e9e par le\u00a0Sytra\u00a0de l\u2019UCLouvain\u00a0vient de para\u00eetre. Elle analyse pour la premi\u00e8re fois l\u2019ensemble des fonds publics destin\u00e9s aux syst\u00e8mes alimentaires en \u00a0Wallonie. Les conclusions de cette analyse r\u00e9v\u00e8lent un d\u00e9calage entre les d\u00e9clarations politiques favorables \u00e0 l\u2019agro\u00e9cologie et l\u2019investissement r\u00e9el:\u00a0seulement 10% des fonds publics wallons destin\u00e9s aux syst\u00e8mes alimentaires soutiennent effectivement la transition agro\u00e9cologique.","p4_og_image":"","p4_og_image_id":"","p4_seo_canonical_url":"","p4_campaign_name":"","p4_local_project":"","p4_basket_name":"","p4_department":"","footnotes":""},"categories":[152,170,178,168,151,154],"tags":[85],"p4-page-type":[117],"class_list":["post-57151","post","type-post","status-publish","format-standard","has-post-thumbnail","hentry","category-a-la-une","category-agriculture","category-agriculture-juste","category-campagnes","category-presse","category-rapports","tag-agriculture","p4-page-type-communique-de-presse"],"_links":{"self":[{"href":"https:\/\/www.greenpeace.org\/belgium\/fr\/wp-json\/wp\/v2\/posts\/57151","targetHints":{"allow":["GET"]}}],"collection":[{"href":"https:\/\/www.greenpeace.org\/belgium\/fr\/wp-json\/wp\/v2\/posts"}],"about":[{"href":"https:\/\/www.greenpeace.org\/belgium\/fr\/wp-json\/wp\/v2\/types\/post"}],"author":[{"embeddable":true,"href":"https:\/\/www.greenpeace.org\/belgium\/fr\/wp-json\/wp\/v2\/users\/80"}],"replies":[{"embeddable":true,"href":"https:\/\/www.greenpeace.org\/belgium\/fr\/wp-json\/wp\/v2\/comments?post=57151"}],"version-history":[{"count":5,"href":"https:\/\/www.greenpeace.org\/belgium\/fr\/wp-json\/wp\/v2\/posts\/57151\/revisions"}],"predecessor-version":[{"id":57162,"href":"https:\/\/www.greenpeace.org\/belgium\/fr\/wp-json\/wp\/v2\/posts\/57151\/revisions\/57162"}],"wp:featuredmedia":[{"embeddable":true,"href":"https:\/\/www.greenpeace.org\/belgium\/fr\/wp-json\/wp\/v2\/media\/53664"}],"wp:attachment":[{"href":"https:\/\/www.greenpeace.org\/belgium\/fr\/wp-json\/wp\/v2\/media?parent=57151"}],"wp:term":[{"taxonomy":"category","embeddable":true,"href":"https:\/\/www.greenpeace.org\/belgium\/fr\/wp-json\/wp\/v2\/categories?post=57151"},{"taxonomy":"post_tag","embeddable":true,"href":"https:\/\/www.greenpeace.org\/belgium\/fr\/wp-json\/wp\/v2\/tags?post=57151"},{"taxonomy":"p4-page-type","embeddable":true,"href":"https:\/\/www.greenpeace.org\/belgium\/fr\/wp-json\/wp\/v2\/p4-page-type?post=57151"}],"curies":[{"name":"wp","href":"https:\/\/api.w.org\/{rel}","templated":true}]}}