{"id":57274,"date":"2024-03-01T09:10:23","date_gmt":"2024-03-01T08:10:23","guid":{"rendered":"https:\/\/www.greenpeace.org\/belgium\/?p=57274"},"modified":"2024-05-23T09:20:38","modified_gmt":"2024-05-23T08:20:38","slug":"notre-impact-en-2023","status":"publish","type":"post","link":"https:\/\/www.greenpeace.org\/belgium\/fr\/rapport\/57274\/notre-impact-en-2023\/","title":{"rendered":"Notre impact en 2023"},"content":{"rendered":"\n<div class=\"wp-block-buttons is-layout-flex wp-block-buttons-is-layout-flex\">\n<div class=\"wp-block-button is-style-cta\"><a class=\"wp-block-button__link wp-element-button\" href=\"https:\/\/www.greenpeace.org\/static\/planet4-belgium-stateless\/2024\/03\/ac604c36-12-000-fr-tc.pdf\" target=\"_blank\" rel=\"noreferrer noopener\">T\u00e9l\u00e9charger le rapport<\/a><\/div>\n<\/div>\n\n<p>Dans ce rapport d&rsquo;impact, vous pourrez en savoir plus, notamment sur :<\/p>\n\n<ul class=\"wp-block-list\">\n<li>le trait\u00e9 mondial sur les oc\u00e9ans, une \u00e9tape historique et importante vers une meilleure protection de la vie marine<\/li>\n\n\n\n<li>notre combat pour un acc\u00e8s \u00e0 une alimentation durable et de qualit\u00e9<\/li>\n\n\n\n<li>notre campagne pour l&rsquo;obtention d&rsquo;une loi europ\u00e9enne sur la restauration de la nature<\/li>\n\n\n\n<li>la victoire juridique dans le cadre de l\u2019Affaire Climat qui oblige nos autorit\u00e9s \u00e0 diminuer plus rapidement les \u00e9missions de gaz \u00e0 effet de serre<\/li>\n<\/ul>\n\n<figure class=\"wp-block-image size-full is-resized\"><img loading=\"lazy\" decoding=\"async\" width=\"514\" height=\"724\" src=\"https:\/\/www.greenpeace.org\/static\/planet4-belgium-stateless\/2024\/05\/14017fb3-screenshot2024-03-15150114.png\" alt=\"\" class=\"wp-image-57277\" style=\"width:353px;height:auto\" srcset=\"https:\/\/www.greenpeace.org\/static\/planet4-belgium-stateless\/2024\/05\/14017fb3-screenshot2024-03-15150114.png 514w, https:\/\/www.greenpeace.org\/static\/planet4-belgium-stateless\/2024\/05\/14017fb3-screenshot2024-03-15150114-213x300.png 213w, https:\/\/www.greenpeace.org\/static\/planet4-belgium-stateless\/2024\/05\/14017fb3-screenshot2024-03-15150114-241x340.png 241w\" sizes=\"auto, (max-width: 514px) 100vw, 514px\" \/><\/figure>\n","protected":false},"excerpt":{"rendered":"<p>Ce rapport d&rsquo;impact d\u00e9voile nos avanc\u00e9es majeures en 2023 : un trait\u00e9 historique pour prot\u00e9ger les oc\u00e9ans, notre lutte pour une alimentation durable, une campagne pour restaurer la nature en Europe, et une victoire juridique pour acc\u00e9l\u00e9rer la r\u00e9duction des \u00e9missions de gaz \u00e0 effet de serre.<\/p>\n","protected":false},"author":105,"featured_media":56530,"comment_status":"closed","ping_status":"closed","sticky":false,"template":"","format":"standard","meta":{"ep_exclude_from_search":false,"p4_og_title":"","p4_og_description":"","p4_og_image":"","p4_og_image_id":"","p4_seo_canonical_url":"","p4_campaign_name":"not set","p4_local_project":"not set","p4_basket_name":"not set","p4_department":"","footnotes":""},"categories":[154],"tags":[],"p4-page-type":[119],"class_list":["post-57274","post","type-post","status-publish","format-standard","has-post-thumbnail","hentry","category-rapports","p4-page-type-rapport"],"_links":{"self":[{"href":"https:\/\/www.greenpeace.org\/belgium\/fr\/wp-json\/wp\/v2\/posts\/57274","targetHints":{"allow":["GET"]}}],"collection":[{"href":"https:\/\/www.greenpeace.org\/belgium\/fr\/wp-json\/wp\/v2\/posts"}],"about":[{"href":"https:\/\/www.greenpeace.org\/belgium\/fr\/wp-json\/wp\/v2\/types\/post"}],"author":[{"embeddable":true,"href":"https:\/\/www.greenpeace.org\/belgium\/fr\/wp-json\/wp\/v2\/users\/105"}],"replies":[{"embeddable":true,"href":"https:\/\/www.greenpeace.org\/belgium\/fr\/wp-json\/wp\/v2\/comments?post=57274"}],"version-history":[{"count":2,"href":"https:\/\/www.greenpeace.org\/belgium\/fr\/wp-json\/wp\/v2\/posts\/57274\/revisions"}],"predecessor-version":[{"id":57279,"href":"https:\/\/www.greenpeace.org\/belgium\/fr\/wp-json\/wp\/v2\/posts\/57274\/revisions\/57279"}],"wp:featuredmedia":[{"embeddable":true,"href":"https:\/\/www.greenpeace.org\/belgium\/fr\/wp-json\/wp\/v2\/media\/56530"}],"wp:attachment":[{"href":"https:\/\/www.greenpeace.org\/belgium\/fr\/wp-json\/wp\/v2\/media?parent=57274"}],"wp:term":[{"taxonomy":"category","embeddable":true,"href":"https:\/\/www.greenpeace.org\/belgium\/fr\/wp-json\/wp\/v2\/categories?post=57274"},{"taxonomy":"post_tag","embeddable":true,"href":"https:\/\/www.greenpeace.org\/belgium\/fr\/wp-json\/wp\/v2\/tags?post=57274"},{"taxonomy":"p4-page-type","embeddable":true,"href":"https:\/\/www.greenpeace.org\/belgium\/fr\/wp-json\/wp\/v2\/p4-page-type?post=57274"}],"curies":[{"name":"wp","href":"https:\/\/api.w.org\/{rel}","templated":true}]}}