{"id":5744,"date":"2019-07-01T16:19:26","date_gmt":"2019-07-01T14:19:26","guid":{"rendered":"https:\/\/www.greenpeace.org\/belgium\/?p=5744"},"modified":"2021-12-01T14:15:45","modified_gmt":"2021-12-01T13:15:45","slug":"lost-city-ou-les-profondeurs-meconnues-de-latlantique","status":"publish","type":"post","link":"https:\/\/www.greenpeace.org\/belgium\/fr\/actualites-blog\/5744\/lost-city-ou-les-profondeurs-meconnues-de-latlantique\/","title":{"rendered":"Lost City ou les profondeurs m\u00e9connues de l\u2019Atlantique"},"content":{"rendered":"<p><b>En avril dernier, l\u2019Esperanza, l\u2019un des 3 bateaux de Greenpeace, a lev\u00e9 l\u2019ancre pour un <\/b><a href=\"https:\/\/www.greenpeace.org\/belgium\/fr\/blog\/5394\/expedition-embarquez-avec-nous-sur-lesperanza-et-suivez-notre-periple-du-pole-nord-au-pole-sud\/\"><b>voyage de 10 mois du p\u00f4le Nord au p\u00f4le Sud<\/b><\/a><b>. Notre navire fait escale dans de nombreuses r\u00e9gions marines qui doivent \u00eatre prot\u00e9g\u00e9es d\u2019urgence. Aujourd\u2019hui, il arrive \u00e0 \u00ab Lost City \u00bb. D\u00e9j\u00e0, des menaces p\u00e8sent sur cette r\u00e9gion encore fort m\u00e9connue, peupl\u00e9e de cr\u00e9atures extraordinaires. Il n\u2019est pas trop tard pour r\u00e9agir, aidez-nous !\u00a0<\/b><!--more--><\/p>\n<p><strong>\u00ab Lost City \u00bb<\/strong>, situ\u00e9e dans les <strong>profondeurs de l\u2019oc\u00e9an Atlantique<\/strong>, est peupl\u00e9e de cr\u00e9atures marines que l\u2019on ne trouve nulle part ailleurs. Cette zone, o\u00f9 il fait nuit tout le temps, abrite aussi des tours et chemin\u00e9es naturelles qui peut-\u00eatre, rec\u00e8lent des indices sur les origines de la vie sur terre. Cet endroit est r\u00e9ellement fascinant !<\/p>\n<p><img loading=\"lazy\" decoding=\"async\" class=\"alignnone wp-image-5745 size-full\" src=\"https:\/\/www.greenpeace.org\/static\/planet4-belgium-stateless\/2019\/07\/84ea10ee-lost_city_2.jpg\" alt=\"\" width=\"999\" height=\"663\" srcset=\"https:\/\/www.greenpeace.org\/static\/planet4-belgium-stateless\/2019\/07\/84ea10ee-lost_city_2.jpg 999w, https:\/\/www.greenpeace.org\/static\/planet4-belgium-stateless\/2019\/07\/84ea10ee-lost_city_2-300x199.jpg 300w, https:\/\/www.greenpeace.org\/static\/planet4-belgium-stateless\/2019\/07\/84ea10ee-lost_city_2-768x510.jpg 768w, https:\/\/www.greenpeace.org\/static\/planet4-belgium-stateless\/2019\/07\/84ea10ee-lost_city_2-510x338.jpg 510w\" sizes=\"auto, (max-width: 999px) 100vw, 999px\" \/><\/p>\n<h3>Attention, danger !<\/h3>\n<p>Avant m\u00eame que les scientifiques n\u2019aient v\u00e9ritablement eu la chance d\u2019explorer les lieux, l\u2019endroit a attir\u00e9 une nouvelle et dangereuse industrie mini\u00e8re, dont l\u2019objectif premier est d\u2019extraire de pr\u00e9cieux min\u00e9raux et m\u00e9taux des eaux profondes. Des autorisations ont d\u00e9j\u00e0 \u00e9t\u00e9 accord\u00e9es pour explorer ces richesses.<\/p>\n<p>Le d\u00e9marrage des op\u00e9rations aurait des effets dramatiques. Ce <strong>monde sous-marin unique<\/strong> sera an\u00e9anti, mena\u00e7ant par la m\u00eame occasion les r\u00e9cifs coralliens et bien d\u2019autres esp\u00e8ces. Cela aurait aussi un effet n\u00e9gatif sur le changement climatique.<\/p>\n<p><img loading=\"lazy\" decoding=\"async\" class=\"alignnone wp-image-5747 size-full\" src=\"https:\/\/www.greenpeace.org\/static\/planet4-belgium-stateless\/2019\/07\/4e64e760-lost_city_1.jpg\" alt=\"\" width=\"999\" height=\"663\" srcset=\"https:\/\/www.greenpeace.org\/static\/planet4-belgium-stateless\/2019\/07\/4e64e760-lost_city_1.jpg 999w, https:\/\/www.greenpeace.org\/static\/planet4-belgium-stateless\/2019\/07\/4e64e760-lost_city_1-300x199.jpg 300w, https:\/\/www.greenpeace.org\/static\/planet4-belgium-stateless\/2019\/07\/4e64e760-lost_city_1-768x510.jpg 768w, https:\/\/www.greenpeace.org\/static\/planet4-belgium-stateless\/2019\/07\/4e64e760-lost_city_1-510x338.jpg 510w\" sizes=\"auto, (max-width: 999px) 100vw, 999px\" \/><\/p>\n<h3>Il n\u2019est pas trop tard pour arr\u00eater cette destruction<\/h3>\n<p>Les gouvernements vont prochainement se r\u00e9unir aux Nations Unies pour discuter d\u2019un trait\u00e9 international sur la protection des oc\u00e9ans. Ce trait\u00e9 devrait constituer une base solide pour placer des parties vuln\u00e9rables de nos oc\u00e9ans hors de port\u00e9e des industries destructrices et favoriser leur protection plut\u00f4t que leur exploitation. Concr\u00e8tement, <a href=\"https:\/\/act.greenpeace.org\/page\/41085\/petition\/1?locale=fr-BE&amp;_ga=2.128058572.1709039976.1561619785-1714113571.1559638136\">Greenpeace demande la cr\u00e9ation d\u2019un r\u00e9seau de r\u00e9serves marines couvrant au moins 30 % de nos oc\u00e9ans d\u2019ici 2030<\/a>. Cela permettrait de prot\u00e9ger <strong>\u201cLost City\u201d<\/strong> mais aussi les nombreuses autres r\u00e9gions menac\u00e9es par l\u2019industrie mini\u00e8re, la surp\u00eache\u2026<\/p>\n<p><img loading=\"lazy\" decoding=\"async\" class=\"alignnone wp-image-5749 size-full\" src=\"https:\/\/www.greenpeace.org\/static\/planet4-belgium-stateless\/2019\/07\/faefe5bc-lost_city_3.jpg\" alt=\"\" width=\"999\" height=\"663\" srcset=\"https:\/\/www.greenpeace.org\/static\/planet4-belgium-stateless\/2019\/07\/faefe5bc-lost_city_3.jpg 999w, https:\/\/www.greenpeace.org\/static\/planet4-belgium-stateless\/2019\/07\/faefe5bc-lost_city_3-300x199.jpg 300w, https:\/\/www.greenpeace.org\/static\/planet4-belgium-stateless\/2019\/07\/faefe5bc-lost_city_3-768x510.jpg 768w, https:\/\/www.greenpeace.org\/static\/planet4-belgium-stateless\/2019\/07\/faefe5bc-lost_city_3-510x338.jpg 510w\" sizes=\"auto, (max-width: 999px) 100vw, 999px\" \/><\/p>\n<h3>Signez notre p\u00e9tition<\/h3>\n<p>Vous souhaitez participer \u00e0 notre campagne pour prot\u00e9ger au moins 30 % des oc\u00e9ans d&rsquo;ici 2030 ? Signez notre p\u00e9tition ! Plus de 828 000 personnes \u00e0 travers le monde l\u2019ont d\u00e9j\u00e0 fait. Prochain objectif : atteindre 1 million de signatures car plus nous serons nombreux, plus notre demande a des chances d\u2019aboutir.<\/p>\n<p><a class=\"cta-blog-button\" href=\"https:\/\/act.greenpeace.org\/page\/41085\/petition\/1?locale=fr-BE\" target=\"_blank\" rel=\"noopener noreferrer\">Signez notre p\u00e9tition<\/a><\/p>\n<div class=\"EmptyMessage\">Block content is empty. Check the block&rsquo;s settings or remove it.<\/div>","protected":false},"excerpt":{"rendered":"<p>En avril dernier, l\u2019Esperanza, l\u2019un des 3 bateaux de Greenpeace, a lev\u00e9 l\u2019ancre pour un voyage de 10 mois du p\u00f4le Nord au p\u00f4le Sud. Notre navire fait escale dans&hellip;<\/p>\n","protected":false},"author":49,"featured_media":5751,"comment_status":"closed","ping_status":"closed","sticky":false,"template":"","format":"standard","meta":{"ep_exclude_from_search":false,"p4_og_title":"Connaissez-vous \u201cLost City\u201d ?","p4_og_description":"Situ\u00e9e dans les profondeurs de l\u2019Atlantique, Lost City est peupl\u00e9e de cr\u00e9atures extraordinaires. M\u00e9connue, cette zone est menac\u00e9e par l\u2019industrie mini\u00e8re. Agissons !","p4_og_image":"","p4_og_image_id":"","p4_seo_canonical_url":"","p4_campaign_name":"","p4_local_project":"","p4_basket_name":"","p4_department":"","footnotes":""},"categories":[105],"tags":[82],"p4-page-type":[116],"class_list":["post-5744","post","type-post","status-publish","format-standard","has-post-thumbnail","hentry","category-preserver-la-beaute-de-notre-planete","tag-oceans","p4-page-type-actualites-blog"],"_links":{"self":[{"href":"https:\/\/www.greenpeace.org\/belgium\/fr\/wp-json\/wp\/v2\/posts\/5744","targetHints":{"allow":["GET"]}}],"collection":[{"href":"https:\/\/www.greenpeace.org\/belgium\/fr\/wp-json\/wp\/v2\/posts"}],"about":[{"href":"https:\/\/www.greenpeace.org\/belgium\/fr\/wp-json\/wp\/v2\/types\/post"}],"author":[{"embeddable":true,"href":"https:\/\/www.greenpeace.org\/belgium\/fr\/wp-json\/wp\/v2\/users\/49"}],"replies":[{"embeddable":true,"href":"https:\/\/www.greenpeace.org\/belgium\/fr\/wp-json\/wp\/v2\/comments?post=5744"}],"version-history":[{"count":3,"href":"https:\/\/www.greenpeace.org\/belgium\/fr\/wp-json\/wp\/v2\/posts\/5744\/revisions"}],"predecessor-version":[{"id":25509,"href":"https:\/\/www.greenpeace.org\/belgium\/fr\/wp-json\/wp\/v2\/posts\/5744\/revisions\/25509"}],"wp:featuredmedia":[{"embeddable":true,"href":"https:\/\/www.greenpeace.org\/belgium\/fr\/wp-json\/wp\/v2\/media\/5751"}],"wp:attachment":[{"href":"https:\/\/www.greenpeace.org\/belgium\/fr\/wp-json\/wp\/v2\/media?parent=5744"}],"wp:term":[{"taxonomy":"category","embeddable":true,"href":"https:\/\/www.greenpeace.org\/belgium\/fr\/wp-json\/wp\/v2\/categories?post=5744"},{"taxonomy":"post_tag","embeddable":true,"href":"https:\/\/www.greenpeace.org\/belgium\/fr\/wp-json\/wp\/v2\/tags?post=5744"},{"taxonomy":"p4-page-type","embeddable":true,"href":"https:\/\/www.greenpeace.org\/belgium\/fr\/wp-json\/wp\/v2\/p4-page-type?post=5744"}],"curies":[{"name":"wp","href":"https:\/\/api.w.org\/{rel}","templated":true}]}}