{"id":57570,"date":"2024-06-03T11:12:15","date_gmt":"2024-06-03T10:12:15","guid":{"rendered":"https:\/\/www.greenpeace.org\/belgium\/?p=57570"},"modified":"2024-06-03T14:20:58","modified_gmt":"2024-06-03T13:20:58","slug":"elections-2024-largent-public-pour-les-gens-pas-pour-les-pollueurs","status":"publish","type":"post","link":"https:\/\/www.greenpeace.org\/belgium\/fr\/actualites-blog\/57570\/elections-2024-largent-public-pour-les-gens-pas-pour-les-pollueurs\/","title":{"rendered":"Elections 2024 : l&rsquo;argent public pour les gens, pas pour les pollueurs"},"content":{"rendered":"\n<p><strong><strong>Le dimanche 9 juin est un moment important pour exprimer nos choix quant \u00e0 l\u2019avenir. C&rsquo;est aussi l&rsquo;occasion pour nos responsables politiques de faire mieux. Actuellement, plus de 4,4 milliards d&rsquo;euros r\u00e9colt\u00e9s gr\u00e2ce \u00e0 nos imp\u00f4ts sont vers\u00e9s chaque ann\u00e9e aux grandes entreprises polluantes. Nous appelons les futurs gouvernements \u00e0 investir cet argent dans ce qui est vraiment n\u00e9cessaire : une transition climatique juste.<\/strong><\/strong><\/p>\n\n<figure class=\"wp-block-image size-large\"><img loading=\"lazy\" decoding=\"async\" width=\"1024\" height=\"683\" src=\"https:\/\/www.greenpeace.org\/static\/planet4-belgium-stateless\/2024\/06\/8804f70c-greenpeace_actiewetstraat_lowres_04_so107924_kristofvadino-1024x683.jpg\" alt=\"\" class=\"wp-image-57597\" srcset=\"https:\/\/www.greenpeace.org\/static\/planet4-belgium-stateless\/2024\/06\/8804f70c-greenpeace_actiewetstraat_lowres_04_so107924_kristofvadino-1024x683.jpg 1024w, https:\/\/www.greenpeace.org\/static\/planet4-belgium-stateless\/2024\/06\/8804f70c-greenpeace_actiewetstraat_lowres_04_so107924_kristofvadino-300x200.jpg 300w, https:\/\/www.greenpeace.org\/static\/planet4-belgium-stateless\/2024\/06\/8804f70c-greenpeace_actiewetstraat_lowres_04_so107924_kristofvadino-768x512.jpg 768w, https:\/\/www.greenpeace.org\/static\/planet4-belgium-stateless\/2024\/06\/8804f70c-greenpeace_actiewetstraat_lowres_04_so107924_kristofvadino-510x340.jpg 510w, https:\/\/www.greenpeace.org\/static\/planet4-belgium-stateless\/2024\/06\/8804f70c-greenpeace_actiewetstraat_lowres_04_so107924_kristofvadino.jpg 1500w\" sizes=\"auto, (max-width: 1024px) 100vw, 1024px\" \/><figcaption class=\"wp-element-caption\">Des activistes de Greenpeace, d\u00e9guis\u00e9\u00b7es en Robin des Bois et ses comparses, ont interpell\u00e9 nos responsables politiques pour qu\u2019ils cessent d\u2019offrir des milliards d\u2019argent public aux entreprises les plus polluantes de notre pays. Cette action symbolique s\u2019est d\u00e9roul\u00e9e le 17 mai lors du dernier conseil des Ministres de cette l\u00e9gislature, au 16 rue de la Loi \u00e0 Bruxelles. \u00a9 Greenpeace\/Kristof Vadino<div class=\"credit icon-left\"> \u00a9 Greenpeace \/Kristof Vadino<\/div><\/figcaption><\/figure>\n\n<p>Arr\u00eats de bus supprim\u00e9s, espaces verts r\u00e9duits, logements insalubres et \u00e9nergivores, &#8230; Nous m\u00e9ritons tou\u00b7tes mieux que cela. C&rsquo;est pourquoi une coalition d&rsquo;organisations du mouvement environnemental (dont Greenpeace, Bond Beter Leefmilieu et Canopea) a lanc\u00e9 la campagne <strong><a href=\"https:\/\/jemeriteplus.be\/\" data-type=\"link\" data-id=\"https:\/\/jemeriteplus.be\/\" target=\"_blank\" rel=\"noreferrer noopener\">\u00ab Je m\u00e9rite plus \u00bb<\/a><\/strong>. Nous avons soumis des t\u00e9moignages de citoyen\u00b7nes aux partis politiques et nous les avons aussi diffus\u00e9s dans des lieux publics \u00e0 Bruxelles.<\/p>\n\n<div style=\"height:20px\" aria-hidden=\"true\" class=\"wp-block-spacer\"><\/div>\n\n<figure class=\"wp-block-image size-large\"><img loading=\"lazy\" decoding=\"async\" width=\"1024\" height=\"684\" src=\"https:\/\/www.greenpeace.org\/static\/planet4-belgium-stateless\/2024\/06\/53ca474d-edm_25032024_greenpeace-ik-verdien-meer_0321-1024x684.jpg\" alt=\"\" class=\"wp-image-57576\" srcset=\"https:\/\/www.greenpeace.org\/static\/planet4-belgium-stateless\/2024\/06\/53ca474d-edm_25032024_greenpeace-ik-verdien-meer_0321-1024x684.jpg 1024w, https:\/\/www.greenpeace.org\/static\/planet4-belgium-stateless\/2024\/06\/53ca474d-edm_25032024_greenpeace-ik-verdien-meer_0321-300x200.jpg 300w, https:\/\/www.greenpeace.org\/static\/planet4-belgium-stateless\/2024\/06\/53ca474d-edm_25032024_greenpeace-ik-verdien-meer_0321-768x513.jpg 768w, https:\/\/www.greenpeace.org\/static\/planet4-belgium-stateless\/2024\/06\/53ca474d-edm_25032024_greenpeace-ik-verdien-meer_0321-1536x1026.jpg 1536w, https:\/\/www.greenpeace.org\/static\/planet4-belgium-stateless\/2024\/06\/53ca474d-edm_25032024_greenpeace-ik-verdien-meer_0321-2048x1368.jpg 2048w, https:\/\/www.greenpeace.org\/static\/planet4-belgium-stateless\/2024\/06\/53ca474d-edm_25032024_greenpeace-ik-verdien-meer_0321-2045x1366.jpg 2045w, https:\/\/www.greenpeace.org\/static\/planet4-belgium-stateless\/2024\/06\/53ca474d-edm_25032024_greenpeace-ik-verdien-meer_0321-510x340.jpg 510w\" sizes=\"auto, (max-width: 1024px) 100vw, 1024px\" \/><figcaption class=\"wp-element-caption\">Le 25 mars, Greenpeace a rendu visite \u00e0 tous les si\u00e8ges des partis politiques belges pour y projeter des t\u00e9moignages de citoyen\u00b7nes. Nous avons ainsi fait entendre au monde politique les pr\u00e9occupations citoyennes li\u00e9es au transport public, \u00e0 des logements mieux isol\u00e9s, \u00e0 une alimentation saine accessible et \u00e0 l\u2019acc\u00e8s \u00e0 la nature. <strong>\u00a9<\/strong> Greenpeace\/Eric de Mildt<div class=\"credit icon-left\"> \u00a9 Greenpeace\/Eric de Mildt<\/div><\/figcaption><\/figure>\n\n<p><a href=\"https:\/\/youtu.be\/G5FhbRt3iXA\" data-type=\"link\" data-id=\"https:\/\/youtu.be\/G5FhbRt3iXA\" target=\"_blank\" rel=\"noreferrer noopener\">Le t\u00e9moignage de Maria<\/a> : \u201c<em>Le plan air-climat en Wallonie impose un certain niveau de PEB pour son logement \u00e0 certaines \u00e9ch\u00e9ances qui arriveront vite. Suite aux inondations en 2021, on a d\u00fb reconstruire \u00e0 l\u2019identique. Nous n\u2019avons pas re\u00e7u les moyens suffisants pour reconstruire en mieux avec une meilleure isolation. Si le politique l\u2019avait d\u00e9cid\u00e9, on aurait pu faire un bond en avant ph\u00e9nom\u00e9nal<\/em>.\u201d<\/p>\n\n<p><a href=\"https:\/\/youtu.be\/3oObR96hbV4\" data-type=\"link\" data-id=\"https:\/\/youtu.be\/3oObR96hbV4\" target=\"_blank\" rel=\"noreferrer noopener\">Le t\u00e9moignage de Genevi\u00e8ve<\/a> : \u201c<em>J\u2019ai 500 euros par mois pour manger donc forc\u00e9ment, ce n\u2019est pas assez. J&rsquo;aimerais aussi manger de bonnes choses comme des produits locaux qui ne sont accessibles qu\u2019\u00e0 une partie de la population car les prix sont chers.\u201d<\/em><\/p>\n\n<p>Le but de ces t\u00e9moignages ? R\u00e9veiller nos futur\u00b7es ministres pour qu&rsquo;ils\u00b7elles fassent mieux.<\/p>\n\n<figure class=\"wp-block-embed is-type-video is-provider-youtube wp-block-embed-youtube wp-embed-aspect-16-9 wp-has-aspect-ratio\"><div class=\"wp-block-embed__wrapper\">\n<iframe loading=\"lazy\" title=\"Elections 2024: Nous m\u00e9ritons toutes et tous des gouvernements qui se soucient de notre avenir !\" width=\"500\" height=\"281\" src=\"https:\/\/www.youtube.com\/embed\/-58StQkdQrc?feature=oembed\" frameborder=\"0\" allow=\"accelerometer; autoplay; clipboard-write; encrypted-media; gyroscope; picture-in-picture; web-share\" referrerpolicy=\"strict-origin-when-cross-origin\" allowfullscreen><\/iframe>\n<\/div><\/figure>\n\n<h2 class=\"wp-block-heading\"><strong>Pay\u00e9s pour polluer<\/strong><\/h2>\n\n<p>Selon les responsables politiques, il n&rsquo;y a pas assez d&rsquo;argent pour r\u00e9pondre aux pr\u00e9occupations de la population. C&rsquo;est pourquoi l&rsquo;argument de la \u00ab faisabilit\u00e9 et de finan\u00e7abilit\u00e9 \u00bb est r\u00e9guli\u00e8rement invoqu\u00e9. Or, les recherches men\u00e9es par Greenpeace d\u00e9montrent le contraire. Des milliards d\u2019euros issus des imp\u00f4ts du contribuable vont chaque ann\u00e9e aux entreprises les plus polluantes.<\/p>\n\n<p>\u201c<em>Dans notre nouveau rapport intitul\u00e9 <\/em><a href=\"https:\/\/www.greenpeace.org\/static\/planet4-belgium-stateless\/2024\/05\/b6f28de2-greenpeace-rapport-payes-pour-polluer.pdf\" target=\"_blank\" rel=\"noreferrer noopener\"><em>\u00ab Pay\u00e9s pour polluer \u00bb<\/em><\/a><em>, nous dressons la liste des diff\u00e9rents flux d&rsquo;argent public vers les entreprises les plus polluantes de notre pays. Nous avons ainsi \u00e9tudi\u00e9 les droits d&rsquo;\u00e9mission gratuits, les compensations, les exemptions et les r\u00e9ductions dont b\u00e9n\u00e9ficient les industries polluantes<\/em> \u201d, d\u00e9clare Nadia Cornejo, porte-parole de Greenpeace Belgique.<\/p>\n\n<p>Conclusion du rapport : <strong>plus de 4,4 milliards d&rsquo;euros de nos imp\u00f4ts sont vers\u00e9s chaque ann\u00e9e aux industries polluantes<\/strong>. Alors que leurs \u00e9missions de CO<sub>2<\/sub> diminuent \u00e0 peine. Nos gouvernements choisissent donc de payer les pollueurs. Ce n&rsquo;est pas normal.<\/p>\n\n<div class=\"wp-block-buttons is-layout-flex wp-block-buttons-is-layout-flex\">\n<div class=\"wp-block-button\"><a class=\"wp-block-button__link wp-element-button\" href=\"https:\/\/www.greenpeace.org\/static\/planet4-belgium-stateless\/2024\/05\/b6f28de2-greenpeace-rapport-payes-pour-polluer.pdf\">Lire le rapport complet<\/a><\/div>\n<\/div>\n\n<div style=\"height:20px\" aria-hidden=\"true\" class=\"wp-block-spacer\"><\/div>\n\n<h2 class=\"wp-block-heading\"><strong><strong>Robin des Bois en action <\/strong><\/strong><\/h2>\n\n<p>Ces cadeaux financiers offerts aux pollueurs ne sont pas pass\u00e9s inaper\u00e7us chez Greenpeace. C&rsquo;est pourquoi, avec Robin des Bois, nous avons rapport\u00e9 symboliquement au gouvernement l&rsquo;argent de nos imp\u00f4ts que les pollueurs re\u00e7oivent. Notre message \u00e9tait clair : l&rsquo;argent public pour les gens, pas pour les pollueurs.<\/p>\n<div data-hydrate=\"planet4-blocks\/gallery\" data-attributes=\"{&quot;attributes&quot;:{&quot;multiple_image&quot;:&quot;57588,57591,57593,57595,57597&quot;,&quot;image_data&quot;:[{&quot;url&quot;:&quot;https:\\\/\\\/www.greenpeace.org\\\/static\\\/planet4-belgium-stateless\\\/2024\\\/06\\\/88074c2d-greenpeace_actiewetstraat_lowres_07_so107976_kristofvadino.jpg&quot;,&quot;focalPoint&quot;:{&quot;x&quot;:0.5,&quot;y&quot;:0.5},&quot;id&quot;:57588},{&quot;url&quot;:&quot;https:\\\/\\\/www.greenpeace.org\\\/static\\\/planet4-belgium-stateless\\\/2024\\\/06\\\/a3f9b3f9-greenpeace_actiewetstraat_lowres_23_so108177_kristofvadino.jpg&quot;,&quot;focalPoint&quot;:{&quot;x&quot;:0.5,&quot;y&quot;:0.5},&quot;id&quot;:57591},{&quot;url&quot;:&quot;https:\\\/\\\/www.greenpeace.org\\\/static\\\/planet4-belgium-stateless\\\/2024\\\/06\\\/0e4613bd-greenpeace_actiewetstraat_lowres_28_so108199_kristofvadino.jpg&quot;,&quot;focalPoint&quot;:{&quot;x&quot;:0.5,&quot;y&quot;:0.5},&quot;id&quot;:57593},{&quot;url&quot;:&quot;https:\\\/\\\/www.greenpeace.org\\\/static\\\/planet4-belgium-stateless\\\/2024\\\/06\\\/bea886e2-img_2598.jpg&quot;,&quot;focalPoint&quot;:{&quot;x&quot;:0.5,&quot;y&quot;:0.5},&quot;id&quot;:57595},{&quot;url&quot;:&quot;https:\\\/\\\/www.greenpeace.org\\\/static\\\/planet4-belgium-stateless\\\/2024\\\/06\\\/8804f70c-greenpeace_actiewetstraat_lowres_04_so107924_kristofvadino.jpg&quot;,&quot;focalPoint&quot;:{&quot;x&quot;:0.5,&quot;y&quot;:0.5},&quot;id&quot;:57597}],&quot;gallery_block_style&quot;:0,&quot;gallery_block_title&quot;:&quot;&quot;,&quot;gallery_block_description&quot;:&quot;&quot;,&quot;gallery_block_focus_points&quot;:&quot;&quot;,&quot;images&quot;:[{&quot;image_src&quot;:&quot;https:\\\/\\\/www.greenpeace.org\\\/static\\\/planet4-belgium-stateless\\\/2024\\\/06\\\/88074c2d-greenpeace_actiewetstraat_lowres_07_so107976_kristofvadino.jpg&quot;,&quot;image_srcset&quot;:&quot;https:\\\/\\\/www.greenpeace.org\\\/static\\\/planet4-belgium-stateless\\\/2024\\\/06\\\/88074c2d-greenpeace_actiewetstraat_lowres_07_so107976_kristofvadino.jpg 1500w, https:\\\/\\\/www.greenpeace.org\\\/static\\\/planet4-belgium-stateless\\\/2024\\\/06\\\/88074c2d-greenpeace_actiewetstraat_lowres_07_so107976_kristofvadino-300x200.jpg 300w, https:\\\/\\\/www.greenpeace.org\\\/static\\\/planet4-belgium-stateless\\\/2024\\\/06\\\/88074c2d-greenpeace_actiewetstraat_lowres_07_so107976_kristofvadino-1024x683.jpg 1024w, https:\\\/\\\/www.greenpeace.org\\\/static\\\/planet4-belgium-stateless\\\/2024\\\/06\\\/88074c2d-greenpeace_actiewetstraat_lowres_07_so107976_kristofvadino-768x512.jpg 768w, https:\\\/\\\/www.greenpeace.org\\\/static\\\/planet4-belgium-stateless\\\/2024\\\/06\\\/88074c2d-greenpeace_actiewetstraat_lowres_07_so107976_kristofvadino-510x340.jpg 510w&quot;,&quot;image_sizes&quot;:false,&quot;alt_text&quot;:&quot;&quot;,&quot;caption&quot;:&quot;&quot;,&quot;focus_image&quot;:&quot;&quot;,&quot;credits&quot;:&quot;&quot;},{&quot;image_src&quot;:&quot;https:\\\/\\\/www.greenpeace.org\\\/static\\\/planet4-belgium-stateless\\\/2024\\\/06\\\/a3f9b3f9-greenpeace_actiewetstraat_lowres_23_so108177_kristofvadino.jpg&quot;,&quot;image_srcset&quot;:&quot;https:\\\/\\\/www.greenpeace.org\\\/static\\\/planet4-belgium-stateless\\\/2024\\\/06\\\/a3f9b3f9-greenpeace_actiewetstraat_lowres_23_so108177_kristofvadino.jpg 1500w, https:\\\/\\\/www.greenpeace.org\\\/static\\\/planet4-belgium-stateless\\\/2024\\\/06\\\/a3f9b3f9-greenpeace_actiewetstraat_lowres_23_so108177_kristofvadino-300x200.jpg 300w, https:\\\/\\\/www.greenpeace.org\\\/static\\\/planet4-belgium-stateless\\\/2024\\\/06\\\/a3f9b3f9-greenpeace_actiewetstraat_lowres_23_so108177_kristofvadino-1024x683.jpg 1024w, https:\\\/\\\/www.greenpeace.org\\\/static\\\/planet4-belgium-stateless\\\/2024\\\/06\\\/a3f9b3f9-greenpeace_actiewetstraat_lowres_23_so108177_kristofvadino-768x512.jpg 768w, https:\\\/\\\/www.greenpeace.org\\\/static\\\/planet4-belgium-stateless\\\/2024\\\/06\\\/a3f9b3f9-greenpeace_actiewetstraat_lowres_23_so108177_kristofvadino-510x340.jpg 510w&quot;,&quot;image_sizes&quot;:false,&quot;alt_text&quot;:&quot;&quot;,&quot;caption&quot;:&quot;&quot;,&quot;focus_image&quot;:&quot;&quot;,&quot;credits&quot;:&quot;&quot;},{&quot;image_src&quot;:&quot;https:\\\/\\\/www.greenpeace.org\\\/static\\\/planet4-belgium-stateless\\\/2024\\\/06\\\/0e4613bd-greenpeace_actiewetstraat_lowres_28_so108199_kristofvadino.jpg&quot;,&quot;image_srcset&quot;:&quot;https:\\\/\\\/www.greenpeace.org\\\/static\\\/planet4-belgium-stateless\\\/2024\\\/06\\\/0e4613bd-greenpeace_actiewetstraat_lowres_28_so108199_kristofvadino.jpg 1500w, https:\\\/\\\/www.greenpeace.org\\\/static\\\/planet4-belgium-stateless\\\/2024\\\/06\\\/0e4613bd-greenpeace_actiewetstraat_lowres_28_so108199_kristofvadino-300x200.jpg 300w, https:\\\/\\\/www.greenpeace.org\\\/static\\\/planet4-belgium-stateless\\\/2024\\\/06\\\/0e4613bd-greenpeace_actiewetstraat_lowres_28_so108199_kristofvadino-1024x683.jpg 1024w, https:\\\/\\\/www.greenpeace.org\\\/static\\\/planet4-belgium-stateless\\\/2024\\\/06\\\/0e4613bd-greenpeace_actiewetstraat_lowres_28_so108199_kristofvadino-768x512.jpg 768w, https:\\\/\\\/www.greenpeace.org\\\/static\\\/planet4-belgium-stateless\\\/2024\\\/06\\\/0e4613bd-greenpeace_actiewetstraat_lowres_28_so108199_kristofvadino-510x340.jpg 510w&quot;,&quot;image_sizes&quot;:false,&quot;alt_text&quot;:&quot;&quot;,&quot;caption&quot;:&quot;&quot;,&quot;focus_image&quot;:&quot;&quot;,&quot;credits&quot;:&quot;&quot;},{&quot;image_src&quot;:&quot;https:\\\/\\\/www.greenpeace.org\\\/static\\\/planet4-belgium-stateless\\\/2024\\\/06\\\/bea886e2-img_2598.jpg&quot;,&quot;image_srcset&quot;:&quot;https:\\\/\\\/www.greenpeace.org\\\/static\\\/planet4-belgium-stateless\\\/2024\\\/06\\\/bea886e2-img_2598.jpg 2048w, https:\\\/\\\/www.greenpeace.org\\\/static\\\/planet4-belgium-stateless\\\/2024\\\/06\\\/bea886e2-img_2598-300x200.jpg 300w, https:\\\/\\\/www.greenpeace.org\\\/static\\\/planet4-belgium-stateless\\\/2024\\\/06\\\/bea886e2-img_2598-1024x683.jpg 1024w, https:\\\/\\\/www.greenpeace.org\\\/static\\\/planet4-belgium-stateless\\\/2024\\\/06\\\/bea886e2-img_2598-768x512.jpg 768w, https:\\\/\\\/www.greenpeace.org\\\/static\\\/planet4-belgium-stateless\\\/2024\\\/06\\\/bea886e2-img_2598-1536x1025.jpg 1536w, https:\\\/\\\/www.greenpeace.org\\\/static\\\/planet4-belgium-stateless\\\/2024\\\/06\\\/bea886e2-img_2598-510x340.jpg 510w&quot;,&quot;image_sizes&quot;:false,&quot;alt_text&quot;:&quot;&quot;,&quot;caption&quot;:&quot;&quot;,&quot;focus_image&quot;:&quot;&quot;,&quot;credits&quot;:&quot;&quot;},{&quot;image_src&quot;:&quot;https:\\\/\\\/www.greenpeace.org\\\/static\\\/planet4-belgium-stateless\\\/2024\\\/06\\\/8804f70c-greenpeace_actiewetstraat_lowres_04_so107924_kristofvadino.jpg&quot;,&quot;image_srcset&quot;:&quot;https:\\\/\\\/www.greenpeace.org\\\/static\\\/planet4-belgium-stateless\\\/2024\\\/06\\\/8804f70c-greenpeace_actiewetstraat_lowres_04_so107924_kristofvadino.jpg 1500w, https:\\\/\\\/www.greenpeace.org\\\/static\\\/planet4-belgium-stateless\\\/2024\\\/06\\\/8804f70c-greenpeace_actiewetstraat_lowres_04_so107924_kristofvadino-300x200.jpg 300w, https:\\\/\\\/www.greenpeace.org\\\/static\\\/planet4-belgium-stateless\\\/2024\\\/06\\\/8804f70c-greenpeace_actiewetstraat_lowres_04_so107924_kristofvadino-1024x683.jpg 1024w, https:\\\/\\\/www.greenpeace.org\\\/static\\\/planet4-belgium-stateless\\\/2024\\\/06\\\/8804f70c-greenpeace_actiewetstraat_lowres_04_so107924_kristofvadino-768x512.jpg 768w, https:\\\/\\\/www.greenpeace.org\\\/static\\\/planet4-belgium-stateless\\\/2024\\\/06\\\/8804f70c-greenpeace_actiewetstraat_lowres_04_so107924_kristofvadino-510x340.jpg 510w&quot;,&quot;image_sizes&quot;:false,&quot;alt_text&quot;:&quot;&quot;,&quot;caption&quot;:&quot;Greenpeace activists dressed as Robin Hood and his helpers are calling on politicians to stop paying polluters with taxpayers&#039; money after Greenpeace Belgium published a report on the issue. They carried out the action symbolically on 17 May at Rue de la Loi 16 during the last council of ministers before the elections on 9 June.&quot;,&quot;focus_image&quot;:&quot;&quot;,&quot;credits&quot;:&quot;\\u00a9 Greenpeace \\\/Kristof Vadino&quot;}]}}\"><section class=\"block carousel-wrap \"><\/section><\/div>\n<p>Il faut investir dans de vraies solutions pour les gens et non pour les pollueurs. Pensez notamment \u00e0 des transports publics plus efficaces, une aide financi\u00e8re pour la r\u00e9novation des logements et \u00e0 des espaces verts o\u00f9 les enfants peuvent jouer en toute s\u00e9curit\u00e9.&nbsp;<\/p>\n\n<p>C&rsquo;est pourquoi Greenpeace demande une politique climatique juste et la suppression des subventions \u00e0 l&rsquo;industrie polluante. Cela permettrait de lib\u00e9rer des fonds publics pour soutenir les citoyen\u00b7nes et les PME tout en assurant une transition climatique juste.&nbsp;<\/p>\n\n<h2 class=\"wp-block-heading\"><strong>Nous m\u00e9ritons tou\u00b7tes des responsables politiques qui se soucient de notre avenir<\/strong><\/h2>\n\n<p>Vous aussi, vous pensez que nos gouvernements devraient cesser de r\u00e9compenser les plus grands pollueurs ? Alors faites-le savoir en envoyant un email (pr\u00e9-r\u00e9dig\u00e9 pour vous) \u00e0 un ou plusieurs partis. <\/p>\n\n<p>Ensemble, maintenons la pression sur les responsables politiques pour que les bons choix soient faits durant la derni\u00e8re ligne droite avant les \u00e9lections.<\/p>\n\n<div class=\"wp-block-buttons is-layout-flex wp-block-buttons-is-layout-flex\">\n<div class=\"wp-block-button\"><a class=\"wp-block-button__link wp-element-button\" href=\"https:\/\/www.greenpeace.org\/belgium\/fr\/elections-faites-vous-entendre\/\" target=\"_blank\" rel=\"noreferrer noopener\">&nbsp;J\u2019envoie un email<\/a><\/div>\n<\/div>\n\n<div style=\"height:33px\" aria-hidden=\"true\" class=\"wp-block-spacer\"><\/div>\n\n<span class=\"shareSocialArea\">\n<a class=\"shareFacebook\" href=\"https:\/\/www.facebook.com\/share_channel\/?link=https%3A%2F%2Fwww.greenpeace.org%2Fbelgium%2Ffr%2Fblog%2F57570%2Felections-2024-largent-public-pour-les-gens-pas-pour-les-pollueurs%2F%3Futm_medium%3Dshare%26utm_content%3Dpostid-57570%26utm_source%3Dfacebook&#038;app_id=966242223397117&#038;source_surface=external_reshare&#038;display&#038;hashtag\" rel=\"noopener noreferrer\">Je partage sur Facebook<\/a>\n<a class=\"shareTwitter\" href=\"https:\/\/x.com\/intent\/post?related=greenpeace_be&#038;text=L%27argent+public+pour+les+gens%2C+pas+pour+les+pollueurs+-+Plus+de+4%2C4+milliards+d%27euros+r%C3%A9colt%C3%A9s+gr%C3%A2ce+%C3%A0+nos+imp%C3%B4ts+sont+vers%C3%A9s+chaque+ann%C3%A9e+aux+grandes+entreprises+polluantes.%2C+via+%40greenpeace_be&#038;url=https%3A%2F%2Fwww.greenpeace.org%2Fbelgium%2Ffr%2Fblog%2F57570%2Felections-2024-largent-public-pour-les-gens-pas-pour-les-pollueurs%2F%3Futm_medium%3Dshare%26utm_content%3Dpostid-57570%26utm_source%3Dtwitter\" rel=\"noopener noreferrer\">Je partage sur Twitter<\/a>\n<a class=\"shareWhatsapp\" href=\"https:\/\/api.whatsapp.com\/send\/?text=https%3A%2F%2Fwww.greenpeace.org%2Fbelgium%2Ffr%2Fblog%2F57570%2Felections-2024-largent-public-pour-les-gens-pas-pour-les-pollueurs%2F%3Futm_medium%3Dshare%26utm_content%3Dpostid-57570%26utm_source%3Dwhatsapp&#038;type=custom_url&#038;app_absent=0\" rel=\"noopener noreferrer\">Je partage sur Whatsapp<\/a>\n<\/span>\n","protected":false},"excerpt":{"rendered":"<p>Plus de 4,4 milliards d&rsquo;euros r\u00e9colt\u00e9s gr\u00e2ce \u00e0 nos imp\u00f4ts sont vers\u00e9s chaque ann\u00e9e aux grandes entreprises polluantes. Nous appelons les futurs gouvernements \u00e0 investir cet argent dans une transition climatique juste.<\/p>\n","protected":false},"author":97,"featured_media":57624,"comment_status":"closed","ping_status":"closed","sticky":false,"template":"","format":"standard","meta":{"ep_exclude_from_search":false,"p4_og_title":"L'argent public pour les gens, pas pour les pollueurs","p4_og_description":"Plus de 4,4 milliards d'euros r\u00e9colt\u00e9s gr\u00e2ce \u00e0 nos imp\u00f4ts sont vers\u00e9s chaque ann\u00e9e aux grandes entreprises polluantes. ","p4_og_image":"","p4_og_image_id":"","p4_seo_canonical_url":"","p4_campaign_name":"not set","p4_local_project":"not set","p4_basket_name":"not set","p4_department":"","footnotes":""},"categories":[150],"tags":[83,132],"p4-page-type":[116],"class_list":["post-57570","post","type-post","status-publish","format-standard","has-post-thumbnail","hentry","category-actualites","tag-politique","tag-investigation","p4-page-type-actualites-blog"],"_links":{"self":[{"href":"https:\/\/www.greenpeace.org\/belgium\/fr\/wp-json\/wp\/v2\/posts\/57570","targetHints":{"allow":["GET"]}}],"collection":[{"href":"https:\/\/www.greenpeace.org\/belgium\/fr\/wp-json\/wp\/v2\/posts"}],"about":[{"href":"https:\/\/www.greenpeace.org\/belgium\/fr\/wp-json\/wp\/v2\/types\/post"}],"author":[{"embeddable":true,"href":"https:\/\/www.greenpeace.org\/belgium\/fr\/wp-json\/wp\/v2\/users\/97"}],"replies":[{"embeddable":true,"href":"https:\/\/www.greenpeace.org\/belgium\/fr\/wp-json\/wp\/v2\/comments?post=57570"}],"version-history":[{"count":16,"href":"https:\/\/www.greenpeace.org\/belgium\/fr\/wp-json\/wp\/v2\/posts\/57570\/revisions"}],"predecessor-version":[{"id":57661,"href":"https:\/\/www.greenpeace.org\/belgium\/fr\/wp-json\/wp\/v2\/posts\/57570\/revisions\/57661"}],"wp:featuredmedia":[{"embeddable":true,"href":"https:\/\/www.greenpeace.org\/belgium\/fr\/wp-json\/wp\/v2\/media\/57624"}],"wp:attachment":[{"href":"https:\/\/www.greenpeace.org\/belgium\/fr\/wp-json\/wp\/v2\/media?parent=57570"}],"wp:term":[{"taxonomy":"category","embeddable":true,"href":"https:\/\/www.greenpeace.org\/belgium\/fr\/wp-json\/wp\/v2\/categories?post=57570"},{"taxonomy":"post_tag","embeddable":true,"href":"https:\/\/www.greenpeace.org\/belgium\/fr\/wp-json\/wp\/v2\/tags?post=57570"},{"taxonomy":"p4-page-type","embeddable":true,"href":"https:\/\/www.greenpeace.org\/belgium\/fr\/wp-json\/wp\/v2\/p4-page-type?post=57570"}],"curies":[{"name":"wp","href":"https:\/\/api.w.org\/{rel}","templated":true}]}}