{"id":57847,"date":"2024-06-17T12:43:57","date_gmt":"2024-06-17T11:43:57","guid":{"rendered":"https:\/\/www.greenpeace.org\/belgium\/?p=57847"},"modified":"2024-06-17T12:44:02","modified_gmt":"2024-06-17T11:44:02","slug":"lue-a-une-loi-sur-la-restauration-de-la-nature","status":"publish","type":"post","link":"https:\/\/www.greenpeace.org\/belgium\/fr\/communique-de-presse\/57847\/lue-a-une-loi-sur-la-restauration-de-la-nature\/","title":{"rendered":"L\u2019UE a une loi sur la restauration de la nature !"},"content":{"rendered":"\n<p><em>Bruxelles, le 17 juin 2024<\/em><strong> \u2013 La loi sur la restauration de la nature a \u00e9t\u00e9 adopt\u00e9e aujourd&rsquo;hui par le Conseil de l\u2019UE, validant ainsi la derni\u00e8re \u00e9tape n\u00e9cessaire pour que cette loi devienne r\u00e9alit\u00e9. La Coalition belge pour la biodiversit\u00e9 r\u00e9agit avec soulagement. Les yeux se tournent \u00e0 pr\u00e9sent vers les \u00c9tats membres, dont la Belgique, qui devront maintenant d\u00e9velopper leurs plans nationaux de restauration afin de mettre en \u0153uvre les objectifs fix\u00e9s par la loi.<\/strong><\/p>\n\n<p>Bien que divers acteurs se soient constamment oppos\u00e9s \u00e0 l&rsquo;adoption de la <a href=\"https:\/\/www.restorenature.eu\/en\/faq-on-nature-restoration#What%20is%20the%20Nature%20Restoration%20Law\" data-type=\"link\" data-id=\"https:\/\/www.restorenature.eu\/en\/faq-on-nature-restoration#What%20is%20the%20Nature%20Restoration%20Law\">loi sur la restauration de la nature<\/a>, celle-ci a toujours b\u00e9n\u00e9fici\u00e9 d\u2019un large soutien soci\u00e9tal \u00e0 travers toute l\u2019UE, de la part des citoyen\u00b7nes, des scientifiques, des entreprises et des organisations agricoles progressistes. Aujourd&rsquo;hui, le Conseil de l&rsquo;UE a approuv\u00e9 la loi sur la restauration de la nature \u00e0 une majorit\u00e9 de 20 \u00c9tats membres. La Belgique s&rsquo;est abstenue lors du vote.<\/p>\n\n<p>Il s&rsquo;agit de la premi\u00e8re r\u00e9glementation europ\u00e9enne contraignante sur la nature depuis la Directive Habitat (1992), donc depuis plusieurs d\u00e9cennies. Les \u00c9tats membres assument d\u00e9sormais la responsabilit\u00e9 de la restauration de la nature dans l&rsquo;UE. Avec ses objectifs de restauration contraignants, la loi apportera une large contribution \u00e0 la mise en \u0153uvre de l\u2019accord cadre mondial pour la biodiversit\u00e9 adopt\u00e9 lors de la COP15 de Montr\u00e9al (2022) et qui vise \u00e0 inverser la perte de biodiversit\u00e9 d\u2019ici \u00e0 2030.<\/p>\n\n<p>La Belgique b\u00e9n\u00e9ficiera amplement de la mise en \u0153uvre de cette loi \u00e9tant donn\u00e9 qu\u2019environ 95% de nos habitats naturels sont en mauvais \u00e9tat de conservation. Il s\u2019agit d\u2019une formidable opportunit\u00e9 pour restaurer un environnement de qualit\u00e9, pour les citoyen\u00b7nes comme pour les esp\u00e8ces sauvages. Cette restauration permettra notamment de d\u00e9ployer des \u201csolutions fond\u00e9es sur la nature\u201d en s\u2019appuyant sur elle pour mieux nous prot\u00e9ger des inondations et des s\u00e9cheresses, et lutter contre la crise climatique en stockant davantage de CO2. Un environnement plus sain b\u00e9n\u00e9ficiera aussi \u00e0 notre sant\u00e9 mentale et physique, et contribuera \u00e0 notre s\u00e9curit\u00e9 alimentaire. De plus, les r\u00e9sultats d\u2019une nouvelle \u00e9tude de cas sur <a href=\"https:\/\/wwf.be\/nl\/publicatie\/1-euro-investeren-de-natuur-demerbroeken-levert-er-8-op\" data-type=\"link\" data-id=\"https:\/\/wwf.be\/nl\/publicatie\/1-euro-investeren-de-natuur-demerbroeken-levert-er-8-op\">le rapport co\u00fbts-b\u00e9n\u00e9fices de la restauration d\u2019une zone naturelle en Flandre<\/a> indiquent que chaque euro investi dans la restauration de la nature en rapporte huit. <a href=\"https:\/\/wwf.be\/fr\/communiques-de-presse\/82-des-belges-veulent-plus-de-restauration-de-la-nature-mais-nos\" data-type=\"link\" data-id=\"https:\/\/wwf.be\/fr\/communiques-de-presse\/82-des-belges-veulent-plus-de-restauration-de-la-nature-mais-nos\">Un sondage r\u00e9alis\u00e9 par iVox<\/a> en f\u00e9vrier 2024 montre d\u2019ailleurs que l\u2019\u00e9crasante majorit\u00e9 de la population belge (82%) soutient fortement les mesures de restauration de la nature pr\u00e9vues par la loi.<\/p>\n\n<p>Les \u00c9tats membres ont d\u00e9sormais deux ans pour \u00e9laborer leurs plans de restauration nationaux. La Coalition biodiversit\u00e9 demande aux autorit\u00e9s belges de commencer rapidement \u00e0 r\u00e9diger son plan de restauration afin que nous puissions b\u00e9n\u00e9ficier de ses retomb\u00e9es positives au plus vite. Nous attendons des diff\u00e9rentes r\u00e9gions qu&rsquo;elles prennent leurs responsabilit\u00e9s et qu&rsquo;elles placent la barre du niveau d&rsquo;ambition de leurs plans \u00e0 la hauteur de la double crise climatique et de la biodiversit\u00e9 \u00e0 laquelle nous faisons face. La Coalition biodiversit\u00e9 compte sur les autorit\u00e9s belges pour faciliter un processus de d\u00e9veloppement du plan de restauration qui soit transparent et ouvert \u00e0 la soci\u00e9t\u00e9 civile.<em> \u00ab Nous remercions toutes celles et ceux qui ont contribu\u00e9 \u00e0 l\u2019adoption de cette loi cruciale. Embarquons maintenant ensemble dans cet important projet de restauration au b\u00e9n\u00e9fice de la soci\u00e9t\u00e9, de la biodiversit\u00e9 et de notre futur \u00bb,<\/em> conclut Laurence Dr\u00e8ze, responsable de politique biodiversit\u00e9 au WWF-Belgique.<\/p>\n","protected":false},"excerpt":{"rendered":"<p>La loi sur la restauration de la nature a \u00e9t\u00e9 adopt\u00e9e aujourd&rsquo;hui par le Conseil de l\u2019UE, validant ainsi la derni\u00e8re \u00e9tape n\u00e9cessaire pour que cette loi devienne r\u00e9alit\u00e9. La Coalition belge pour la biodiversit\u00e9 r\u00e9agit avec soulagement. Les yeux se tournent \u00e0 pr\u00e9sent vers les \u00c9tats membres, dont la Belgique, qui devront maintenant d\u00e9velopper leurs plans nationaux de restauration afin de mettre en \u0153uvre les objectifs fix\u00e9s par la loi.<\/p>\n","protected":false},"author":80,"featured_media":15508,"comment_status":"closed","ping_status":"closed","sticky":false,"template":"","format":"standard","meta":{"ep_exclude_from_search":false,"p4_og_title":"L\u2019UE a une loi sur la restauration de la nature !","p4_og_description":"La loi sur la restauration de la nature a \u00e9t\u00e9 adopt\u00e9e aujourd'hui par le Conseil de l\u2019UE, validant ainsi la derni\u00e8re \u00e9tape n\u00e9cessaire pour que cette loi devienne r\u00e9alit\u00e9. La Coalition belge pour la biodiversit\u00e9 r\u00e9agit avec soulagement. Les yeux se tournent \u00e0 pr\u00e9sent vers les \u00c9tats membres, dont la Belgique, qui devront maintenant d\u00e9velopper leurs plans nationaux de restauration afin de mettre en \u0153uvre les objectifs fix\u00e9s par la loi.","p4_og_image":"","p4_og_image_id":"","p4_seo_canonical_url":"","p4_campaign_name":"","p4_local_project":"","p4_basket_name":"","p4_department":"","footnotes":""},"categories":[152,171,168,153],"tags":[80,82],"p4-page-type":[117],"class_list":["post-57847","post","type-post","status-publish","format-standard","has-post-thumbnail","hentry","category-a-la-une","category-biodiversite","category-campagnes","category-victoires","tag-forets","tag-oceans","p4-page-type-communique-de-presse"],"_links":{"self":[{"href":"https:\/\/www.greenpeace.org\/belgium\/fr\/wp-json\/wp\/v2\/posts\/57847","targetHints":{"allow":["GET"]}}],"collection":[{"href":"https:\/\/www.greenpeace.org\/belgium\/fr\/wp-json\/wp\/v2\/posts"}],"about":[{"href":"https:\/\/www.greenpeace.org\/belgium\/fr\/wp-json\/wp\/v2\/types\/post"}],"author":[{"embeddable":true,"href":"https:\/\/www.greenpeace.org\/belgium\/fr\/wp-json\/wp\/v2\/users\/80"}],"replies":[{"embeddable":true,"href":"https:\/\/www.greenpeace.org\/belgium\/fr\/wp-json\/wp\/v2\/comments?post=57847"}],"version-history":[{"count":1,"href":"https:\/\/www.greenpeace.org\/belgium\/fr\/wp-json\/wp\/v2\/posts\/57847\/revisions"}],"predecessor-version":[{"id":57848,"href":"https:\/\/www.greenpeace.org\/belgium\/fr\/wp-json\/wp\/v2\/posts\/57847\/revisions\/57848"}],"wp:featuredmedia":[{"embeddable":true,"href":"https:\/\/www.greenpeace.org\/belgium\/fr\/wp-json\/wp\/v2\/media\/15508"}],"wp:attachment":[{"href":"https:\/\/www.greenpeace.org\/belgium\/fr\/wp-json\/wp\/v2\/media?parent=57847"}],"wp:term":[{"taxonomy":"category","embeddable":true,"href":"https:\/\/www.greenpeace.org\/belgium\/fr\/wp-json\/wp\/v2\/categories?post=57847"},{"taxonomy":"post_tag","embeddable":true,"href":"https:\/\/www.greenpeace.org\/belgium\/fr\/wp-json\/wp\/v2\/tags?post=57847"},{"taxonomy":"p4-page-type","embeddable":true,"href":"https:\/\/www.greenpeace.org\/belgium\/fr\/wp-json\/wp\/v2\/p4-page-type?post=57847"}],"curies":[{"name":"wp","href":"https:\/\/api.w.org\/{rel}","templated":true}]}}