{"id":58051,"date":"2024-07-17T14:28:12","date_gmt":"2024-07-17T13:28:12","guid":{"rendered":"https:\/\/www.greenpeace.org\/belgium\/?p=58051"},"modified":"2025-07-02T08:19:09","modified_gmt":"2025-07-02T07:19:09","slug":"politique-de-la-terre-brulee-transformer-gaza-en-une-zone-inhabitable-pour-les-generations-futures","status":"publish","type":"post","link":"https:\/\/www.greenpeace.org\/belgium\/fr\/actualites-blog\/58051\/politique-de-la-terre-brulee-transformer-gaza-en-une-zone-inhabitable-pour-les-generations-futures\/","title":{"rendered":"Guerre \u00e0 Gaza : terrible impact humain et environnemental"},"content":{"rendered":"\n<p><strong><strong>Farah Al Hattab est charg\u00e9e de campagne et chercheuse sp\u00e9cialis\u00e9e en droit aupr\u00e8s de Greenpeace Moyen-Orient et Afrique du Nord. Elle est \u00e9tablie \u00e0 Beyrouth. Depuis le d\u00e9but de la guerre, Farah lit et compile des articles et des informations sur l\u2019impact d\u00e9vastateur de la guerre sur l\u2019environnement \u00e0 Gaza. Voici un aper\u00e7u de son compte-rendu jusqu\u2019\u00e0 pr\u00e9sent.<\/strong><\/strong><\/p>\n\n<figure class=\"wp-block-image size-full  caption-alignment-center\"><img loading=\"lazy\" decoding=\"async\" width=\"1200\" height=\"800\" src=\"https:\/\/www.greenpeace.org\/static\/planet4-belgium-stateless\/2024\/07\/3ffc10f6-gp-uk-ceasefire-now-march-2024-gp0stzy2a_medium-res-1200px.jpg\" alt=\"\" class=\"wp-image-58069\" style=\"aspect-ratio:3\/2;object-fit:cover\" srcset=\"https:\/\/www.greenpeace.org\/static\/planet4-belgium-stateless\/2024\/07\/3ffc10f6-gp-uk-ceasefire-now-march-2024-gp0stzy2a_medium-res-1200px.jpg 1200w, https:\/\/www.greenpeace.org\/static\/planet4-belgium-stateless\/2024\/07\/3ffc10f6-gp-uk-ceasefire-now-march-2024-gp0stzy2a_medium-res-1200px-300x200.jpg 300w, https:\/\/www.greenpeace.org\/static\/planet4-belgium-stateless\/2024\/07\/3ffc10f6-gp-uk-ceasefire-now-march-2024-gp0stzy2a_medium-res-1200px-1024x683.jpg 1024w, https:\/\/www.greenpeace.org\/static\/planet4-belgium-stateless\/2024\/07\/3ffc10f6-gp-uk-ceasefire-now-march-2024-gp0stzy2a_medium-res-1200px-768x512.jpg 768w, https:\/\/www.greenpeace.org\/static\/planet4-belgium-stateless\/2024\/07\/3ffc10f6-gp-uk-ceasefire-now-march-2024-gp0stzy2a_medium-res-1200px-510x340.jpg 510w\" sizes=\"auto, (max-width: 1200px) 100vw, 1200px\" \/><figcaption class=\"wp-element-caption\">Greenpeace UK manifeste \u00e0 Londres aux c\u00f4t\u00e9s de nombreuses autres organisations pour demander un cessez-le-feu imm\u00e9diat et permanent \u00e0 Gaza.<div class=\"credit icon-left\"> \u00a9 Greenpeace UK<\/div><\/figcaption><\/figure>\n\n<p>En d\u00e9pit d\u2019une enfance heureuse dans les montagnes du Sud du Liban, la guerre et les bombardements actifs n\u2019\u00e9taient jamais loin. Bien que l\u2019occupation isra\u00e9lienne de la plupart des r\u00e9gions du Liban du Sud ait pris fin le 25&nbsp;mai 2000, soit deux ans apr\u00e8s ma naissance, celle de la Cisjordanie, de la bande de Gaza, du plateau du Golan et des fermes de Chebaa persiste encore aujourd\u2019hui. Lorsque j\u2019avais huit ans, en juillet 2006, une guerre de 33&nbsp;jours a \u00e9t\u00e9 men\u00e9e contre le Liban. J\u2019ai \u00e9t\u00e9 \u00e9lev\u00e9e avec la conviction qu\u2019un lien historique unit le sort des Libanais et des Palestiniens et qu\u2019un jour, la Palestine sera libre. Cependant, ce n\u2019est pas de moi qu\u2019il s\u2019agit ici.<\/p>\n\n<p>\u00c0 l\u2019heure o\u00f9 j\u2019\u00e9cris ces lignes [<em>3 juillet 2024<\/em>], la guerre isra\u00e9lienne contre la bande de Gaza fait rage depuis 270&nbsp;jours, avec un bilan d\u2019au moins 38\u2009430&nbsp;morts et 86\u2009969&nbsp;bless\u00e9s depuis le 7&nbsp;octobre, selon le minist\u00e8re de la Sant\u00e9 de Gaza. Nous assistons en direct \u00e0 un g\u00e9nocide en cours qui entra\u00eene \u00e9galement des cons\u00e9quences d\u00e9sastreuses pour les \u00e9cosyst\u00e8mes et viole le droit de nombreuses personnes de jouir et de vivre dans un environnement sain.<\/p>\n\n<p class=\"has-grey-200-background-color has-background\"><strong>Note de l&rsquo;auteur<\/strong> : Ce blog a \u00e9t\u00e9 initialement r\u00e9dig\u00e9 le 3 juillet. Entre-temps, la c\u00e9l\u00e8bre revue scientifique <a href=\"https:\/\/www.thelancet.com\/journals\/lancet\/article\/PIIS0140-6736(24)01169-3\/fulltext\" target=\"_blank\" rel=\"noreferrer noopener\">The Lancet a publi\u00e9 une \u00e9tude<\/a> d\u00e9non\u00e7ant que le nombre r\u00e9el de morts pourrait \u00eatre beaucoup plus \u00e9lev\u00e9, \u00e0 savoir de l&rsquo;ordre de 186 000. <\/p>\n\n<h2 class=\"wp-block-heading\"><strong>L\u2019impact environnemental de la guerre en cours \u00e0 Gaza<\/strong><\/h2>\n\n<p>La guerre qui se d\u00e9roule actuellement \u00e0 Gaza a port\u00e9 gravement atteinte \u00e0 l\u2019environnement, avec des cons\u00e9quences sur l\u2019air, l\u2019eau et la terre, ainsi que sur toutes celles et ceux qui en d\u00e9pendent. Les \u00e9missions imm\u00e9diates de carbone dues \u00e0 la guerre sont stup\u00e9fiantes, <a href=\"https:\/\/www.qmul.ac.uk\/media\/news\/2024\/hss\/new-study-reveals-substantial-carbon-emissions-from-the-ongoing-israel-gaza-conflict.html\" target=\"_blank\" rel=\"noreferrer noopener\">avec une estimation moyenne de 536\u2009410 tonnes de dioxyde de carbone au cours des 120&nbsp;premiers jours de la guerre<\/a>, dont 90&nbsp;% sont attribu\u00e9es aux bombardements a\u00e9riens et \u00e0 l\u2019invasion isra\u00e9lienne terrestre de Gaza.&nbsp;<\/p>\n\n<section class=\"block accordion-block wp-block-planet4-blocks-accordion\"><div class=\"accordion-content\"><div class=\"accordion-headline\" name=\"Air\">Air<\/div><div class=\"panel panel-hidden\"><p class=\"accordion-text\"><strong>L\u2019air <\/strong><a href=\"https:\/\/www.lawfaremedia.org\/article\/perhaps-lawful-but-awful-the-environmental-impacts-of-the-israel-hamas-war\">est contamin\u00e9 par des produits chimiques provenant d\u2019armes telles que le phosphore blanc<\/a>, en raison de l\u2019utilisation intensive d\u2019explosifs. L\u2019exposition aux munitions au phosphore blanc <a href=\"https:\/\/www.aub.edu.lb\/natureconservation\/Documents\/Brief%20WP%20English.pdf\">provoque \u00e0 son tour une diminution de la productivit\u00e9 des terres agricoles et peut nuire aux plantes existantes<\/a>.<\/p><\/div><\/div><div class=\"accordion-content\"><div class=\"accordion-headline\" name=\"Eau\">Eau<\/div><div class=\"panel panel-hidden\"><p class=\"accordion-text\">Les ressources en <strong>eau<\/strong> ont \u00e9t\u00e9 gravement compromises, avec pr\u00e8s de <a href=\"https:\/\/wedocs.unep.org\/bitstream\/handle\/20.500.11822\/45739\/environmental_impact_conflict_Gaza.pdf?sequence=3&amp;isAllowed=y\">60\u2009000\u00a0m\u00e8tres cubes d\u2019eaux us\u00e9es non trait\u00e9es<\/a> se d\u00e9versant quotidiennement dans la mer M\u00e9diterran\u00e9e. Le r\u00e9seau d\u2019eau potable de Gaza, d\u00e9j\u00e0 d\u00e9faillant avant la guerre avec <a href=\"https:\/\/www.amnesty.org\/en\/latest\/campaigns\/2017\/11\/the-occupation-of-water\/\">90 \u00e0 95\u00a0% des eaux souterraines non potables<\/a>, est actuellement dans une situation d\u2019autant plus critique. En moyenne, en avril 2024, les habitants de Gaza avaient acc\u00e8s \u00e0 <a href=\"https:\/\/wedocs.unep.org\/bitstream\/handle\/20.500.11822\/45739\/environmental_impact_conflict_Gaza.pdf?sequence=3&amp;isAllowed=y\">environ 2 \u00e0 8\u00a0litres par personne par jour, en contraste avec 85\u00a0litres par personne par jour avant octobre 2023.<\/a> Les recherches r\u00e9v\u00e8lent que <a href=\"https:\/\/cdn.who.int\/media\/docs\/default-source\/wash-documents\/who-tn-09-how-much-water-is-needed.pdf\">20\u00a0litres par personne par jour<\/a> repr\u00e9sente la quantit\u00e9 minimale d\u2019eau salubre n\u00e9cessaire pour garantir les niveaux minimums essentiels \u00e0 la sant\u00e9 et \u00e0 l\u2019hygi\u00e8ne.<\/p><\/div><\/div><div class=\"accordion-content\"><div class=\"accordion-headline\" name=\"Terre\">Terre<\/div><div class=\"panel panel-hidden\"><p class=\"accordion-text\">La destruction des fermes et des <strong>terres<\/strong> agricoles, associ\u00e9e \u00e0 <a href=\"https:\/\/www.unicef.org\/mena\/media\/18041\/file\/Factsheet_Gaza_Blockade_2022.pdf.pdf\">17\u00a0ann\u00e9es de blocus qui ont priv\u00e9 la r\u00e9gion d\u2019intrants agricoles essentiels<\/a>, a provoqu\u00e9 une <a href=\"https:\/\/www.oxfam.org\/en\/press-releases\/gaza-hunger-figures-worst-record-says-oxfam\">grave ins\u00e9curit\u00e9 alimentaire<\/a>. Depuis mai 2024, <a href=\"https:\/\/unitar.org\/about\/news-stories\/press\/unosat-and-fao-reveal-substantial-increase-damage-gazas-cropland-amid-ongoing-conflict\">57\u00a0% des terres cultiv\u00e9es de Gaza ont subi des d\u00e9g\u00e2ts<\/a>. En outre, selon les Nations Unies, <a href=\"https:\/\/www.ohchr.org\/en\/press-releases\/2024\/01\/over-one-hundred-days-war-israel-destroying-gazas-food-system-and#:~:text=Israel%20has%20reportedly%20destroyed%20approximately,flour%20along%20with%20structural%20damage.\">Isra\u00ebl aurait d\u00e9truit 70\u00a0% de la flotte de p\u00eache de Gaza. Le b\u00e9tail est affam\u00e9<\/a>.<br><br><strong>Les oliviers<\/strong>, qui assurent la subsistance de nombreuses familles gr\u00e2ce \u00e0 la production d\u2019huile d\u2019olive, <a href=\"https:\/\/www.aljazeera.com\/features\/2023\/11\/6\/our-hearts-burn-gazas-olive-farmers-say-israel-war-destroys-harvest\">ont \u00e9t\u00e9 r\u00e9guli\u00e8rement et d\u00e9lib\u00e9r\u00e9ment vis\u00e9s par les militaires ou les colons isra\u00e9liens<\/a>. Ils sont ainsi devenus le symbole de la souffrance des Palestiniens d\u00e9poss\u00e9d\u00e9s de leur patrimoine et emp\u00each\u00e9s d\u2019avoir acc\u00e8s \u00e0 leurs terres et \u00e0 leurs r\u00e9coltes.<\/p><\/div><\/div><\/section>\n\n<h2 class=\"wp-block-heading\">Crise de s<strong>ant\u00e9 publique et crise climatique&nbsp;: tueurs silencieux<\/strong><\/h2>\n\n<p>Les crises de sant\u00e9 publique et la vuln\u00e9rabilit\u00e9 accrue face \u00e0 l\u2019aggravation des r\u00e9percussions du changement climatique sont des cons\u00e9quences silencieuses, mais mortelles de la guerre. La r\u00e9gion du Moyen-Orient et de l\u2019Afrique du Nord conna\u00eet un <a href=\"https:\/\/agupubs.onlinelibrary.wiley.com\/doi\/10.1029\/2021RG000762\" target=\"_blank\" rel=\"noreferrer noopener\">r\u00e9chauffement presque deux fois plus rapide que la moyenne mondiale<\/a>.<\/p>\n\n<p>Gaza, qui est d\u00e9j\u00e0 une r\u00e9gion vuln\u00e9rable sur le plan climatique, est confront\u00e9e \u00e0 une d\u00e9t\u00e9rioration des conditions en raison de la guerre. Une <a href=\"https:\/\/www.worldweatherattribution.org\/climate-change-made-the-deadly-heatwaves-that-hit-millions-of-highly-vulnerable-people-across-asia-more-frequent-and-extreme\/\" target=\"_blank\" rel=\"noreferrer noopener\">vague r\u00e9cente de chaleur, survenue en avril<\/a>, a mis en \u00e9vidence les conditions d\u00e9sastreuses dans lesquelles vivent les populations d\u00e9plac\u00e9es, plusieurs personnes ayant trouv\u00e9 la mort \u00e0 cause de la chaleur.<\/p>\n\n<figure class=\"wp-block-image size-full\"><img loading=\"lazy\" decoding=\"async\" width=\"678\" height=\"455\" src=\"https:\/\/www.greenpeace.org\/static\/planet4-belgium-stateless\/2024\/07\/e0780abc-photo-credit-unrwa_waste_unrwa.png\" alt=\"\" class=\"wp-image-58056\" style=\"aspect-ratio:3\/2;object-fit:cover\" srcset=\"https:\/\/www.greenpeace.org\/static\/planet4-belgium-stateless\/2024\/07\/e0780abc-photo-credit-unrwa_waste_unrwa.png 678w, https:\/\/www.greenpeace.org\/static\/planet4-belgium-stateless\/2024\/07\/e0780abc-photo-credit-unrwa_waste_unrwa-300x201.png 300w, https:\/\/www.greenpeace.org\/static\/planet4-belgium-stateless\/2024\/07\/e0780abc-photo-credit-unrwa_waste_unrwa-507x340.png 507w\" sizes=\"auto, (max-width: 678px) 100vw, 678px\" \/><figcaption class=\"wp-element-caption\">Deux enfants debout sur une pile de d\u00e9chets \u00e0 Gaza. Des centaines de milliers de tonnes de d\u00e9chets entourent les r\u00e9sidents de la bande de Gaza.<div class=\"credit icon-left\"> \u00a9 Agence des Nations Unies pour les r\u00e9fugi\u00e9s de Palestine dans le Proche-Orient (UNRWA)<\/div><\/figcaption><\/figure>\n\n<p>Les infrastructures de sant\u00e9 publique, d\u00e9j\u00e0 fragilis\u00e9es par des ann\u00e9es de blocus, s\u2019effondrent sous la pression de la guerre. <a href=\"https:\/\/wedocs.unep.org\/bitstream\/handle\/20.500.11822\/45739\/environmental_impact_conflict_Gaza.pdf?sequence=3&amp;isAllowed=y\" target=\"_blank\" rel=\"noreferrer noopener\">Les syst\u00e8mes et installations de gestion des \u00e9gouts, des eaux us\u00e9es et des d\u00e9chets solides se sont effondr\u00e9s<\/a>.<a href=\"https:\/\/wedocs.unep.org\/bitstream\/handle\/20.500.11822\/45739\/environmental_impact_conflict_Gaza.pdf?sequence=3&amp;isAllowed=y\" target=\"_blank\" rel=\"noreferrer noopener\"> Des milliers de tonnes de d\u00e9chets solides s\u2019accumulent dans des d\u00e9charges informelles \u00e0 travers la bande de Gaza et les eaux us\u00e9es non trait\u00e9es se d\u00e9versent librement dans la mer<\/a>. La propagation de maladies telles que les infections cutan\u00e9es, l\u2019h\u00e9patite A et la diarrh\u00e9e s\u2019intensifie, <a href=\"https:\/\/gaza-projections.org\/gaza_projections_report.pdf\" target=\"_blank\" rel=\"noreferrer noopener\">et une \u00e9pid\u00e9mie potentielle menace des milliers de vies<\/a>.&nbsp;<\/p>\n\n<h2 class=\"wp-block-heading\"><strong>Pays voisins affect\u00e9s par les cons\u00e9quences environnementales de la guerre<\/strong><\/h2>\n\n<p>L\u2019impact environnemental de la guerre ne se limite pas \u00e0 Gaza et frappe les pays voisins. L&rsquo;<strong>\u00c9gypte<\/strong> et la <strong>Jordanie<\/strong> connaissent une augmentation de la <a href=\"https:\/\/raseef22.net\/article\/1097351-%D8%AA%D8%A3%D8%AB%D9%8A%D8%B1%D8%A7%D8%AA-%D8%B9%D8%A7%D8%A8%D8%B1%D8%A9-%D9%84%D9%84%D8%AD%D8%AF%D9%88%D8%AF-%D9%83%D9%8A%D9%81-%D8%B3%D8%AA%D8%AF%D9%81%D8%B9-%D8%AF%D9%88%D9%84-%D8%A7%D9%84%D8%AC%D9%88%D8%A7%D8%B1-%D8%A7%D9%84%D9%81%D8%A7%D8%AA%D9%88%D8%B1%D8%A9-%D8%A7%D9%84%D8%A8%D9%8A%D8%A6%D9%8A%D8%A9-%D9%84%D8%AD%D8%B1%D8%A8-%D8%BA%D8%B2%D8%A9\" target=\"_blank\" rel=\"noreferrer noopener\">pollution de l&rsquo;air en raison de la proximit\u00e9 de Gaza<\/a>.<\/p>\n\n<p>Le <strong>Liban<\/strong>, et plus particuli\u00e8rement ses zones frontali\u00e8res au Sud, subit des <a href=\"https:\/\/www.undp.org\/lebanon\/press-releases\/undp-report-lebanon-faces-potentially-dire-socio-economic-and-environmental-impacts-gaza-war\" target=\"_blank\" rel=\"noreferrer noopener\">dommages agricoles li\u00e9s \u00e0 la guerre, ainsi que d\u2019une pollution chimique et d\u2019une contamination par des restes d\u2019explosifs<\/a>. L\u00e0 encore, une \u00e9valuation pr\u00e9liminaire a indiqu\u00e9 que les bombardements au phosphore blanc <a href=\"https:\/\/www.undp.org\/lebanon\/press-releases\/undp-report-lebanon-faces-potentially-dire-socio-economic-and-environmental-impacts-gaza-war\" target=\"_blank\" rel=\"noreferrer noopener\">ont provoqu\u00e9 des dommages environnementaux consid\u00e9rables, affectant les \u00e9cosyst\u00e8mes naturels et la qualit\u00e9 de l\u2019eau et mena\u00e7ant la sant\u00e9 humaine et le b\u00e9tail<\/a>.<\/p>\n\n<h2 class=\"wp-block-heading\"><strong>Isra\u00ebl doit assumer les co\u00fbts de la destruction de l\u2019environnement<\/strong><\/h2>\n\n<p>Bien que <a href=\"https:\/\/www.climate-refugees.org\/spotlight\/2023\/1\/11\/gaza#:~:text=Rule%2045%20also%20prohibits%20the,on%20the%20environment%20as%20well.\" target=\"_blank\" rel=\"noreferrer noopener\">l\u2019environnement naturel soit prot\u00e9g\u00e9 en vertu du droit humanitaire international<\/a>, il demeure une \u00ab\u2009victime silencieuse de la guerre\u2009\u00bb. La destruction environnementale \u00e0 Gaza viole de nombreuses lois et conventions internationales destin\u00e9es \u00e0 prot\u00e9ger l\u2019environnement en p\u00e9riode de conflit arm\u00e9. Le Statut de Rome et les Conventions de Gen\u00e8ve pr\u00e9cisent que <a href=\"https:\/\/www.theguardian.com\/environment\/2024\/mar\/29\/gaza-israel-palestinian-war-ecocide-environmental-destruction-pollution-rome-statute-war-crimes-aoe\" target=\"_blank\" rel=\"noreferrer noopener\">la destruction intentionnelle de l\u2019environnement peut constituer un crime de guerre<\/a>. <\/p>\n\n<p>Des concepts tels que \u00ab <strong>\u00e9cocide<\/strong> \u00bb ont \u00e9t\u00e9 utilis\u00e9s par des expert\u00b7es et des ONG pour d\u00e9crire la destruction d\u00e9lib\u00e9r\u00e9e de l&rsquo;environnement \u00e0 Gaza. Une <a href=\"https:\/\/www.theguardian.com\/environment\/2024\/mar\/29\/gaza-israel-palestinian-war-ecocide-environmental-destruction-pollution-rome-statute-war-crimes-aoe\" target=\"_blank\" rel=\"noreferrer noopener\">analyse satellite r\u00e9cente<\/a> r\u00e9v\u00e8le que \u00ab l&rsquo;ampleur et l&rsquo;impact \u00e0 long terme de la destruction ont conduit \u00e0 demander qu&rsquo;elle fasse l&rsquo;objet d&rsquo;une enqu\u00eate en tant que crime de guerre potentiel et qu&rsquo;elle soit qualifi\u00e9e d&rsquo;\u00e9cocide, qui couvre les dommages caus\u00e9s \u00e0 l&rsquo;environnement par des actions d\u00e9lib\u00e9r\u00e9es ou par n\u00e9gligence \u00bb.<\/p>\n\n<p>Le droit international exige qu\u2019Isra\u00ebl assume le co\u00fbt de la reconstruction de Gaza, vu <a href=\"https:\/\/www.atlanticcouncil.org\/blogs\/menasource\/gaza-israel-occupied-international-law\/\" target=\"_blank\" rel=\"noreferrer noopener\">sa responsabilit\u00e9 reconnue en tant que puissance occupante.<\/a><\/p>\n\n<p>Un <a href=\"https:\/\/thedocs.worldbank.org\/en\/doc\/14e309cd34e04e40b90eb19afa7b5d15-0280012024\/original\/Gaza-Interim-Damage-Assessment-032924-Final.pdf\" target=\"_blank\" rel=\"noreferrer noopener\">rapport d\u2019\u00e9valuation provisoire des dommages \u00e9tabli par la Banque mondiale<\/a> indique que le co\u00fbt total des d\u00e9g\u00e2ts \u00e0 la fin du mois de janvier 2024 s\u2019\u00e9levait \u00e0 environ <strong>18,5&nbsp;milliards de dollars<\/strong>.&nbsp;<\/p>\n\n<p class=\"has-grey-200-background-color has-background has-large-font-size\">\u00ab<em>\u2009Il faudra des dizaines de milliards de dollars et plusieurs d\u00e9cennies pour r\u00e9parer les destructions sans pr\u00e9c\u00e9dent \u00e0 Gaza\u2009<\/em>\u00bb. La <a href=\"https:\/\/unctad.org\/news\/gaza-unprecedented-destruction-will-take-tens-billions-dollars-and-decades-reverse\" target=\"_blank\" rel=\"noreferrer noopener\">CNUCED<\/a><\/p>\n\n<p>Un <a href=\"https:\/\/www.undp.org\/sites\/g\/files\/zskgke326\/files\/2024-05\/2400257e-gaza_war-_expected_socioeconomic_impacts-pb.pdf\" target=\"_blank\" rel=\"noreferrer noopener\">rapport<\/a> du PNUD indique que \u00ab\u2009le niveau de destruction \u00e0 Gaza est tel que la reconstruction des infrastructures publiques n\u00e9cessiterait une aide ext\u00e9rieure <strong>d\u2019une ampleur in\u00e9gal\u00e9e depuis 1948<\/strong>\u2009\u00bb.&nbsp;<\/p>\n\n<p>Sans cessez-le-feu d\u00e9finitif \u00e0 l\u2019horizon, les d\u00e9g\u00e2ts et le co\u00fbt de la reconstruction augmenteront in\u00e9vitablement, ce qui compromettra d\u2019autant plus la capacit\u00e9 du peuple palestinien \u00e0 retourner vivre \u00e0 Gaza.<\/p>\n\n<p>J\u2019assiste en direct \u00e0 un g\u00e9nocide en cours qui se d\u00e9roule sous mes yeux, \u00e0 travers mon t\u00e9l\u00e9phone &#8211; un documentaire de premier plan, lancinant, qui illustre l\u2019horreur. Tant qu\u2019Isra\u00ebl ne r\u00e9pondra pas du sang qu\u2019il a vers\u00e9 dans ma r\u00e9gion, je crains que nous ne subissions le m\u00eame sort que les Gazaouis.<\/p>\n\n<div class=\"wp-block-buttons is-layout-flex wp-block-buttons-is-layout-flex\">\n<div class=\"wp-block-button\"><a class=\"wp-block-button__link wp-element-button\" href=\"https:\/\/www.greenpeace.org\/international\/story\/68057\/scorched-earth-making-gaza-uninhabitable-for-generations-to-come\/\" target=\"_blank\" rel=\"noreferrer noopener\">Lire le blog complet (en anglais)<\/a><\/div>\n<\/div>\n\n<div style=\"height:40px\" aria-hidden=\"true\" class=\"wp-block-spacer\"><\/div>\n\n<h3 class=\"wp-block-heading\">Les demandes de Greenpeace pour prot\u00e9ger les populations, l\u2019environnement et la paix \u00e0 Gaza et dans la r\u00e9gion<\/h3>\n\n<section class=\"block accordion-block wp-block-planet4-blocks-accordion\"><div class=\"accordion-content\"><div class=\"accordion-headline\" name=\"Mesures urgentes\">Mesures urgentes<\/div><div class=\"panel panel-hidden\"><p class=\"accordion-text\">> Un cessez-le-feu imm\u00e9diat et permanent<br>> Un embargo mondial sur toutes les ventes et tous les transferts d\u2019armes<br>> La fin de l\u2019occupation ill\u00e9gale de la Palestine<br>> Le passage r\u00e9gulier et s\u00e9curis\u00e9 des convois humanitaires<br>> Un acc\u00e8s permettant aux enqu\u00eateurs et aux sp\u00e9cialistes environnementaux de mener des enqu\u00eates sur le terrain<\/p><\/div><\/div><div class=\"accordion-content\"><div class=\"accordion-headline\" name=\"Mesures \u00e0 long terme\">Mesures \u00e0 long terme<\/div><div class=\"panel panel-hidden\"><p class=\"accordion-text\">> Le soutien des donateurs internationaux et r\u00e9gionaux pour le d\u00e9veloppement de l\u2019infrastructure hydraulique<br>> Des \u00e9valuations environnementales exhaustives au lendemain de la guerre<br>> Des efforts de reconstruction durable ax\u00e9s sur l\u2019att\u00e9nuation des effets du changement climatique, les politiques de r\u00e9silience et l\u2019implication des communaut\u00e9s<br>> Des mesures visant \u00e0 tenir Isra\u00ebl responsable des dommages inflig\u00e9s \u00e0 Gaza en violation de ses obligations internationales*<br><br>* Conform\u00e9ment au principe de droit international selon lequel \u00ab\u2009l\u2019\u00c9tat responsable est tenu de r\u00e9parer int\u00e9gralement le pr\u00e9judice caus\u00e9 par le fait internationalement illicite\u2009\u00bb. &#8211; Article\u00a031 (1) de la <a href=\"https:\/\/legal.un.org\/ilc\/texts\/instruments\/english\/draft_articles\/9_6_2001.pdf\">Responsabilit\u00e9 de l\u2019\u00c9tat pour fait internationalement illicite<\/a>, Commission du droit international, 2001.<br><\/p><\/div><\/div><\/section>\n\n<span class=\"shareSocialArea\">\n<a class=\"shareFacebook\" href=\"https:\/\/www.facebook.com\/sharer\/sharer.php?u=https%3A%2F%2Fwww.greenpeace.org%2Fbelgium%2Ffr%2Fblog%2F58051%2Fpolitique-de-la-terre-brulee-transformer-gaza-en-une-zone-inhabitable-pour-les-generations-futures%2F%3Futm_medium%3Dshare%26utm_content%3Dpostid-58051%26utm_source%3Dfacebook\" target=\"_blank\" rel=\"noopener noreferrer\">Je partage sur Facebook<\/a>\n<a class=\"shareWhatsapp\" href=\"https:\/\/wa.me\/?text=D%C3%A9couvrez%20le%20compte-rendu%20de%20Farah%20Al%20Hattab%20sur%20l%E2%80%99impact%20d%C3%A9vastateur%20de%20la%20guerre%20sur%20l%E2%80%99environnement%20%C3%A0%20Gaza.%20https%3A%2F%2Fwww.greenpeace.org%2Fbelgium%2Ffr%2Fblog%2F58051%2Fpolitique-de-la-terre-brulee-transformer-gaza-en-une-zone-inhabitable-pour-les-generations-futures%2F%3Futm_medium%3Dshare%26utm_content%3Dpostid-58051%26utm_source%3Dwhatsapp\" target=\"_blank\" rel=\"noopener noreferrer\">Je partage sur Whatsapp<\/a>\n<\/span>\n","protected":false},"excerpt":{"rendered":"<p>Farah Al Hattab a r\u00e9alis\u00e9 un compte-rendu sur l\u2019impact d\u00e9vastateur de la guerre sur l\u2019environnement \u00e0 Gaza.<\/p>\n","protected":false},"author":105,"featured_media":58071,"comment_status":"closed","ping_status":"closed","sticky":false,"template":"","format":"standard","meta":{"ep_exclude_from_search":false,"p4_og_title":"Guerre \u00e0 Gaza : terrible impact humain et environnemental","p4_og_description":"D\u00e9couvrez le compte-rendu de Farah Al Hattab sur l\u2019impact d\u00e9vastateur de la guerre sur l\u2019environnement \u00e0 Gaza. ","p4_og_image":"https:\/\/www.greenpeace.org\/static\/planet4-belgium-stateless\/2024\/07\/e0780abc-photo-credit-unrwa_waste_unrwa.png","p4_og_image_id":"58056","p4_seo_canonical_url":"","p4_campaign_name":"not set","p4_local_project":"not set","p4_basket_name":"not set","p4_department":"","footnotes":""},"categories":[150],"tags":[84,86],"p4-page-type":[116],"class_list":["post-58051","post","type-post","status-publish","format-standard","has-post-thumbnail","hentry","category-actualites","tag-paix","tag-climat","p4-page-type-actualites-blog"],"_links":{"self":[{"href":"https:\/\/www.greenpeace.org\/belgium\/fr\/wp-json\/wp\/v2\/posts\/58051","targetHints":{"allow":["GET"]}}],"collection":[{"href":"https:\/\/www.greenpeace.org\/belgium\/fr\/wp-json\/wp\/v2\/posts"}],"about":[{"href":"https:\/\/www.greenpeace.org\/belgium\/fr\/wp-json\/wp\/v2\/types\/post"}],"author":[{"embeddable":true,"href":"https:\/\/www.greenpeace.org\/belgium\/fr\/wp-json\/wp\/v2\/users\/105"}],"replies":[{"embeddable":true,"href":"https:\/\/www.greenpeace.org\/belgium\/fr\/wp-json\/wp\/v2\/comments?post=58051"}],"version-history":[{"count":20,"href":"https:\/\/www.greenpeace.org\/belgium\/fr\/wp-json\/wp\/v2\/posts\/58051\/revisions"}],"predecessor-version":[{"id":60376,"href":"https:\/\/www.greenpeace.org\/belgium\/fr\/wp-json\/wp\/v2\/posts\/58051\/revisions\/60376"}],"wp:featuredmedia":[{"embeddable":true,"href":"https:\/\/www.greenpeace.org\/belgium\/fr\/wp-json\/wp\/v2\/media\/58071"}],"wp:attachment":[{"href":"https:\/\/www.greenpeace.org\/belgium\/fr\/wp-json\/wp\/v2\/media?parent=58051"}],"wp:term":[{"taxonomy":"category","embeddable":true,"href":"https:\/\/www.greenpeace.org\/belgium\/fr\/wp-json\/wp\/v2\/categories?post=58051"},{"taxonomy":"post_tag","embeddable":true,"href":"https:\/\/www.greenpeace.org\/belgium\/fr\/wp-json\/wp\/v2\/tags?post=58051"},{"taxonomy":"p4-page-type","embeddable":true,"href":"https:\/\/www.greenpeace.org\/belgium\/fr\/wp-json\/wp\/v2\/p4-page-type?post=58051"}],"curies":[{"name":"wp","href":"https:\/\/api.w.org\/{rel}","templated":true}]}}