{"id":58087,"date":"2024-07-12T14:10:01","date_gmt":"2024-07-12T13:10:01","guid":{"rendered":"https:\/\/www.greenpeace.org\/belgium\/?p=58087"},"modified":"2024-07-17T13:21:15","modified_gmt":"2024-07-17T12:21:15","slug":"chantier-de-oosterweel-arret-historique-du-conseil-detat-un-precedent-important-pour-la-gestion-des-sols-contamines","status":"publish","type":"post","link":"https:\/\/www.greenpeace.org\/belgium\/fr\/communique-de-presse\/58087\/chantier-de-oosterweel-arret-historique-du-conseil-detat-un-precedent-important-pour-la-gestion-des-sols-contamines\/","title":{"rendered":"Chantier de Oosterweel; arr\u00eat historique du Conseil d&rsquo;\u00c9tat : \u201cUn pr\u00e9c\u00e9dent important pour la gestion des sols contamin\u00e9s\u201d"},"content":{"rendered":"\n<p><em>12 juillet 2024 &#8211;<\/em>&nbsp;<strong>Apr\u00e8s des ann\u00e9es de bataille juridique, organisations environnementales et citoyennes (rassembl\u00e9es au sein de la \u2018coalition PFAS\u2019) se r\u00e9jouissent du jugement du Conseil d&rsquo;\u00c9tat. Celui-ci qualifie d\u2019ill\u00e9gal la gestion des sols contamin\u00e9s sur les sites du chantier d&rsquo;Oosterweel \u00e0 Anvers, par l&rsquo;entreprise publique flamande Lantis. La coalition appelle toutes les parties prenantes \u00e0 prendre enfin leurs responsabilit\u00e9s dans cette affaire, en commen\u00e7ant par mettre en place un assainissement des sols et des eaux souterraines hautement pollu\u00e9s, conform\u00e9ment \u00e0 la loi.<\/strong><\/p>\n\n<p>Le collectif citoyen Grondrecht, le lanceur d\u2019alerte Thomas Goorden et Greenpeace forment la \u2018coalition PFAS\u2019 depuis 2021.&nbsp; \u00ab\u00a0<a href=\"http:\/\/www.raadvanstate.be\/arr.php?nr=260429\" target=\"_blank\" rel=\"noreferrer noopener\"><em>Ce jugement&nbsp;<\/em><\/a><em>\u00e9tablit de mani\u00e8re implacable que la gestion des sols contamin\u00e9s autour de l\u2019usine 3M par Lantis a \u00e9t\u00e9 r\u00e9alis\u00e9e de mani\u00e8re tout \u00e0 fait ill\u00e9gale\u00a0\u00bb,&nbsp;<\/em>affirme Thomas Goorden.&nbsp;<em>\u00ab\u00a0Nous avons lanc\u00e9 des avertissements \u00e0 ce sujet depuis que l&rsquo;affaire des PFAS a \u00e9clat\u00e9 au d\u00e9but de l&rsquo;ann\u00e9e 2021. Il est maintenant temps que le gouvernement prenne ses responsabilit\u00e9s, pr\u00e9sente ses excuses et corrige les erreurs commises.\u00a0\u00bb<\/em><\/p>\n\n<p><em>\u201cNous sommes tr\u00e8s satisfaits du jugement<\/em>\u201d, explique Joeri Thijs, porte-parole de Greenpeace Belgique.<em>\u00a0\u00ab\u00a0Le Conseil d\u2019\u00c9tat confirme d\u00e9finitivement nos r\u00e9serves \u00e0 l&rsquo;\u00e9gard de l&rsquo;approche de Lantis &amp; co. Mais au-del\u00e0 de cela, nous saluons le pr\u00e9c\u00e9dent qu\u2019il constituera. Il s&rsquo;agit d&rsquo;une \u00e9tape gigantesque pour la protection durable et prospective des sols et la lutte contre la pollution dans notre pays. En tant qu&rsquo;organisation environnementale, nous sommes extr\u00eamement fiers d&rsquo;avoir pu obtenir ce r\u00e9sultat, au c\u00f4t\u00e9 des citoyen<\/em><em>\u00b7<\/em><em>nes concern\u00e9<\/em><em>\u00b7e<\/em><em>s\u00a0\u00bb.<\/em><\/p>\n\n<p><em>\u00ab\u00a0Nous esp\u00e9rons que cette d\u00e9cision permettra enfin d\u2019avancer sur la d\u00e9pollution des sols dans la r\u00e9gion\u00a0\u00bb<\/em>, compl\u00e8te Toon Penen, habitant de Zwijndrecht et membre de l&rsquo;association Grondrecht.&nbsp;<em>\u00ab\u00a0Cette d\u00e9cision met \u00e0 mal l\u2019entreprise de d\u00e9sinformation men\u00e9e par les membres de la malnomm\u00e9e \u2018alliance pour l&rsquo;assainissement\u2019 (\u2018Saneringsverbond\u2019). Nous allons enfin pouvoir travailler \u00e0 un n\u00e9cessaire assainissement s\u00fbr et l\u00e9gal des sols de notre environnement direct, avec une vraie transparence et un mode de d\u00e9cision participatif. Malgr\u00e9 l&rsquo;absence de toute forme de soutien de la part de la commune de Zwijndrecht ou d&rsquo;autres membres de l&rsquo;alliance pour l&rsquo;assainissement, nous montrons aujourd&rsquo;hui que les citoyen<\/em><em>\u00b7<\/em><em>nes qui se l\u00e8vent pour d\u00e9fendre leur droit peuvent obtenir gain de cause.\u201d&nbsp;<\/em><\/p>\n\n<p>L&rsquo;arr\u00eat soul\u00e8ve de grandes questions quant \u00e0 la mani\u00e8re dont le gouvernement flamand va maintenant traiter la terre contamin\u00e9e ill\u00e9galement r\u00e9pandue. Il s&rsquo;agit dans un premier temps d&rsquo;un \u00e9norme lot de terre qui a \u00e9t\u00e9 d\u00e9plac\u00e9 \u00e0 l&rsquo;aide des certificats de sol contest\u00e9s, mais que Lantis a jusqu&rsquo;\u00e0 pr\u00e9sent refus\u00e9 d&rsquo;assainir.&nbsp;<\/p>\n\n<p><em>\u00ab\u00a0Cet arr\u00eat est susceptible d&rsquo;avoir des effets majeurs sur Lantis et les grands travaux de terrassement similaires en g\u00e9n\u00e9ral. Par exemple, l\u2019utilisation de \u2018bermes\u2019 comme v\u00e9ritables d\u00e9charges comme solution \u00e0 la pollution des sols est tr\u00e8s clairement jug\u00e9e ill\u00e9gale. La Flandre se retrouve ainsi oblig\u00e9e d\u2019\u00e9voluer. L\u2019\u00e9poque o\u00f9 la pollution pouvait \u00eatre litt\u00e9ralement pouss\u00e9e dans les bas-c\u00f4t\u00e9s est d\u00e9sormais d\u00e9finitivement r\u00e9volue\u00a0\u00bb<\/em>, conclut la coalition PFAS.<\/p>\n\n<p>Enfin, la coalition souligne que cet arr\u00eat du Conseil d&rsquo;\u00c9tat pourrait \u00e9galement relancer l&rsquo;enqu\u00eate p\u00e9nale en cours sur le scandale des PFAS. Le modus operandi ayant \u00e9t\u00e9 d\u00e9finitivement d\u00e9clar\u00e9 ill\u00e9gal, la question se pose maintenant de savoir s&rsquo;il y a eu \u00e9galement une \u00ab\u00a0collusion de fonctionnaires\u00a0\u00bb.&nbsp;<\/p>\n","protected":false},"excerpt":{"rendered":"<p>Apr\u00e8s des ann\u00e9es de bataille juridique, organisations environnementales et citoyennes (rassembl\u00e9es au sein de la \u2018coalition PFAS\u2019) se r\u00e9jouissent du jugement du Conseil d&rsquo;\u00c9tat. Celui-ci qualifie d\u2019ill\u00e9gal la gestion des sols contamin\u00e9s sur les sites du chantier d&rsquo;Oosterweel \u00e0 Anvers, par l&rsquo;entreprise publique flamande Lantis. La coalition appelle toutes les parties prenantes \u00e0 prendre enfin leurs responsabilit\u00e9s dans cette affaire, en commen\u00e7ant par mettre en place un assainissement des sols et des eaux souterraines hautement pollu\u00e9s, conform\u00e9ment \u00e0 la loi.<\/p>\n","protected":false},"author":80,"featured_media":53253,"comment_status":"closed","ping_status":"closed","sticky":false,"template":"","format":"standard","meta":{"ep_exclude_from_search":false,"p4_og_title":"Chantier de Oosterweel (ring d\u2019Anvers) : arr\u00eat historique du Conseil d'\u00c9tat","p4_og_description":"Apr\u00e8s des ann\u00e9es de bataille juridique, organisations environnementales et citoyennes (rassembl\u00e9es au sein de la \u2018coalition PFAS\u2019) se r\u00e9jouissent du jugement du Conseil d'\u00c9tat. Celui-ci qualifie d\u2019ill\u00e9gal la gestion des sols contamin\u00e9s sur les sites du chantier d'Oosterweel \u00e0 Anvers, par l'entreprise publique flamande Lantis. La coalition appelle toutes les parties prenantes \u00e0 prendre enfin leurs responsabilit\u00e9s dans cette affaire, en commen\u00e7ant par mettre en place un assainissement des sols et des eaux souterraines hautement pollu\u00e9s, conform\u00e9ment \u00e0 la loi.","p4_og_image":"","p4_og_image_id":"","p4_seo_canonical_url":"","p4_campaign_name":"","p4_local_project":"","p4_basket_name":"","p4_department":"","footnotes":""},"categories":[150,151],"tags":[76,77],"p4-page-type":[117],"class_list":["post-58087","post","type-post","status-publish","format-standard","has-post-thumbnail","hentry","category-actualites","category-presse","tag-sante","tag-substancestoxique","p4-page-type-communique-de-presse"],"_links":{"self":[{"href":"https:\/\/www.greenpeace.org\/belgium\/fr\/wp-json\/wp\/v2\/posts\/58087","targetHints":{"allow":["GET"]}}],"collection":[{"href":"https:\/\/www.greenpeace.org\/belgium\/fr\/wp-json\/wp\/v2\/posts"}],"about":[{"href":"https:\/\/www.greenpeace.org\/belgium\/fr\/wp-json\/wp\/v2\/types\/post"}],"author":[{"embeddable":true,"href":"https:\/\/www.greenpeace.org\/belgium\/fr\/wp-json\/wp\/v2\/users\/80"}],"replies":[{"embeddable":true,"href":"https:\/\/www.greenpeace.org\/belgium\/fr\/wp-json\/wp\/v2\/comments?post=58087"}],"version-history":[{"count":4,"href":"https:\/\/www.greenpeace.org\/belgium\/fr\/wp-json\/wp\/v2\/posts\/58087\/revisions"}],"predecessor-version":[{"id":58092,"href":"https:\/\/www.greenpeace.org\/belgium\/fr\/wp-json\/wp\/v2\/posts\/58087\/revisions\/58092"}],"wp:featuredmedia":[{"embeddable":true,"href":"https:\/\/www.greenpeace.org\/belgium\/fr\/wp-json\/wp\/v2\/media\/53253"}],"wp:attachment":[{"href":"https:\/\/www.greenpeace.org\/belgium\/fr\/wp-json\/wp\/v2\/media?parent=58087"}],"wp:term":[{"taxonomy":"category","embeddable":true,"href":"https:\/\/www.greenpeace.org\/belgium\/fr\/wp-json\/wp\/v2\/categories?post=58087"},{"taxonomy":"post_tag","embeddable":true,"href":"https:\/\/www.greenpeace.org\/belgium\/fr\/wp-json\/wp\/v2\/tags?post=58087"},{"taxonomy":"p4-page-type","embeddable":true,"href":"https:\/\/www.greenpeace.org\/belgium\/fr\/wp-json\/wp\/v2\/p4-page-type?post=58087"}],"curies":[{"name":"wp","href":"https:\/\/api.w.org\/{rel}","templated":true}]}}