{"id":58582,"date":"2024-10-30T17:14:38","date_gmt":"2024-10-30T16:14:38","guid":{"rendered":"https:\/\/www.greenpeace.org\/belgium\/?p=58582"},"modified":"2024-10-30T19:01:43","modified_gmt":"2024-10-30T18:01:43","slug":"inondations-en-espagne-greenpeace-appelle-a-une-action-climatique-immediate-pour-eviter-lintensification-des-phenomenes-meteorologiques-extremes","status":"publish","type":"post","link":"https:\/\/www.greenpeace.org\/belgium\/fr\/communique-de-presse\/58582\/inondations-en-espagne-greenpeace-appelle-a-une-action-climatique-immediate-pour-eviter-lintensification-des-phenomenes-meteorologiques-extremes\/","title":{"rendered":"Inondations en Espagne : Greenpeace appelle \u00e0 une action climatique imm\u00e9diate pour \u00e9viter l\u2019intensification des ph\u00e9nom\u00e8nes m\u00e9t\u00e9orologiques extr\u00eames"},"content":{"rendered":"\n<p><strong>L&rsquo;Espagne a \u00e9t\u00e9 frapp\u00e9e par une temp\u00eate qui a provoqu\u00e9 des inondations d\u00e9vastatrices et d&rsquo;importants d\u00e9g\u00e2ts \u00e0 Valence, Albacete et Cuenca.<\/strong> <strong>Au moins 72 personnes y ont d\u00e9j\u00e0 perdu la vie. Greenpeace appelle \u00e0 une action climatique drastique, imm\u00e9diate et efficace pour emp\u00eacher l\u2019intensification et l\u2019augmentation de la r\u00e9currence de ce type de ph\u00e9nom\u00e8nes m\u00e9t\u00e9orologiques extr\u00eames.<\/strong><\/p>\n\n<p>\u201c<em>Les mots nous manquent pour exprimer nos condol\u00e9ances et notre soutien aux personnes touch\u00e9es par cette catastrophe\u201d <\/em>dit Mathieu Soete de Greenpeace Belgique.<em> \u201cLa crise climatique est souvent per\u00e7ue sous nos latitudes comme un concept abstrait, \u00e9loign\u00e9 de notre r\u00e9alit\u00e9 quotidienne. Mais ce qui se passe en Espagne nous montre tragiquement ce qu\u2019elle signifie : des conditions m\u00e9t\u00e9orologiques extr\u00eames plus fr\u00e9quentes et plus graves, avec des dommages de plus en plus importants pour les personnes et pour la nature. Tout retard dans l&rsquo;action climatique entra\u00eene des souffrances et des pertes inutiles. Nous ne pouvons pas le tol\u00e9rer.\u201d<\/em><\/p>\n\n<p>La crise climatique r\u00e9chauffe non seulement l&rsquo;atmosph\u00e8re, mais aussi les mers. Les temp\u00e9ratures anormalement \u00e9lev\u00e9es de la mer M\u00e9diterran\u00e9e alimentent les temp\u00eates extr\u00eames comme celle-ci, les rendant plus intenses et plus graves, avec davantage de pr\u00e9cipitations. \u00c0 cela s&rsquo;ajoute une gestion hydrologique probl\u00e9matique en Espagne : les cours d&rsquo;eau sont fragment\u00e9s et parsem\u00e9s de nombreux obstacles, les plaines inondables sont b\u00e9tonn\u00e9es (<a href=\"https:\/\/www.eldiario.es\/sociedad\/mapa-viviendas-zona-inundable-riesgo-inundacion-riadas-calle-calle_1_10485917.html\">plus d&rsquo;un million de maisons en Espagne sont construites dans des plaines inondables<\/a>). Cela exacerbe directement le risque d&rsquo;inondation.<\/p>\n\n<p><strong>Qui pour en assumer le co\u00fbt ?&nbsp;<\/strong><\/p>\n\n<p>Alors que les citoyen\u00b7nes souffrent des cons\u00e9quences dramatiques de la crise climatique, les entreprises actives dans les combustibles fossiles (qui constituent la cause principale de la crise climatique) continuent \u00e0 faire des profits et \u00e0 faire du lobbying pour freiner toute ambition climatique. Greenpeace exige que des entreprises comme Shell et TotalEnergies cessent de fuir leurs responsabilit\u00e9s et qu&rsquo;elles paient pour les dommages que la crise climatique cause d\u00e9j\u00e0 \u00e0 la soci\u00e9t\u00e9.<\/p>\n\n<p>La COP29, qui se tiendra \u00e0 Bakou en Azerba\u00efdjan, abordera notamment la question de la prise en charge des co\u00fbts li\u00e9s aux pertes et dommages caus\u00e9s par la crise climatique. Pour Greenpeace, les plus gros pollueurs &#8211; les entreprises actives dans les \u00e9nergies fossiles &#8211; doivent assumer un r\u00f4le majeur dans le paiement des dommages ainsi que dans le financement des mesures d&rsquo;adaptation n\u00e9cessaires pour prot\u00e9ger les populations des effets de la crise climatique.<\/p>\n\n<p>La restauration de la nature est \u00e9galement fondamentale pour lutter contre l\u2019impact des ph\u00e9nom\u00e8nes m\u00e9t\u00e9orologiques extr\u00eames. Elle offre une occasion unique de cr\u00e9er un environnement r\u00e9silient et sain. Pour ce faire, il faut agir au niveau local comme au niveau mondial.&nbsp;<\/p>\n\n<p><em>\u201cLes gouvernements qui n\u00e9gocient actuellement au sommet sur la biodiversit\u00e9 \u00e0 Cali en Colombie doivent trouver des fonds pour prot\u00e9ger et restaurer la biodiversit\u00e9\u201d<\/em> conclut Mathieu Soete. <em>\u201cInvestir dans la restauration de la biodiversit\u00e9, c&rsquo;est investir dans la sant\u00e9 et la protection des populations.\u201d<\/em><\/p>\n","protected":false},"excerpt":{"rendered":"<p>L&#8217;Espagne a \u00e9t\u00e9 frapp\u00e9e par une temp\u00eate qui a provoqu\u00e9 des inondations d\u00e9vastatrices et d&#8217;importants d\u00e9g\u00e2ts \u00e0 Valence, Albacete et Cuenca. Au moins 72 personnes y ont d\u00e9j\u00e0 perdu la&hellip;<\/p>\n","protected":false},"author":50,"featured_media":58585,"comment_status":"open","ping_status":"closed","sticky":false,"template":"","format":"standard","meta":{"ep_exclude_from_search":false,"p4_og_title":"Inondations en Espagne : Greenpeace appelle \u00e0 une action climatique imm\u00e9diate","p4_og_description":"Greenpeace appelle \u00e0 une action climatique imm\u00e9diate pour \u00e9viter l\u2019intensification des ph\u00e9nom\u00e8nes m\u00e9t\u00e9orologiques extr\u00eames","p4_og_image":"","p4_og_image_id":"","p4_seo_canonical_url":"","p4_campaign_name":"","p4_local_project":"","p4_basket_name":"","p4_department":"","footnotes":""},"categories":[152,150,169,173,151],"tags":[86],"p4-page-type":[117],"class_list":["post-58582","post","type-post","status-publish","format-standard","has-post-thumbnail","hentry","category-a-la-une","category-actualites","category-climat","category-justice-climatique","category-presse","tag-climat","p4-page-type-communique-de-presse"],"_links":{"self":[{"href":"https:\/\/www.greenpeace.org\/belgium\/fr\/wp-json\/wp\/v2\/posts\/58582","targetHints":{"allow":["GET"]}}],"collection":[{"href":"https:\/\/www.greenpeace.org\/belgium\/fr\/wp-json\/wp\/v2\/posts"}],"about":[{"href":"https:\/\/www.greenpeace.org\/belgium\/fr\/wp-json\/wp\/v2\/types\/post"}],"author":[{"embeddable":true,"href":"https:\/\/www.greenpeace.org\/belgium\/fr\/wp-json\/wp\/v2\/users\/50"}],"replies":[{"embeddable":true,"href":"https:\/\/www.greenpeace.org\/belgium\/fr\/wp-json\/wp\/v2\/comments?post=58582"}],"version-history":[{"count":1,"href":"https:\/\/www.greenpeace.org\/belgium\/fr\/wp-json\/wp\/v2\/posts\/58582\/revisions"}],"predecessor-version":[{"id":58583,"href":"https:\/\/www.greenpeace.org\/belgium\/fr\/wp-json\/wp\/v2\/posts\/58582\/revisions\/58583"}],"wp:featuredmedia":[{"embeddable":true,"href":"https:\/\/www.greenpeace.org\/belgium\/fr\/wp-json\/wp\/v2\/media\/58585"}],"wp:attachment":[{"href":"https:\/\/www.greenpeace.org\/belgium\/fr\/wp-json\/wp\/v2\/media?parent=58582"}],"wp:term":[{"taxonomy":"category","embeddable":true,"href":"https:\/\/www.greenpeace.org\/belgium\/fr\/wp-json\/wp\/v2\/categories?post=58582"},{"taxonomy":"post_tag","embeddable":true,"href":"https:\/\/www.greenpeace.org\/belgium\/fr\/wp-json\/wp\/v2\/tags?post=58582"},{"taxonomy":"p4-page-type","embeddable":true,"href":"https:\/\/www.greenpeace.org\/belgium\/fr\/wp-json\/wp\/v2\/p4-page-type?post=58582"}],"curies":[{"name":"wp","href":"https:\/\/api.w.org\/{rel}","templated":true}]}}