{"id":586,"date":"2016-10-19T18:06:00","date_gmt":"2016-10-19T18:06:00","guid":{"rendered":"https:\/\/www.greenpeace.org\/belgium\/blog\/586\/un-nouvel-outil-pour-lagriculture-ecologique\/"},"modified":"2019-11-06T10:23:47","modified_gmt":"2019-11-06T08:23:47","slug":"un-nouvel-outil-pour-lagriculture-ecologique","status":"publish","type":"post","link":"https:\/\/www.greenpeace.org\/belgium\/fr\/actualites-blog\/586\/un-nouvel-outil-pour-lagriculture-ecologique\/","title":{"rendered":"Un nouvel outil pour l\u2019agriculture \u00e9cologique"},"content":{"rendered":"<div class=\"post-content\">\n<div>\n<p><strong>Le site web <a href=\"https:\/\/be-fr.farmers2farmers.org\/?noredirect=fr_FR\">Farmers2Farmers.org<\/a> est une plateforme qui va aider \u00e0 essaimer l\u2019agriculture \u00e9cologique en Europe. Des fermiers europ\u00e9ens y partagent leur savoir-faire et certains auront m\u00eame l\u2019opportunit\u00e9 de visiter, tous frais pay\u00e9s, l\u2019exploitation d\u2019un coll\u00e8gue \u00e9tranger.<\/strong><\/p>\n<p>Produire mieux, en harmonie avec la nature, afin de pr\u00e9server l\u2019environnement et de fournir une alimentation de qualit\u00e9\u2026 L\u2019agriculture \u00e9cologique se d\u00e9veloppe en Europe. Mais dans beaucoup de pays, d\u2019Europe de l\u2019Est notamment, tr\u00e8s peu de structures ou d\u2019outils existent pour permettre les \u00e9changes et la diffusion des connaissances entre agriculteurs, pour les accompagner dans leur d\u00e9marche de changement.<\/p>\n<p>Greenpeace lance donc le site <a href=\"https:\/\/be-fr.farmers2farmers.org\/?noredirect=fr_FR\">Farmers2Farmers.org<\/a>, une plateforme d\u2019\u00e9change faite par et pour les fermiers. Des agriculteurs de diff\u00e9rents pays europ\u00e9ens pourront ainsi \u00e9changer leurs bonnes pratiques. Ce sont leurs connaissances, leurs savoirs et leur savoir-faire qui seront partag\u00e9s sur cette plateforme. Greenpeace, gr\u00e2ce \u00e0 son r\u00e9seau international, facilite ensuite la diffusion.<\/p>\n<p><img decoding=\"async\" src=\"https:\/\/www.greenpeace.org\/static\/planet4-belgium-stateless\/2018\/12\/dfe925b7-dfe925b7-131297_230683.jpg\" alt=\"\" \/><\/p>\n<p><strong>Comment mettre en place des alternatives qui marchent ?<\/strong><\/p>\n<p>Ce site permet d\u2019\u00e9changer des informations sur les diff\u00e9rentes pratiques agricoles durables, notamment gr\u00e2ce \u00e0 des \u00e9tudes de cas concrets. Par exemple : comment produire des l\u00e9gumes sans pesticides n\u00e9onicotino\u00efdes ? Comment am\u00e9liorer son autonomie alimentaire en \u00e9levage et \u00e9viter ainsi l\u2019achat d\u2019aliments transg\u00e9niques ? Le site recense des informations techniques et financi\u00e8res sur des alternatives exp\u00e9riment\u00e9es sur le terrain. De nouveaux exemples seront r\u00e9guli\u00e8rement ajout\u00e9s.<\/p>\n<p><strong>FarmErasmus, un programme d\u2019\u00e9change entre agriculteurs<\/strong><\/p>\n<p>En parall\u00e8le, les agriculteurs peuvent se porter candidat \u00e0 un \u00ab <a href=\"https:\/\/be-fr.farmers2farmers.org\/farmerasmus\/\">FarmErasmus<\/a> \u00bb, un programme d\u2019\u00e9change qui leur permettra de passer quelques jours dans une ferme d\u2019accueil et d\u2019y rencontrer d\u2019autres agriculteurs. Par exemple, les agriculteurs retenus pourront se rendre dans la ferme d\u2019Albena Simeonova, pionni\u00e8re du mouvement bio en Bulgarie, ou encore visiter la ferme de S\u00e9bastien qui cultive une grande vari\u00e9t\u00e9 de c\u00e9r\u00e9ales en France. Six visites sont pr\u00e9vues en 2016-2017 sur des exploitations fran\u00e7aises, belges, grecques et bulgares.<\/p>\n<p><strong>L\u2019agriculture \u00e9cologique, seule \u00e0 garantir l\u2019avenir de l\u2019humanit\u00e9<\/strong><\/p>\n<p>Greenpeace \u0153uvre pour une <a href=\"http:\/\/www.greenpeace.org\/belgium\/fr\/nos-campagnes\/agriculture-durable\/solutions\/agriculture-bio\/\">agriculture qui soit b\u00e9n\u00e9fique pour la plan\u00e8te et l\u2019ensemble de la population<\/a>. Une agriculture qui produit une alimentation saine en harmonie avec la nature et qui, en outre, contribue \u00e0 att\u00e9nuer le changement climatique. C\u2019est pour cela, que, depuis quelques ann\u00e9es, Greenpeace travaille \u00e0 la promotion des solutions apport\u00e9es par l\u2019agriculture \u00e9cologique. En d\u00e9but d\u2019ann\u00e9e, Greenpeace Belgique avait lanc\u00e9 une campagne de crowdfunding en collaboration avec De Landgenoten et Terre-en-Vue afin d\u2019aider deux fermiers soucieux de l\u2019environnement \u00e0 acc\u00e9der \u00e0 de la terre. Ce projet avait permis de r\u00e9colter plus de 40.000 euros.<\/p>\n<p>Le projet <a href=\"https:\/\/be-fr.farmers2farmers.org\/?noredirect=fr_FR\">Farmers2Farmers.org<\/a> poursuit le m\u00eame objectif : contribuer en Europe au d\u00e9veloppement d\u2019une autre agriculture, respectueuse de la terre et de l\u2019humain.<\/p>\n<\/div>\n<\/div>\n","protected":false},"excerpt":{"rendered":"<p>Le site web Farmers2Farmers.org est une plateforme qui va aider \u00e0 essaimer l\u2019agriculture \u00e9cologique en Europe. Des fermiers europ\u00e9ens y partagent leur savoir-faire et certains auront m\u00eame l\u2019opportunit\u00e9 de visiter, tous frais pay\u00e9s, l\u2019exploitation d\u2019un coll\u00e8gue \u00e9tranger.<\/p>\n","protected":false},"author":105,"featured_media":587,"comment_status":"closed","ping_status":"closed","sticky":false,"template":"","format":"standard","meta":{"ep_exclude_from_search":false,"p4_og_title":"","p4_og_description":"","p4_og_image":"","p4_og_image_id":"","p4_seo_canonical_url":"","p4_campaign_name":"","p4_local_project":"","p4_basket_name":"","p4_department":"","footnotes":""},"categories":[106],"tags":[85],"p4-page-type":[116],"class_list":["post-586","post","type-post","status-publish","format-standard","has-post-thumbnail","hentry","category-il-est-encore-temps","tag-agriculture","p4-page-type-actualites-blog"],"_links":{"self":[{"href":"https:\/\/www.greenpeace.org\/belgium\/fr\/wp-json\/wp\/v2\/posts\/586","targetHints":{"allow":["GET"]}}],"collection":[{"href":"https:\/\/www.greenpeace.org\/belgium\/fr\/wp-json\/wp\/v2\/posts"}],"about":[{"href":"https:\/\/www.greenpeace.org\/belgium\/fr\/wp-json\/wp\/v2\/types\/post"}],"author":[{"embeddable":true,"href":"https:\/\/www.greenpeace.org\/belgium\/fr\/wp-json\/wp\/v2\/users\/105"}],"replies":[{"embeddable":true,"href":"https:\/\/www.greenpeace.org\/belgium\/fr\/wp-json\/wp\/v2\/comments?post=586"}],"version-history":[{"count":2,"href":"https:\/\/www.greenpeace.org\/belgium\/fr\/wp-json\/wp\/v2\/posts\/586\/revisions"}],"predecessor-version":[{"id":2697,"href":"https:\/\/www.greenpeace.org\/belgium\/fr\/wp-json\/wp\/v2\/posts\/586\/revisions\/2697"}],"wp:featuredmedia":[{"embeddable":true,"href":"https:\/\/www.greenpeace.org\/belgium\/fr\/wp-json\/wp\/v2\/media\/587"}],"wp:attachment":[{"href":"https:\/\/www.greenpeace.org\/belgium\/fr\/wp-json\/wp\/v2\/media?parent=586"}],"wp:term":[{"taxonomy":"category","embeddable":true,"href":"https:\/\/www.greenpeace.org\/belgium\/fr\/wp-json\/wp\/v2\/categories?post=586"},{"taxonomy":"post_tag","embeddable":true,"href":"https:\/\/www.greenpeace.org\/belgium\/fr\/wp-json\/wp\/v2\/tags?post=586"},{"taxonomy":"p4-page-type","embeddable":true,"href":"https:\/\/www.greenpeace.org\/belgium\/fr\/wp-json\/wp\/v2\/p4-page-type?post=586"}],"curies":[{"name":"wp","href":"https:\/\/api.w.org\/{rel}","templated":true}]}}