{"id":58617,"date":"2024-11-02T17:14:11","date_gmt":"2024-11-02T16:14:11","guid":{"rendered":"https:\/\/www.greenpeace.org\/belgium\/?p=58617"},"modified":"2024-11-05T15:11:22","modified_gmt":"2024-11-05T14:11:22","slug":"cloture-du-sommet-des-nations-unies-sur-la-biodiversite-labsence-daccord-sur-le-financement-est-inacceptable","status":"publish","type":"post","link":"https:\/\/www.greenpeace.org\/belgium\/fr\/communique-de-presse\/58617\/cloture-du-sommet-des-nations-unies-sur-la-biodiversite-labsence-daccord-sur-le-financement-est-inacceptable\/","title":{"rendered":"Cl\u00f4ture du sommet des Nations unies sur la biodiversit\u00e9 : \u201cL&rsquo;absence d&rsquo;accord sur le financement est inacceptable\u201d"},"content":{"rendered":"\n<p><strong>Le sommet des Nations unies sur la biodiversit\u00e9 qui s&rsquo;est tenu \u00e0 Cali vient de se terminer sans qu\u2019un accord sur le financement n\u2019ait pu \u00eatre conclu. Les n\u00e9gociations \u00e0 ce sujet ont \u00e9t\u00e9 interrompues dans la derni\u00e8re ligne droite. <\/strong><strong><em>\u201cInacceptable et d\u00e9cevant\u201d<\/em><\/strong><strong> d\u00e9plore Greenpeace. L\u2019ONG environnementale salue en revanche la cr\u00e9ation d\u2019un nouvel organe permanent pour les peuples indig\u00e8nes et d&rsquo;un nouveau fonds (le<\/strong><strong><em> Cali fund<\/em><\/strong><strong>) via lequel les g\u00e9ants pharmaceutiques et les entreprises de cosm\u00e9tiques peuvent contribuer \u00e0 la conservation de la nature.<\/strong><\/p>\n\n<p>\u201c<em>\u00c0 Cali, les gouvernements ont pr\u00e9sent\u00e9 des plans de protection de la nature, mais n&rsquo;ont pas r\u00e9ussi \u00e0 mobiliser l&rsquo;argent n\u00e9cessaire pour le faire aboutir\u201d,<\/em> s\u2019indigne An Lambrechts, qui dirigeait la d\u00e9l\u00e9gation Greenpeace \u00e0 la COP16 . \u201c<em>Le financement des mesures pour prot\u00e9ger et restaurer la biodiversit\u00e9 s\u2019est retrouv\u00e9 bloqu\u00e9 par un manque criant de volont\u00e9 de la part des pays riches et \u00e0 un lobbying sous-marin de nombreuses entreprises.<\/em> <em>\u00c0 une semaine du d\u00e9but du sommet sur le climat (COP29), cette absence de d\u00e9cision sur le financement nuit \u00e0 la confiance entre les pays du Sud et du Nord<\/em>.\u201d<\/p>\n\n<p>Un accord a n\u00e9anmoins \u00e9t\u00e9 trouv\u00e9 sur la <em>Digital Sequence Information<\/em>. Les g\u00e9ants pharmaceutiques et les grandes entreprises de cosm\u00e9tiques pourront d\u00e9sormais payer pour l&rsquo;utilisation de l&rsquo;information g\u00e9n\u00e9tique des plantes et des animaux.&nbsp;<\/p>\n\n<p><em>\u00ab\u00a0Les grandes soci\u00e9t\u00e9s pharmaceutiques et le secteur agricole n&rsquo;ont heureusement pas r\u00e9ussi \u00e0 bloquer cet accord novateur\u201d<\/em>, continue An Lambrechts. <em>\u201cOn ne sait pas encore exactement comment le fonds fonctionnera, mais cela pourrait v\u00e9ritablement changer la donne. La nature est au bord de l&rsquo;effondrement et il est inacceptable que les populations du monde entier continuent \u00e0 payer pour cela. Par ailleurs, la cr\u00e9ation d&rsquo;un nouvel organe permanent pour les communaut\u00e9s autochtones, qui leur permettra de participer davantage aux d\u00e9cisions en mati\u00e8re de conservation et de mieux d\u00e9fendre leurs int\u00e9r\u00eats, ainsi que les progr\u00e8s r\u00e9alis\u00e9s en mati\u00e8re de protection des oc\u00e9ans sont autant d\u2019\u00e9tapes importantes, obtenues au terme de longues et difficiles n\u00e9gociations.\u201d<\/em><\/p>\n\n<p><strong>La Belgique \u00e0 la COP16<\/strong><\/p>\n\n<p>La Belgique est arriv\u00e9e les mains vides \u00e0 Cali et n&rsquo;y \u00e9tait m\u00eame pas repr\u00e9sent\u00e9e par un ministre.<\/p>\n\n<p>\u201c<em>Notre pays doit imp\u00e9rativement se doter d\u2019une <\/em><a href=\"https:\/\/www.greenpeace.org\/belgium\/fr\/blog\/58317\/un-chemin-difficile-pour-la-nouvelle-strategie-belge-en-matiere-de-biodiversite\/\"><em>strat\u00e9gie ambitieuse en mati\u00e8re de biodiversit\u00e9<\/em><\/a><em>, qui contribue au cadre mondial pour la biodiversit\u00e9 adopt\u00e9 \u00e0 Montr\u00e9al fin 2022, avec des objectifs mesurables\u201d, <\/em>explique Philippe Verbelen, charg\u00e9 de campagne biodiversit\u00e9 chez Greenpeace Belgique. \u201c<em>Elle doit permettre d&rsquo;enrayer l&rsquo;appauvrissement de la biodiversit\u00e9 d&rsquo;ici \u00e0 2030.<\/em> <em>Cela implique notamment de travailler activement \u00e0 la restauration de la nature, d&rsquo;augmenter la superficie de la nature prot\u00e9g\u00e9e chez nous \u00e0 30 % d&rsquo;ici 2030, de fournir des ressources financi\u00e8res nettement plus importantes pour la conservation de la biodiversit\u00e9 et un plan visant \u00e0 cartographier toutes les subventions accord\u00e9es par notre pays qui nuisent \u00e0 la biodiversit\u00e9 afin de les supprimer progressivement.<\/em>\u201d<\/p>\n","protected":false},"excerpt":{"rendered":"<p>Le sommet des Nations unies sur la biodiversit\u00e9 qui s&rsquo;est tenu \u00e0 Cali vient de se terminer sans qu\u2019un accord sur le financement n\u2019ait pu \u00eatre conclu.<\/p>\n","protected":false},"author":50,"featured_media":58618,"comment_status":"open","ping_status":"closed","sticky":false,"template":"","format":"standard","meta":{"ep_exclude_from_search":false,"p4_og_title":"Cl\u00f4ture du sommet des Nations unies sur la biodiversit\u00e9","p4_og_description":"Le sommet des Nations unies sur la biodiversit\u00e9 qui s'est tenu \u00e0 Cali vient de se terminer sans qu\u2019un accord sur le financement n\u2019ait pu \u00eatre conclu.","p4_og_image":"","p4_og_image_id":"","p4_seo_canonical_url":"","p4_campaign_name":"","p4_local_project":"","p4_basket_name":"","p4_department":"","footnotes":""},"categories":[152,150,171,175,176,151],"tags":[80,82,83],"p4-page-type":[117],"class_list":["post-58617","post","type-post","status-publish","format-standard","has-post-thumbnail","hentry","category-a-la-une","category-actualites","category-biodiversite","category-forets","category-oceans","category-presse","tag-forets","tag-oceans","tag-politique","p4-page-type-communique-de-presse"],"_links":{"self":[{"href":"https:\/\/www.greenpeace.org\/belgium\/fr\/wp-json\/wp\/v2\/posts\/58617","targetHints":{"allow":["GET"]}}],"collection":[{"href":"https:\/\/www.greenpeace.org\/belgium\/fr\/wp-json\/wp\/v2\/posts"}],"about":[{"href":"https:\/\/www.greenpeace.org\/belgium\/fr\/wp-json\/wp\/v2\/types\/post"}],"author":[{"embeddable":true,"href":"https:\/\/www.greenpeace.org\/belgium\/fr\/wp-json\/wp\/v2\/users\/50"}],"replies":[{"embeddable":true,"href":"https:\/\/www.greenpeace.org\/belgium\/fr\/wp-json\/wp\/v2\/comments?post=58617"}],"version-history":[{"count":4,"href":"https:\/\/www.greenpeace.org\/belgium\/fr\/wp-json\/wp\/v2\/posts\/58617\/revisions"}],"predecessor-version":[{"id":58629,"href":"https:\/\/www.greenpeace.org\/belgium\/fr\/wp-json\/wp\/v2\/posts\/58617\/revisions\/58629"}],"wp:featuredmedia":[{"embeddable":true,"href":"https:\/\/www.greenpeace.org\/belgium\/fr\/wp-json\/wp\/v2\/media\/58618"}],"wp:attachment":[{"href":"https:\/\/www.greenpeace.org\/belgium\/fr\/wp-json\/wp\/v2\/media?parent=58617"}],"wp:term":[{"taxonomy":"category","embeddable":true,"href":"https:\/\/www.greenpeace.org\/belgium\/fr\/wp-json\/wp\/v2\/categories?post=58617"},{"taxonomy":"post_tag","embeddable":true,"href":"https:\/\/www.greenpeace.org\/belgium\/fr\/wp-json\/wp\/v2\/tags?post=58617"},{"taxonomy":"p4-page-type","embeddable":true,"href":"https:\/\/www.greenpeace.org\/belgium\/fr\/wp-json\/wp\/v2\/p4-page-type?post=58617"}],"curies":[{"name":"wp","href":"https:\/\/api.w.org\/{rel}","templated":true}]}}