{"id":58630,"date":"2024-11-05T15:50:04","date_gmt":"2024-11-05T14:50:04","guid":{"rendered":"https:\/\/www.greenpeace.org\/belgium\/?p=58630"},"modified":"2024-11-05T15:52:29","modified_gmt":"2024-11-05T14:52:29","slug":"un-nouveau-gazoduc-en-belgique-non-merci","status":"publish","type":"post","link":"https:\/\/www.greenpeace.org\/belgium\/fr\/actualites-blog\/58630\/un-nouveau-gazoduc-en-belgique-non-merci\/","title":{"rendered":"Un nouveau gazoduc en Belgique ? Non merci !"},"content":{"rendered":"\n<p><strong>Ces derni\u00e8res ann\u00e9es, la consommation de gaz fossile a fortement baiss\u00e9 dans notre pays. Des nouvelles politiques publiques visent d\u2019ailleurs \u00e0 \u00e9liminer progressivement ce combustible fossile. Cela n\u2019a pas emp\u00each\u00e9 le gouvernement flamand d\u2019approuver cet \u00e9t\u00e9 un nouveau projet de gazoduc dans le Limbourg. Prise en d\u00e9pit de tout bon sens, cette d\u00e9cision va \u00e0 l\u2019encontre de la transition \u00e9nerg\u00e9tique et risque d\u2019alourdir la facture \u00e9nerg\u00e9tique des citoyen\u00b7nes. Greenpeace, Bond Beter Leefmilieu et Dryade viennent donc d\u2019introduire un recours contre ce permis pour une nouvelle infrastructure fossile.<\/strong><\/p>\n\n<figure class=\"wp-block-image size-full\"><img loading=\"lazy\" decoding=\"async\" width=\"800\" height=\"450\" src=\"https:\/\/www.greenpeace.org\/static\/planet4-belgium-stateless\/2024\/11\/40ad21f8-gp0su2ic7_low-res-with-credit-line-800px.jpg\" alt=\"\" class=\"wp-image-58633\" srcset=\"https:\/\/www.greenpeace.org\/static\/planet4-belgium-stateless\/2024\/11\/40ad21f8-gp0su2ic7_low-res-with-credit-line-800px.jpg 800w, https:\/\/www.greenpeace.org\/static\/planet4-belgium-stateless\/2024\/11\/40ad21f8-gp0su2ic7_low-res-with-credit-line-800px-300x169.jpg 300w, https:\/\/www.greenpeace.org\/static\/planet4-belgium-stateless\/2024\/11\/40ad21f8-gp0su2ic7_low-res-with-credit-line-800px-768x432.jpg 768w, https:\/\/www.greenpeace.org\/static\/planet4-belgium-stateless\/2024\/11\/40ad21f8-gp0su2ic7_low-res-with-credit-line-800px-510x287.jpg 510w\" sizes=\"auto, (max-width: 800px) 100vw, 800px\" \/><figcaption class=\"wp-element-caption\">Action de Greenpeace contre le projet de pipeline de Tuzla-Podi\u0219or en Roumanie \u00a9 R\u0103zvan Dima \/ Greenpeace<\/figcaption><\/figure>\n\n<h4 class=\"wp-block-heading\">Vous pensez aussi qu\u2019il est grand temps d\u2019emp\u00eacher toute nouvelle infrastructure fossile  ?<\/h4>\n\n<div class=\"wp-block-buttons is-layout-flex wp-block-buttons-is-layout-flex\">\n<div class=\"wp-block-button\"><a class=\"wp-block-button__link wp-element-button\" href=\"https:\/\/act.greenpeace.org\/page\/153938\/petition\/1?locale=fr-BE\" target=\"_blank\" rel=\"noreferrer noopener\">Signez notre lettre ouverte<\/a><\/div>\n<\/div>\n\n<p>Cet \u00e9t\u00e9, le gouvernement flamand en affaires courantes s\u2019est accord\u00e9 sur un plan r\u00e9gional d\u2019am\u00e9nagement du territoire pour la cr\u00e9ation d\u2019une voie de gazoducs (\u2018<em>leidingstraat<\/em>\u2019) entre Glabbeek dans le Brabant Flamand et Halen dans le Limbourg. Il s\u2019agit de l\u2019installation de plusieurs gazoducs destin\u00e9s dans un premier temps au gaz fossile et susceptible de servir \u00e0 l&rsquo;acheminement dans le futur de gaz dit \u201cverts\u201d, tel que l\u2019hydrog\u00e8ne produit de mani\u00e8re renouvelable. V\u00e9ritable non-sens en temps de crise climatique, la validation de ce projet d\u2019infrastructure fossile repose en plus sur des hypoth\u00e8ses obsol\u00e8tes.<\/p>\n\n<h2 class=\"wp-block-heading\">Entre 2021 et 2023, la consommation de gaz en Belgique a diminu\u00e9 de 20 %<\/h2>\n\n<p>Les <a href=\"https:\/\/opendata.fluvius.be\/explore\/dataset\/1_06b-verbruiksgegevens-statistische-sector-met-nace-sector\/export\/?refine.markt=Gas&amp;refine.richting=Afname\">donn\u00e9es publiques<\/a> disponibles montrent en effet qu\u2019une nouvelle infrastructure destin\u00e9e au gaz fossile n\u2019est pas n\u00e9cessaire, ni dans le Limbourg, ni en Belgique en g\u00e9n\u00e9ral. Entre 2021 et 2023, la consommation de gaz en Belgique<a href=\"https:\/\/economie.fgov.be\/nl\/themas\/energie\/energie-cijfers\/jaarlijkse-aardgasgegevens\"> a diminu\u00e9 de<\/a> 20 %. Une tendance qui devrait encore s\u2019acc\u00e9l\u00e9rer puisqu\u2019elle est encourag\u00e9e par des politiques publiques. Les b\u00e2timents les moins bien isol\u00e9s doivent \u00eatre r\u00e9nov\u00e9s, et <a href=\"https:\/\/www.lecho.be\/monargent\/analyse\/energie\/fin-des-chaudieres-au-mazout-et-au-gaz-quelles-sont-les-echeances-dans-les-trois-regions\/10551068.html\">\u00e0 Bruxelles comme en Flandre<\/a>, les nouvelles habitations construites ne pourront plus \u00eatre raccord\u00e9es au gaz d\u00e8s 2025. Parmi d\u2019autres instances, <a href=\"https:\/\/publications.europa.eu\/resource\/cellar\/6c154426-c5a6-11ee-95d9-01aa75ed71a1.0001.03\/DOC_3\">la Commission europ\u00e9enne elle-m\u00eame<\/a> s&rsquo;attend \u00e0 une forte baisse de la demande de gaz d&rsquo;ici 2040. Pour atteindre les objectifs climatiques de Paris, nous devrions nous d\u00e9barrasser presque totalement du gaz d\u2019ici 2035.&nbsp;<\/p>\n\n<p>Mais de tout cela, le nouveau plan d&rsquo;am\u00e9nagement du territoire ne tient pas du tout compte \u2026<\/p>\n\n<p>La projection plus lointaine de gazoducs destin\u00e9s au gaz vert comme l\u2019hydrog\u00e8ne n\u2019est pas convaincante non plus. Si la croyance en l\u2019hydrog\u00e8ne comme solution miracle \u00e9tait forte en 2020, force est de constater que cette fr\u00e9n\u00e9sie est bien retomb\u00e9e depuis. Lire \u00e0 ce sujet notre \u00e9tude \u201c<a href=\"https:\/\/drive.google.com\/file\/d\/1wDbtNWkwf4orM0wilaFzejuL7EE0H7sj\/view\">Au-del\u00e0 du hype<\/a>\u201d qui montre que le potentiel de l&rsquo;hydrog\u00e8ne renouvelable en tant qu&rsquo;alternative aux combustibles fossiles a \u00e9t\u00e9 largement surestim\u00e9. Cher et rare, l\u2019hydrog\u00e8ne renouvelable ne peut servir en r\u00e9alit\u00e9 qu\u2019\u00e0 un nombre limit\u00e9 de processus industriels, tels que la production d&rsquo;acier ou de m\u00e9thanol. Rien n&rsquo;indique d\u2019ailleurs une augmentation durable de la demande d&rsquo;hydrog\u00e8ne dans le Limbourg, o\u00f9 la construction des nouveaux gazoducs est pr\u00e9vue. Sur base des donn\u00e9es disponibles, il est donc plus qu\u2019incertain qu\u2019une infrastructure destin\u00e9e aux \u2018gaz renouvelables\u2019 soit n\u00e9cessaire.<\/p>\n\n<h2 class=\"wp-block-heading\">Les m\u00e9nages les plus pr\u00e9caires risquent d&rsquo;\u00eatre \u00e0 nouveau touch\u00e9s<\/h2>\n\n<p>Investir dans des infrastructures fossiles inutiles pr\u00e9sente des risques. Non seulement cela retarde les investissements n\u00e9cessaires dans le domaine des \u00e9nergies renouvelables. Mais cela conduit \u00e9galement \u00e0 ce qu\u2019on appelle des \u2018actifs \u00e9chou\u00e9s\u2019 (<em>stranded assets<\/em> en anglais), qui sont des investissements qui perdent de leur valeur en raison de la transition \u00e9nerg\u00e9tique. Les victimes de ces mauvais investissements publics seront les citoyen\u00b7nes, et en particulier les m\u00e9nages les plus pr\u00e9caires. Les investissements peuvent en effet se traduire par des augmentations des tarifs des r\u00e9seaux, poussant de plus en plus de foyers \u00e0 abandonner le gaz mais \u00e9tranglant toujours plus financi\u00e8rement les plus fragiles, qui ne peuvent pas se permettre de choisir leur source d&rsquo;\u00e9nergie.<\/p>\n\n<p>En<a href=\"https:\/\/www.janrosenow.com\/uploads\/4\/7\/1\/2\/4712328\/the_elephant_in_the_room_v4.pdf\"> France<\/a> et en<a href=\"https:\/\/www.morgenpost.de\/wirtschaft\/article407441623\/gaspreise-heizung-heizen-gas-kosten-deutschland-netzentgelte.html\"> Allemagne<\/a>, l\u2019augmentation des tarifs des r\u00e9seaux suite \u00e0 la diminution de la demande en gaz, est d\u00e9j\u00e0 une r\u00e9alit\u00e9. Les pouvoirs publics doivent intervenir face \u00e0 ce ph\u00e9nom\u00e8ne. Non pas en se lan\u00e7ant dans des investissements dans de nouvelles infrastructures fossiles qui font grimper les factures d&rsquo;\u00e9nergie mais en soutenant les familles vuln\u00e9rables afin qu&rsquo;elles puissent elles aussi se passer du gaz.\u00a0<\/p>\n\n<p>Le gouvernement flamand doit d\u2019urgence prendre la transition \u00e9nerg\u00e9tique au s\u00e9rieux et l&rsquo;int\u00e9grer dans ses politiques. Qu\u2019il s&rsquo;agisse d\u2019am\u00e9nagement du territoire, d\u2019octroi de permis ou d\u2019aide \u00e0 la r\u00e9novation et au chauffage, nos autorit\u00e9s doivent se montrer \u00e0 la hauteur de l\u2019urgence climatique.<\/p>\n\n<h4 class=\"wp-block-heading\">Vous pensez aussi qu\u2019il est grand temps d\u2019emp\u00eacher toute nouvelle infrastructure fossile  ?<\/h4>\n\n<div class=\"wp-block-buttons is-layout-flex wp-block-buttons-is-layout-flex\">\n<div class=\"wp-block-button\"><a class=\"wp-block-button__link wp-element-button\" href=\"https:\/\/act.greenpeace.org\/page\/153938\/petition\/1?locale=fr-BE\" target=\"_blank\" rel=\"noreferrer noopener\">Signez notre lettre ouverte<\/a><\/div>\n<\/div>\n\n<span class=\"shareSocialArea\">\n<a class=\"shareFacebook\" href=\"https:\/\/www.facebook.com\/sharer\/sharer.php?u=https%3A%2F%2Fwww.greenpeace.org%2Fbelgium%2Ffr%2Fblog%2F58630%2Fun-nouveau-gazoduc-en-belgique-non-merci%2F%3Futm_medium%3Dshare%26utm_content%3Dpostid-58630%26utm_source%3Dfacebook\" target=\"_blank\" rel=\"noopener noreferrer\">Je partage sur Facebook<\/a>\n<a class=\"shareTwitter\" href=\"https:\/\/x.com\/intent\/post?related=greenpeace_be&#038;text=Un%20nouveau%20gazoduc%20en%20Belgique%20%3F%20Non%20merci%20%21%20-%20Ces%20derni%C3%A8res%20ann%C3%A9es%2C%20la%20consommation%20de%20gaz%20fossile%20a%20fortement%20baiss%C3%A9%20dans%20notre%20pays.%20Des%20nouvelles%20politiques%20publiques%20visent%20d%E2%80%99ailleurs%20%C3%A0%20%C3%A9liminer%20progressivement%20ce%20combustible%20fossile.%20Cela%20n%E2%80%99a%20pas%20emp%C3%AAch%C3%A9%20le%20gouvernement%20flamand%20d%E2%80%99approuver%20cet%20%C3%A9t%C3%A9%20un%20nouveau%20projet%20de%20gazoduc%20dans%20le%20Limbourg.%20Prise%20en%20d%C3%A9pit%20de%20tout%20bon%20sens%2C%20cette%20d%C3%A9cision%20va%20%C3%A0%20l%E2%80%99encontre%20de%20la%20transition%20%C3%A9nerg%C3%A9tique%20et%20risque%20d%E2%80%99alourdir%20la%20facture%20%C3%A9nerg%C3%A9tique%20des%20citoyen%C2%B7nes.%20Greenpeace%2C%20Bond%20Beter%20Leefmilieu%20et%20Dryade%20viennent%20donc%20d%E2%80%99introduire%20un%20recours%20contre%20ce%20permis%20pour%20une%20nouvelle%20infrastructure%20fossile.,%20via%20@greenpeace_be&#038;url=https%3A%2F%2Fwww.greenpeace.org%2Fbelgium%2Ffr%2Fblog%2F58630%2Fun-nouveau-gazoduc-en-belgique-non-merci%2F%3Futm_medium%3Dshare%26utm_content%3Dpostid-58630%26utm_source%3Dtwitter\" target=\"_blank\" rel=\"noopener noreferrer\">Je partage sur Twitter<\/a>\n<a class=\"shareWhatsapp\" href=\"https:\/\/wa.me\/?text=Ces%20derni%C3%A8res%20ann%C3%A9es%2C%20la%20consommation%20de%20gaz%20fossile%20a%20fortement%20baiss%C3%A9%20dans%20notre%20pays.%20Des%20nouvelles%20politiques%20publiques%20visent%20d%E2%80%99ailleurs%20%C3%A0%20%C3%A9liminer%20progressivement%20ce%20combustible%20fossile.%20Cela%20n%E2%80%99a%20pas%20emp%C3%AAch%C3%A9%20le%20gouvernement%20flamand%20d%E2%80%99approuver%20cet%20%C3%A9t%C3%A9%20un%20nouveau%20projet%20de%20gazoduc%20dans%20le%20Limbourg.%20Prise%20en%20d%C3%A9pit%20de%20tout%20bon%20sens%2C%20cette%20d%C3%A9cision%20va%20%C3%A0%20l%E2%80%99encontre%20de%20la%20transition%20%C3%A9nerg%C3%A9tique%20et%20risque%20d%E2%80%99alourdir%20la%20facture%20%C3%A9nerg%C3%A9tique%20des%20citoyen%C2%B7nes.%20Greenpeace%2C%20Bond%20Beter%20Leefmilieu%20et%20Dryade%20viennent%20donc%20d%E2%80%99introduire%20un%20recours%20contre%20ce%20permis%20pour%20une%20nouvelle%20infrastructure%20fossile.%20https%3A%2F%2Fwww.greenpeace.org%2Fbelgium%2Ffr%2Fblog%2F58630%2Fun-nouveau-gazoduc-en-belgique-non-merci%2F%3Futm_medium%3Dshare%26utm_content%3Dpostid-58630%26utm_source%3Dwhatsapp\" target=\"_blank\" rel=\"noopener noreferrer\">Je partage sur Whatsapp<\/a>\n<\/span>\n","protected":false},"excerpt":{"rendered":"<p>Ces derni\u00e8res ann\u00e9es, la consommation de gaz fossile a fortement baiss\u00e9 dans notre pays. Des nouvelles politiques publiques visent d\u2019ailleurs \u00e0 \u00e9liminer progressivement ce combustible fossile. Cela n\u2019a pas emp\u00each\u00e9 le gouvernement flamand d\u2019approuver cet \u00e9t\u00e9 un nouveau projet de gazoduc dans le Limbourg. Prise en d\u00e9pit de tout bon sens, cette d\u00e9cision va \u00e0 l\u2019encontre de la transition \u00e9nerg\u00e9tique et risque d\u2019alourdir la facture \u00e9nerg\u00e9tique des citoyen\u00b7nes. Greenpeace, Bond Beter Leefmilieu et Dryade viennent donc d\u2019introduire un recours contre ce permis pour une nouvelle infrastructure fossile.<\/p>\n","protected":false},"author":80,"featured_media":58633,"comment_status":"closed","ping_status":"closed","sticky":false,"template":"","format":"standard","meta":{"ep_exclude_from_search":false,"p4_og_title":"Un nouveau gazoduc en Belgique ? Non merci !","p4_og_description":"Ces derni\u00e8res ann\u00e9es, la consommation de gaz fossile a fortement baiss\u00e9 dans notre pays. Des nouvelles politiques publiques visent d\u2019ailleurs \u00e0 \u00e9liminer progressivement ce combustible fossile. Cela n\u2019a pas emp\u00each\u00e9 le gouvernement flamand d\u2019approuver cet \u00e9t\u00e9 un nouveau projet de gazoduc dans le Limbourg. Prise en d\u00e9pit de tout bon sens, cette d\u00e9cision va \u00e0 l\u2019encontre de la transition \u00e9nerg\u00e9tique et risque d\u2019alourdir la facture \u00e9nerg\u00e9tique des citoyen\u00b7nes. Greenpeace, Bond Beter Leefmilieu et Dryade viennent donc d\u2019introduire un recours contre ce permis pour une nouvelle infrastructure fossile.","p4_og_image":"","p4_og_image_id":"","p4_seo_canonical_url":"","p4_campaign_name":"not set","p4_local_project":"not set","p4_basket_name":"not set","p4_department":"","footnotes":""},"categories":[150,168,172,181],"tags":[70],"p4-page-type":[116],"class_list":["post-58630","post","type-post","status-publish","format-standard","has-post-thumbnail","hentry","category-actualites","category-campagnes","category-energie","category-energies-fossiles","tag-energie","p4-page-type-actualites-blog"],"_links":{"self":[{"href":"https:\/\/www.greenpeace.org\/belgium\/fr\/wp-json\/wp\/v2\/posts\/58630","targetHints":{"allow":["GET"]}}],"collection":[{"href":"https:\/\/www.greenpeace.org\/belgium\/fr\/wp-json\/wp\/v2\/posts"}],"about":[{"href":"https:\/\/www.greenpeace.org\/belgium\/fr\/wp-json\/wp\/v2\/types\/post"}],"author":[{"embeddable":true,"href":"https:\/\/www.greenpeace.org\/belgium\/fr\/wp-json\/wp\/v2\/users\/80"}],"replies":[{"embeddable":true,"href":"https:\/\/www.greenpeace.org\/belgium\/fr\/wp-json\/wp\/v2\/comments?post=58630"}],"version-history":[{"count":2,"href":"https:\/\/www.greenpeace.org\/belgium\/fr\/wp-json\/wp\/v2\/posts\/58630\/revisions"}],"predecessor-version":[{"id":58639,"href":"https:\/\/www.greenpeace.org\/belgium\/fr\/wp-json\/wp\/v2\/posts\/58630\/revisions\/58639"}],"wp:featuredmedia":[{"embeddable":true,"href":"https:\/\/www.greenpeace.org\/belgium\/fr\/wp-json\/wp\/v2\/media\/58633"}],"wp:attachment":[{"href":"https:\/\/www.greenpeace.org\/belgium\/fr\/wp-json\/wp\/v2\/media?parent=58630"}],"wp:term":[{"taxonomy":"category","embeddable":true,"href":"https:\/\/www.greenpeace.org\/belgium\/fr\/wp-json\/wp\/v2\/categories?post=58630"},{"taxonomy":"post_tag","embeddable":true,"href":"https:\/\/www.greenpeace.org\/belgium\/fr\/wp-json\/wp\/v2\/tags?post=58630"},{"taxonomy":"p4-page-type","embeddable":true,"href":"https:\/\/www.greenpeace.org\/belgium\/fr\/wp-json\/wp\/v2\/p4-page-type?post=58630"}],"curies":[{"name":"wp","href":"https:\/\/api.w.org\/{rel}","templated":true}]}}