{"id":58684,"date":"2024-11-18T10:40:39","date_gmt":"2024-11-18T09:40:39","guid":{"rendered":"https:\/\/www.greenpeace.org\/belgium\/?p=58684"},"modified":"2024-11-18T10:40:43","modified_gmt":"2024-11-18T09:40:43","slug":"cop29-la-deuxieme-semaine-doit-offrir-une-issue-au-blocage-des-negociations","status":"publish","type":"post","link":"https:\/\/www.greenpeace.org\/belgium\/fr\/communique-de-presse\/58684\/cop29-la-deuxieme-semaine-doit-offrir-une-issue-au-blocage-des-negociations\/","title":{"rendered":"COP29 : \u201cLa deuxi\u00e8me semaine doit offrir une issue au blocage des n\u00e9gociations\u201d"},"content":{"rendered":"\n<p><strong>Au terme de la premi\u00e8re semaine du sommet mondial des Nations Unies sur le climat, les n\u00e9gociations font du surplace \u00e0 Bakou.&nbsp;<\/strong><strong><em>\u201cMis \u00e0 part de nouvelles dangereuses man\u0153uvres vers des m\u00e9canismes de march\u00e9 carbone, nous constatons surtout un blocage complet jusqu\u2019ici\u201d<\/em><\/strong><strong>, d\u00e9plore Nadia Cornejo, porte-parole de Greenpeace Belgique pr\u00e9sente sur place. Une lutte acharn\u00e9e se dessine en deuxi\u00e8me semaine.&nbsp;<\/strong><\/p>\n\n<p>La premi\u00e8re semaine de la COP a \u00e9t\u00e9 marqu\u00e9e par l\u2019adoption, d\u00e8s la premi\u00e8re s\u00e9ance pl\u00e9ni\u00e8re, de nouvelles normes dans les m\u00e9canismes de march\u00e9 carbone.&nbsp;<em>\u201cEn permettant aux \u00c9tats les plus riches d\u2019acheter des cr\u00e9dits carbone \u00e0 d&rsquo;autres, on leur offre de facto la possibilit\u00e9 de ne pas r\u00e9duire leurs \u00e9missions de gaz \u00e0 effet de serre\u201d<\/em>, poursuit Nadia Cornejo.&nbsp;<em>\u201cCes m\u00e9canismes sapent tout action climatique r\u00e9elle au niveau mondial.\u201d&nbsp;<\/em><\/p>\n\n<p>Pour le reste, mise \u00e0 part quelques d\u00e9clarations int\u00e9ressantes de certains Etats, notamment de la Chine qui s\u2019est montr\u00e9e dispos\u00e9e pour la premi\u00e8re fois \u00e0 publier ses chiffres sur le financement climat, cette COP est surtout marqu\u00e9e par un blocage inacceptable.&nbsp;<em>\u201cLes n\u00e9gociations ont \u00e9t\u00e9 extr\u00eamement lentes jusqu\u2019\u00e0 pr\u00e9sent\u201d&nbsp;<\/em>explique Nadia Cornejo<em>. \u201cCela doit drastiquement changer cette semaine. Les \u00c9tats doivent de toute urgence se mettre d&rsquo;accord sur un nouvel objectif de financement climatique. Sans moyens suffisants, la lutte contre la crise climatique n\u2019a aucune chance d\u2019aboutir. Les mesures d\u2019att\u00e9nuation, d\u2019adaptation et de compensation des pertes et des dommages de la crise climatique ont besoin d\u2019\u00eatre financ\u00e9es \u00e0 hauteur de 1000 milliards par an, contre les 100 milliards actuels. La taxation de l\u2019industrie des \u00e9nergies fossiles, une des responsables majeurs de la crise climatique, doit contribuer \u00e0 ce financement.\u201d&nbsp;&nbsp;<\/em>Ce principe de taxation figure d\u2019ailleurs dans la derni\u00e8re version du texte du nouvel objectif de financement (NCQG).&nbsp;<\/p>\n\n<p><strong>Sortir des \u00e9nergies fossiles<\/strong><\/p>\n\n<p>L\u2019ann\u00e9e derni\u00e8re \u00e0 Duba\u00ef, la sortie des \u00e9nergies fossiles a \u00e9t\u00e9 mentionn\u00e9e pour la premi\u00e8re fois dans le texte final d\u2019une COP. Greenpeace exige que la COP29 aille plus loin, en dessinant un agenda chiffr\u00e9 et pr\u00e9cis de sortie de tous les combustibles fossiles.&nbsp;<em>\u201cNous avons vu ces derniers jours un groupe de pays, notamment l\u2019Arabie Saoudite, la Bolivie et l\u2019Iran, s\u2019associer pour bloquer toute avanc\u00e9e en la mati\u00e8re, et m\u00eame revenir en arri\u00e8re\u201d<\/em>&nbsp;poursuit Nadia Cornejo.<em>&nbsp;\u201cC\u2019est inacceptable. Sans une sortie concr\u00e8te des \u00e9nergies fossiles, nous n&rsquo;avons aucune chance de nous prot\u00e9ger de la crise climatique et de l&rsquo;augmentation des catastrophes climatiques extr\u00eames qui en r\u00e9sulte.\u201d<\/em><\/p>\n\n<p><strong>Les ministres belges arrivent \u00e0 Bakou<\/strong><\/p>\n\n<p>La deuxi\u00e8me semaine sera marqu\u00e9e par l\u2019arriv\u00e9e des ministres belges Khattabi, Maron et Depraetere \u00e0 Bakou. Greenpeace Belgique exhorte nos responsables politiques \u00e0 faire preuve d\u2019ambition et de solidarit\u00e9 avec les pays les plus vuln\u00e9rables, pour faire pression sur les n\u00e9gociations afin qu\u2019elle sorte du blocage et d\u00e9bouchent dans quelques jours sur un texte \u00e0 la hauteur de l\u2019urgence climatique.&nbsp;<\/p>\n","protected":false},"excerpt":{"rendered":"<p>Au terme de la premi\u00e8re semaine du sommet mondial des Nations Unies sur le climat, les n\u00e9gociations font du surplace \u00e0 Bakou.\u00a0\u201cMis \u00e0 part de nouvelles dangereuses man\u0153uvres vers des m\u00e9canismes de march\u00e9 carbone, nous constatons surtout un blocage complet jusqu\u2019ici\u201d, d\u00e9plore Nadia Cornejo, porte-parole de Greenpeace Belgique pr\u00e9sente sur place. Une lutte acharn\u00e9e se dessine en deuxi\u00e8me semaine.\u00a0<\/p>\n","protected":false},"author":80,"featured_media":58685,"comment_status":"closed","ping_status":"closed","sticky":false,"template":"","format":"standard","meta":{"ep_exclude_from_search":false,"p4_og_title":"COP29 : \u201cLa deuxi\u00e8me semaine doit offrir une issue au blocage des n\u00e9gociations\u201d","p4_og_description":"Au terme de la premi\u00e8re semaine du sommet mondial des Nations Unies sur le climat, les n\u00e9gociations font du surplace \u00e0 Bakou.\u00a0\u201cMis \u00e0 part de nouvelles dangereuses man\u0153uvres vers des m\u00e9canismes de march\u00e9 carbone, nous constatons surtout un blocage complet jusqu\u2019ici\u201d, d\u00e9plore Nadia Cornejo, porte-parole de Greenpeace Belgique pr\u00e9sente sur place. Une lutte acharn\u00e9e se dessine en deuxi\u00e8me semaine.\u00a0","p4_og_image":"https:\/\/www.greenpeace.org\/static\/planet4-belgium-stateless\/2024\/11\/5742a04a-gp0su3cjy_pressmedia-2500px.jpg","p4_og_image_id":"58685","p4_seo_canonical_url":"","p4_campaign_name":"","p4_local_project":"","p4_basket_name":"","p4_department":"","footnotes":""},"categories":[152,150,168,169,172,181,173,151],"tags":[],"p4-page-type":[117],"class_list":["post-58684","post","type-post","status-publish","format-standard","has-post-thumbnail","hentry","category-a-la-une","category-actualites","category-campagnes","category-climat","category-energie","category-energies-fossiles","category-justice-climatique","category-presse","p4-page-type-communique-de-presse"],"_links":{"self":[{"href":"https:\/\/www.greenpeace.org\/belgium\/fr\/wp-json\/wp\/v2\/posts\/58684","targetHints":{"allow":["GET"]}}],"collection":[{"href":"https:\/\/www.greenpeace.org\/belgium\/fr\/wp-json\/wp\/v2\/posts"}],"about":[{"href":"https:\/\/www.greenpeace.org\/belgium\/fr\/wp-json\/wp\/v2\/types\/post"}],"author":[{"embeddable":true,"href":"https:\/\/www.greenpeace.org\/belgium\/fr\/wp-json\/wp\/v2\/users\/80"}],"replies":[{"embeddable":true,"href":"https:\/\/www.greenpeace.org\/belgium\/fr\/wp-json\/wp\/v2\/comments?post=58684"}],"version-history":[{"count":1,"href":"https:\/\/www.greenpeace.org\/belgium\/fr\/wp-json\/wp\/v2\/posts\/58684\/revisions"}],"predecessor-version":[{"id":58687,"href":"https:\/\/www.greenpeace.org\/belgium\/fr\/wp-json\/wp\/v2\/posts\/58684\/revisions\/58687"}],"wp:featuredmedia":[{"embeddable":true,"href":"https:\/\/www.greenpeace.org\/belgium\/fr\/wp-json\/wp\/v2\/media\/58685"}],"wp:attachment":[{"href":"https:\/\/www.greenpeace.org\/belgium\/fr\/wp-json\/wp\/v2\/media?parent=58684"}],"wp:term":[{"taxonomy":"category","embeddable":true,"href":"https:\/\/www.greenpeace.org\/belgium\/fr\/wp-json\/wp\/v2\/categories?post=58684"},{"taxonomy":"post_tag","embeddable":true,"href":"https:\/\/www.greenpeace.org\/belgium\/fr\/wp-json\/wp\/v2\/tags?post=58684"},{"taxonomy":"p4-page-type","embeddable":true,"href":"https:\/\/www.greenpeace.org\/belgium\/fr\/wp-json\/wp\/v2\/p4-page-type?post=58684"}],"curies":[{"name":"wp","href":"https:\/\/api.w.org\/{rel}","templated":true}]}}