{"id":58716,"date":"2024-11-29T11:45:29","date_gmt":"2024-11-29T10:45:29","guid":{"rendered":"https:\/\/www.greenpeace.org\/belgium\/?p=58716"},"modified":"2024-11-29T11:46:26","modified_gmt":"2024-11-29T10:46:26","slug":"larctique-face-a-de-nouvelles-menaces-protegeons-le","status":"publish","type":"post","link":"https:\/\/www.greenpeace.org\/belgium\/fr\/actualiteit\/58716\/larctique-face-a-de-nouvelles-menaces-protegeons-le\/","title":{"rendered":"L&rsquo;Arctique face \u00e0 de nouvelles menaces : prot\u00e9geons-le !"},"content":{"rendered":"\n<p><strong>La glace de l&rsquo;Arctique fond. Ce changement menace gravement les communaut\u00e9s arctiques ainsi que des animaux comme les ours polaires et les baleines. Malheureusement, l&rsquo;industrie des \u00e9nergies fossiles ne consid\u00e8re pas la fonte des glaces comme une alerte face \u00e0 la crise climatique mais comme une opportunit\u00e9 d&rsquo;exploiter les ressources situ\u00e9es sous la glace.<\/strong><\/p>\n\n<figure class=\"wp-block-image size-large\"><img loading=\"lazy\" decoding=\"async\" width=\"1024\" height=\"683\" src=\"https:\/\/www.greenpeace.org\/static\/planet4-belgium-stateless\/2024\/11\/a04c4106-gp0stq2dq_medium-res-with-credit-line-1200px-1024x683.jpg\" alt=\"\" class=\"wp-image-58764\" srcset=\"https:\/\/www.greenpeace.org\/static\/planet4-belgium-stateless\/2024\/11\/a04c4106-gp0stq2dq_medium-res-with-credit-line-1200px-1024x683.jpg 1024w, https:\/\/www.greenpeace.org\/static\/planet4-belgium-stateless\/2024\/11\/a04c4106-gp0stq2dq_medium-res-with-credit-line-1200px-300x200.jpg 300w, https:\/\/www.greenpeace.org\/static\/planet4-belgium-stateless\/2024\/11\/a04c4106-gp0stq2dq_medium-res-with-credit-line-1200px-768x512.jpg 768w, https:\/\/www.greenpeace.org\/static\/planet4-belgium-stateless\/2024\/11\/a04c4106-gp0stq2dq_medium-res-with-credit-line-1200px-510x340.jpg 510w, https:\/\/www.greenpeace.org\/static\/planet4-belgium-stateless\/2024\/11\/a04c4106-gp0stq2dq_medium-res-with-credit-line-1200px.jpg 1200w\" sizes=\"auto, (max-width: 1024px) 100vw, 1024px\" \/><figcaption class=\"wp-element-caption\">Un ours polaire se d\u00e9place sur la banquise dans la baie de Baffin.<\/figcaption><\/figure>\n\n<h2 class=\"wp-block-heading\"><strong>Le miracle de l&rsquo;Arctique&nbsp;&nbsp;<\/strong><\/h2>\n\n<p>L&rsquo;Arctique est une r\u00e9gion extraordinaire. Les ours polaires, les phoques et les morses chassent sur sa glace. Les baleines, les poissons et les oiseaux marins se nourrissent dans ses eaux. Ses fonds marins abritent des coraux d&rsquo;eau froide et des jardins d&rsquo;\u00e9ponges. Et des pans entiers de l\u2019oc\u00e9an Arctique restent inexplor\u00e9s, regorgeant de myst\u00e8res \u00e0 d\u00e9couvrir.<\/p>\n\n<h2 class=\"wp-block-heading\"><strong>Nouvelles menaces pour l&rsquo;Arctique&nbsp;<\/strong><\/h2>\n\n<p>Une grande partie de l&rsquo;oc\u00e9an Arctique est couverte de glace toute l&rsquo;ann\u00e9e, ce qui la prot\u00e8ge de menaces qui touchent d&rsquo;autres oc\u00e9ans. Mais cette protection diminue.<\/p>\n\n<p>La crise climatique provoque le r\u00e9chauffement de la r\u00e9gion arctique. Et elle se r\u00e9chauffe deux fois plus vite que le reste du monde \u00e0 cause de la crise climatique, entra\u00eenant une rapide fonte des glaces. Les estimations varient mais selon <a href=\"https:\/\/www.nature.com\/articles\/s43017-023-00515-9\">des recherches r\u00e9centes<\/a>, l&rsquo;oc\u00e9an Arctique pourrait \u00eatre libre de glace en \u00e9t\u00e9 d&rsquo;ici 10 \u00e0 20 ans. Ce serait une premi\u00e8re dans l&rsquo;histoire de l&rsquo;humanit\u00e9.<\/p>\n\n<p>Moins de glace signifie davantage d&rsquo;oc\u00e9an ouvert et navigable. Cela attire les entreprises avides d&rsquo;exploiter les ressources de l&rsquo;Arctique. La fonte des glaces est donc consid\u00e9r\u00e9e comme une opportunit\u00e9 par plusieurs secteurs industriels.<\/p>\n\n<figure class=\"wp-block-image size-large\"><img loading=\"lazy\" decoding=\"async\" width=\"1024\" height=\"737\" src=\"https:\/\/www.greenpeace.org\/static\/planet4-belgium-stateless\/2024\/11\/4a224eb2-gp0su236r_medium-res-with-credit-line-1200px-1024x737.jpg\" alt=\"\" class=\"wp-image-58766\" srcset=\"https:\/\/www.greenpeace.org\/static\/planet4-belgium-stateless\/2024\/11\/4a224eb2-gp0su236r_medium-res-with-credit-line-1200px-1024x737.jpg 1024w, https:\/\/www.greenpeace.org\/static\/planet4-belgium-stateless\/2024\/11\/4a224eb2-gp0su236r_medium-res-with-credit-line-1200px-300x216.jpg 300w, https:\/\/www.greenpeace.org\/static\/planet4-belgium-stateless\/2024\/11\/4a224eb2-gp0su236r_medium-res-with-credit-line-1200px-768x553.jpg 768w, https:\/\/www.greenpeace.org\/static\/planet4-belgium-stateless\/2024\/11\/4a224eb2-gp0su236r_medium-res-with-credit-line-1200px-472x340.jpg 472w, https:\/\/www.greenpeace.org\/static\/planet4-belgium-stateless\/2024\/11\/4a224eb2-gp0su236r_medium-res-with-credit-line-1200px.jpg 1200w\" sizes=\"auto, (max-width: 1024px) 100vw, 1024px\" \/><figcaption class=\"wp-element-caption\">Le glacier Br\u00e5svellbreen illustre \u00e0 la fois la puissance et la fragilit\u00e9 de la nature. L\u2019impact du r\u00e9chauffement climatique sur ce glacier offre un spectacle \u00e0 couper le souffle, mais aussi un urgent signal d\u2019alarme.<\/figcaption><\/figure>\n\n<h3 class=\"wp-block-heading\"><strong>La p\u00eache<\/strong><\/h3>\n\n<p>La fonte des glaces permet \u00e0 l&rsquo;industrie de la p\u00eache d\u2019envisager s&rsquo;aventurer plus au nord. Cette m\u00eame industrie a d\u00e9j\u00e0 drastiquement amoindri les stocks de poissons dans d&rsquo;autres parties du monde.<span id=\"docs-internal-guid-a05d4d4a-7fff-703f-bf76-2fe4c2f1b869\"><\/span><\/p>\n\n<figure class=\"wp-block-image size-large\"><img loading=\"lazy\" decoding=\"async\" width=\"1024\" height=\"609\" src=\"https:\/\/www.greenpeace.org\/static\/planet4-belgium-stateless\/2024\/11\/a3bb4a6c-gp0stoj56_medium-res-with-credit-line-1200px-1024x609.jpg\" alt=\"\" class=\"wp-image-58768\" srcset=\"https:\/\/www.greenpeace.org\/static\/planet4-belgium-stateless\/2024\/11\/a3bb4a6c-gp0stoj56_medium-res-with-credit-line-1200px-1024x609.jpg 1024w, https:\/\/www.greenpeace.org\/static\/planet4-belgium-stateless\/2024\/11\/a3bb4a6c-gp0stoj56_medium-res-with-credit-line-1200px-300x178.jpg 300w, https:\/\/www.greenpeace.org\/static\/planet4-belgium-stateless\/2024\/11\/a3bb4a6c-gp0stoj56_medium-res-with-credit-line-1200px-768x457.jpg 768w, https:\/\/www.greenpeace.org\/static\/planet4-belgium-stateless\/2024\/11\/a3bb4a6c-gp0stoj56_medium-res-with-credit-line-1200px-510x303.jpg 510w, https:\/\/www.greenpeace.org\/static\/planet4-belgium-stateless\/2024\/11\/a3bb4a6c-gp0stoj56_medium-res-with-credit-line-1200px.jpg 1199w\" sizes=\"auto, (max-width: 1024px) 100vw, 1024px\" \/><figcaption class=\"wp-element-caption\">Gr\u00e2ce \u00e0 la pression exerc\u00e9e par Greenpeace, le gouvernement norv\u00e9gien a d\u00e9cid\u00e9 de prot\u00e9ger totalement 10 zones contre la p\u00eache au chalut. Cela emp\u00eache l&rsquo;expansion de cette pratique vers les zones lib\u00e9r\u00e9es par la fonte des glaces.<\/figcaption><\/figure>\n\n<h3 class=\"wp-block-heading\"><strong>P\u00e9trole et gaz dans l&rsquo;Arctique<\/strong><\/h3>\n\n<p>Le potentiel des r\u00e9serves d\u2019hydrocarbure dans l\u2019oc\u00e9an Arctique est immense. Il attire bon nombres de compagnies gazi\u00e8res et p\u00e9troli\u00e8res. C\u2019est un paradoxe inacceptable : la fonte des glaces doit nous rappeler la gravit\u00e9 de la crise climatique et non nous inciter \u00e0 rechercher davantage de combustibles fossiles qui en sont \u00e0 l\u2019origine.<\/p>\n\n<p>Forer dans l&rsquo;Arctique comporte \u00e9galement des risques tr\u00e8s importants : des icebergs pourraient percuter les plateformes p\u00e9troli\u00e8res, provoquant des fuites impossibles \u00e0 contenir. A ce jour, aucune entreprise n\u2019a prouv\u00e9 qu\u2019elle \u00e9tait en mesure de nettoyer de telles fuites dans ces conditions extr\u00eames.&nbsp;<\/p>\n\n<h3 class=\"wp-block-heading\"><strong>L&rsquo;exploitation mini\u00e8re en eaux profondes dans l&rsquo;Arctique<\/strong><\/h3>\n\n<p>Le gouvernement norv\u00e9gien pr\u00e9voit d&rsquo;autoriser l\u2019exploitation mini\u00e8re en eaux profondes dans une zone de l&rsquo;Arctique qui s\u2019\u00e9tend sur 281 200 km\u00b2. Une <a href=\"https:\/\/www.greenpeace.org\/international\/publication\/69800\/deep-sea-mining-in-the-arctic-living-treasures-at-risk\/\">\u00e9tude de Greenpeace<\/a> d\u00e9taille l\u2019immense diversit\u00e9 de faune menac\u00e9e par ces activit\u00e9s. Nous ne pouvons pas accepter la destruction d&rsquo;\u00e9cosyst\u00e8mes parmi les plus recul\u00e9s et les mieux pr\u00e9serv\u00e9s au monde, au seul nom du profit.<\/p>\n\n<figure class=\"wp-block-embed is-type-video is-provider-youtube wp-block-embed-youtube wp-embed-aspect-16-9 wp-has-aspect-ratio\"><div class=\"wp-block-embed__wrapper\">\n<iframe loading=\"lazy\" title=\"Jacob Collier &amp; AURORA - A Rock Somewhere X The Seed (Greenpeace)\" width=\"500\" height=\"281\" src=\"https:\/\/www.youtube.com\/embed\/4N-fqm2YLAU?feature=oembed\" frameborder=\"0\" allow=\"accelerometer; autoplay; clipboard-write; encrypted-media; gyroscope; picture-in-picture; web-share\" referrerpolicy=\"strict-origin-when-cross-origin\" allowfullscreen><\/iframe>\n<\/div><figcaption class=\"wp-element-caption\">L\u2019artiste anglais Jacob Collier, sextuple laur\u00e9at des Grammy Awards, et la superstar norv\u00e9gienne d\u2019alt-pop Aurora ont offert une performance magique en Arctique pour sensibiliser \u00e0 l&rsquo;urgence de prot\u00e9ger cette r\u00e9gion contre l&rsquo;exploitation mini\u00e8re en eaux profondes.<\/figcaption><\/figure>\n\n<h2 class=\"wp-block-heading\"><strong>La meilleure protection pour l&rsquo;Arctique : les r\u00e9serves marines<\/strong><\/h2>\n\n<p>A ce jour, seul 1,5 % de l\u2019oc\u00e9an Arctique est prot\u00e9g\u00e9. Cela doit changer. Une r\u00e9serve marine en Arctique pourrait tenir \u00e0 distance l\u2019industrie d\u2019exploitation mini\u00e8re, les flottes de p\u00eache et les plateformes p\u00e9troli\u00e8res. Comme toutes les autres r\u00e9serves, elle offrirait un refuge s\u00fbr aux animaux pour les aider \u00e0 r\u00e9sister \u00e0 la crise climatique.<\/p>\n\n<p>Greenpeace \u0153uvre \u00e0 l&rsquo;\u00e9chelle internationale pour prot\u00e9ger l&rsquo;Arctique. Rejoignez-nous !&nbsp;&nbsp;<\/p>\n\n<div class=\"wp-block-buttons is-layout-flex wp-block-buttons-is-layout-flex\">\n<div class=\"wp-block-button\"><a class=\"wp-block-button__link wp-element-button\" href=\"https:\/\/act.greenpeace.org\/page\/161652\/donate\/1?locale=fr-BE\" target=\"_blank\" rel=\"noreferrer noopener\">Je fais un don<\/a><\/div>\n<\/div>\n\n<span class=\"shareSocialArea\">\n<a class=\"shareFacebook\" href=\"https:\/\/www.facebook.com\/sharer\/sharer.php?u=https%3A%2F%2Fwww.greenpeace.org%2Fbelgium%2Ffr%2F%3Fp%3D58716%3Futm_medium%3Dshare%26utm_content%3Dpostid-58716%26utm_source%3Dfacebook\" target=\"_blank\" rel=\"noopener noreferrer\">Je partage sur Facebook<\/a>\n<a class=\"shareTwitter\" href=\"https:\/\/x.com\/intent\/post?related=greenpeace_be&#038;text=L%27Arctique%20face%20%C3%A0%20de%20nouvelles%20menaces%20%3A%20prot%C3%A9geons-le%20%21%20-%20La%20glace%20de%20l%27Arctique%20fond.%20Ce%20changement%20menace%20gravement%20les%20communaut%C3%A9s%20arctiques%20ainsi%20que%20des%20animaux%20comme%20les%20ours%20polaires%20et%20les%20baleines.,%20via%20@greenpeace_be&#038;url=https%3A%2F%2Fwww.greenpeace.org%2Fbelgium%2Ffr%2F%3Fp%3D58716%3Futm_medium%3Dshare%26utm_content%3Dpostid-58716%26utm_source%3Dtwitter\" target=\"_blank\" rel=\"noopener noreferrer\">Je partage sur Twitter<\/a>\n<a class=\"shareWhatsapp\" href=\"https:\/\/wa.me\/?text=La%20glace%20de%20l%27Arctique%20fond.%20Ce%20changement%20menace%20gravement%20les%20communaut%C3%A9s%20arctiques%20ainsi%20que%20des%20animaux%20comme%20les%20ours%20polaires%20et%20les%20baleines.%20https%3A%2F%2Fwww.greenpeace.org%2Fbelgium%2Ffr%2F%3Fp%3D58716%3Futm_medium%3Dshare%26utm_content%3Dpostid-58716%26utm_source%3Dwhatsapp\" target=\"_blank\" rel=\"noopener noreferrer\">Je partage sur Whatsapp<\/a>\n<\/span>\n\n<p><\/p>\n","protected":false},"excerpt":{"rendered":"<p>La glace de l&rsquo;Arctique fond. Ce changement menace gravement les communaut\u00e9s arctiques ainsi que des animaux comme les ours polaires et les baleines. <\/p>\n","protected":false},"author":105,"featured_media":58720,"comment_status":"closed","ping_status":"closed","sticky":false,"template":"","format":"standard","meta":{"ep_exclude_from_search":false,"p4_og_title":"L'Arctique face \u00e0 de nouvelles menaces : prot\u00e9geons-le !","p4_og_description":"La glace de l'Arctique fond. Ce changement menace gravement les communaut\u00e9s arctiques ainsi que des animaux comme les ours polaires et les baleines. ","p4_og_image":"https:\/\/www.greenpeace.org\/static\/planet4-belgium-stateless\/2024\/11\/a04c4106-gp0stq2dq_medium-res-with-credit-line-1200px.jpg","p4_og_image_id":"58764","p4_seo_canonical_url":"","p4_campaign_name":"not set","p4_local_project":"not set","p4_basket_name":"not set","p4_department":"","footnotes":""},"categories":[152,150,171,176],"tags":[82,82],"p4-page-type":[],"class_list":["post-58716","post","type-post","status-publish","format-standard","has-post-thumbnail","hentry","category-a-la-une","category-actualites","category-biodiversite","category-oceans","tag-oceans"],"_links":{"self":[{"href":"https:\/\/www.greenpeace.org\/belgium\/fr\/wp-json\/wp\/v2\/posts\/58716","targetHints":{"allow":["GET"]}}],"collection":[{"href":"https:\/\/www.greenpeace.org\/belgium\/fr\/wp-json\/wp\/v2\/posts"}],"about":[{"href":"https:\/\/www.greenpeace.org\/belgium\/fr\/wp-json\/wp\/v2\/types\/post"}],"author":[{"embeddable":true,"href":"https:\/\/www.greenpeace.org\/belgium\/fr\/wp-json\/wp\/v2\/users\/105"}],"replies":[{"embeddable":true,"href":"https:\/\/www.greenpeace.org\/belgium\/fr\/wp-json\/wp\/v2\/comments?post=58716"}],"version-history":[{"count":5,"href":"https:\/\/www.greenpeace.org\/belgium\/fr\/wp-json\/wp\/v2\/posts\/58716\/revisions"}],"predecessor-version":[{"id":58774,"href":"https:\/\/www.greenpeace.org\/belgium\/fr\/wp-json\/wp\/v2\/posts\/58716\/revisions\/58774"}],"wp:featuredmedia":[{"embeddable":true,"href":"https:\/\/www.greenpeace.org\/belgium\/fr\/wp-json\/wp\/v2\/media\/58720"}],"wp:attachment":[{"href":"https:\/\/www.greenpeace.org\/belgium\/fr\/wp-json\/wp\/v2\/media?parent=58716"}],"wp:term":[{"taxonomy":"category","embeddable":true,"href":"https:\/\/www.greenpeace.org\/belgium\/fr\/wp-json\/wp\/v2\/categories?post=58716"},{"taxonomy":"post_tag","embeddable":true,"href":"https:\/\/www.greenpeace.org\/belgium\/fr\/wp-json\/wp\/v2\/tags?post=58716"},{"taxonomy":"p4-page-type","embeddable":true,"href":"https:\/\/www.greenpeace.org\/belgium\/fr\/wp-json\/wp\/v2\/p4-page-type?post=58716"}],"curies":[{"name":"wp","href":"https:\/\/api.w.org\/{rel}","templated":true}]}}