{"id":58780,"date":"2024-12-02T09:57:44","date_gmt":"2024-12-02T08:57:44","guid":{"rendered":"https:\/\/www.greenpeace.org\/belgium\/?p=58780"},"modified":"2024-12-02T10:00:32","modified_gmt":"2024-12-02T09:00:32","slug":"les-projets-dexploitation-miniere-en-eaux-profonde-stoppes-en-norvege","status":"publish","type":"post","link":"https:\/\/www.greenpeace.org\/belgium\/fr\/communique-de-presse\/58780\/les-projets-dexploitation-miniere-en-eaux-profonde-stoppes-en-norvege\/","title":{"rendered":"Les projets d&rsquo;exploitation mini\u00e8re en eaux profonde stopp\u00e9s en Norv\u00e8ge"},"content":{"rendered":"\n<p><strong>Apr\u00e8s plus d\u2019une ann\u00e9e de pression exerc\u00e9e par des activistes, des scientifiques et la communaut\u00e9 internationale, le gouvernement norv\u00e9gien a d\u00e9cid\u00e9 d&rsquo;interrompre le premier cycle d&rsquo;octroi de licences pour l&rsquo;exploitation mini\u00e8re en eaux profondes dans l&rsquo;Arctique.<\/strong><\/p>\n\n<p><em>\u201cC&rsquo;est une immense victoire !\u201d<\/em>, a d\u00e9clar\u00e9 Haldis Tjeldflaat Helle, responsable de la campagne oc\u00e9ans chez Greenpeace Nordic. <em>\u201cApr\u00e8s un travail acharn\u00e9 de la part des activistes, des \u00e9cologistes, des scientifiques et des p\u00eacheurs, nous avons remport\u00e9 une victoire historique pour la protection des oc\u00e9ans en interrompant le processus d&rsquo;octroi de licences pour l&rsquo;exploitation mini\u00e8re en eaux profondes en Norv\u00e8ge. La mobilisation contre l&rsquo;exploitation mini\u00e8re en eaux profondes s&rsquo;amplifie. Nous ne laisserons pas cette industrie d\u00e9truire les grands fonds marins, ni dans l&rsquo;Arctique ni ailleurs.\u201d<\/em><\/p>\n\n<p>En janvier dernier, le gouvernement norv\u00e9gien avait ouvert la porte pour que soit men\u00e9e une reconnaissance d\u2019exploitation mini\u00e8re en eaux profondes dans une vaste zone de l&rsquo;Arctique grande comme l\u2019Italie, qui s\u2019\u00e9tend du Spitzberg jusqu&rsquo;\u00e0 l&rsquo;\u00eele de Jan Mayen. En juin, le gouvernement avait ensuite annonc\u00e9 le lancement du premier cycle d&rsquo;octroi de licences, visant \u00e0 d\u00e9livrer les premi\u00e8res licences d&rsquo;exploitation au d\u00e9but de l&rsquo;ann\u00e9e 2025. Mais le gouvernement norv\u00e9gien vient maintenant de d\u00e9cider de suspendre ce premier cycle d&rsquo;octroi de licences, et cela au moins jusqu&rsquo;en 2025.<\/p>\n\n<p>Les projets d&rsquo;exploitation mini\u00e8re des fonds marins de la Norv\u00e8ge ont suscit\u00e9 de vives r\u00e9actions de la part de la communaut\u00e9 internationale. La Commission europ\u00e9enne a exprim\u00e9 de grandes <a href=\"https:\/\/www.europarl.europa.eu\/RegData\/etudes\/BRIE\/2022\/739196\/EPRS_BRI(2022)739196_EN.pdf\">inqui\u00e9tudes<\/a> quant \u00e0 l&rsquo;impact environnemental de ces projets. Pas moins de <a href=\"https:\/\/www.marietoussaint.eu\/actualites\/deepseamining-norway\">119 membres du Parlement europ\u00e9en<\/a> ont adress\u00e9 une lettre ouverte \u00e0 leurs homologues norv\u00e9giens pour leur demander d&rsquo;arr\u00eater le processus, et plus de <a href=\"https:\/\/seabedminingsciencestatement.org\/\">900 oc\u00e9anographes<\/a> du monde entier ont appel\u00e9 \u00e0 une pause dans l&rsquo;exploitation mini\u00e8re des grands fonds marins.<\/p>\n\n<p><em>\u201cC&rsquo;est un grand pas en avant pour la protection de l&rsquo;Arctique, mais d&rsquo;autres zones des grands fonds marins sont toujours menac\u00e9es\u201d, <\/em>alerte Ruth-Marie Henckes, charg\u00e9e de campagne Oc\u00e9ans chez Greenpeace Belgique. \u201c<em>La Belgique y joue un r\u00f4le direct, en parrainant Sea Mineral Resources &#8211; une filiale de DEME &#8211; pour l&rsquo;exploration mini\u00e8re en eaux profondes dans l&rsquo;oc\u00e9an Pacifique, entre Hawa\u00ef et le Mexique. La Norv\u00e8ge et la Belgique devraient se joindre aux plus de 30 pays qui r\u00e9clament un moratoire sur l&rsquo;exploitation mini\u00e8re en eaux profondes. Un gouvernement engag\u00e9 dans la gestion durable des oc\u00e9ans ne peut pas soutenir l&rsquo;exploitation mini\u00e8re en eaux profondes.\u201d<\/em><\/p>\n","protected":false},"excerpt":{"rendered":"<p>Les projets d&#8217;exploitation mini\u00e8re en eaux profonde stopp\u00e9s en Norv\u00e8ge<\/p>\n","protected":false},"author":50,"featured_media":58778,"comment_status":"closed","ping_status":"closed","sticky":false,"template":"","format":"standard","meta":{"ep_exclude_from_search":false,"p4_og_title":"Les projets d'exploitation mini\u00e8re en eaux profonde stopp\u00e9s en Norv\u00e8ge","p4_og_description":"Apr\u00e8s plus d\u2019une ann\u00e9e de pression exerc\u00e9e par des activistes, des scientifiques et la communaut\u00e9 internationale, le gouvernement norv\u00e9gien a d\u00e9cid\u00e9 d'interrompre le premier cycle d'octroi de licences pour l'exploitation mini\u00e8re en eaux profondes dans l'Arctique.","p4_og_image":"https:\/\/www.greenpeace.org\/static\/planet4-belgium-stateless\/2024\/12\/1a5e66b1-gp0su2epj_medium-res-with-credit-line-1200px.jpg","p4_og_image_id":"58778","p4_seo_canonical_url":"","p4_campaign_name":"","p4_local_project":"","p4_basket_name":"","p4_department":"","footnotes":""},"categories":[152,150,151,153],"tags":[82],"p4-page-type":[117],"class_list":["post-58780","post","type-post","status-publish","format-standard","has-post-thumbnail","hentry","category-a-la-une","category-actualites","category-presse","category-victoires","tag-oceans","p4-page-type-communique-de-presse"],"_links":{"self":[{"href":"https:\/\/www.greenpeace.org\/belgium\/fr\/wp-json\/wp\/v2\/posts\/58780","targetHints":{"allow":["GET"]}}],"collection":[{"href":"https:\/\/www.greenpeace.org\/belgium\/fr\/wp-json\/wp\/v2\/posts"}],"about":[{"href":"https:\/\/www.greenpeace.org\/belgium\/fr\/wp-json\/wp\/v2\/types\/post"}],"author":[{"embeddable":true,"href":"https:\/\/www.greenpeace.org\/belgium\/fr\/wp-json\/wp\/v2\/users\/50"}],"replies":[{"embeddable":true,"href":"https:\/\/www.greenpeace.org\/belgium\/fr\/wp-json\/wp\/v2\/comments?post=58780"}],"version-history":[{"count":1,"href":"https:\/\/www.greenpeace.org\/belgium\/fr\/wp-json\/wp\/v2\/posts\/58780\/revisions"}],"predecessor-version":[{"id":58781,"href":"https:\/\/www.greenpeace.org\/belgium\/fr\/wp-json\/wp\/v2\/posts\/58780\/revisions\/58781"}],"wp:featuredmedia":[{"embeddable":true,"href":"https:\/\/www.greenpeace.org\/belgium\/fr\/wp-json\/wp\/v2\/media\/58778"}],"wp:attachment":[{"href":"https:\/\/www.greenpeace.org\/belgium\/fr\/wp-json\/wp\/v2\/media?parent=58780"}],"wp:term":[{"taxonomy":"category","embeddable":true,"href":"https:\/\/www.greenpeace.org\/belgium\/fr\/wp-json\/wp\/v2\/categories?post=58780"},{"taxonomy":"post_tag","embeddable":true,"href":"https:\/\/www.greenpeace.org\/belgium\/fr\/wp-json\/wp\/v2\/tags?post=58780"},{"taxonomy":"p4-page-type","embeddable":true,"href":"https:\/\/www.greenpeace.org\/belgium\/fr\/wp-json\/wp\/v2\/p4-page-type?post=58780"}],"curies":[{"name":"wp","href":"https:\/\/api.w.org\/{rel}","templated":true}]}}