{"id":58870,"date":"2024-12-05T16:44:57","date_gmt":"2024-12-05T15:44:57","guid":{"rendered":"https:\/\/www.greenpeace.org\/belgium\/?p=58870"},"modified":"2024-12-05T18:15:38","modified_gmt":"2024-12-05T17:15:38","slug":"le-parlement-federal-donne-son-feu-vert-a-la-ratification-du-traite-sur-la-haute-mer","status":"publish","type":"post","link":"https:\/\/www.greenpeace.org\/belgium\/fr\/communique-de-presse\/58870\/le-parlement-federal-donne-son-feu-vert-a-la-ratification-du-traite-sur-la-haute-mer\/","title":{"rendered":"Le Parlement f\u00e9d\u00e9ral donne son feu vert \u00e0 la ratification du trait\u00e9 sur la haute mer"},"content":{"rendered":"\n<p><strong>Le Parlement f\u00e9d\u00e9ral a approuv\u00e9 cet apr\u00e8s-midi le trait\u00e9 de l\u2019ONU sur la haute mer. Une \u00e9tape essentielle pour permettre de prot\u00e9ger de grandes parties des oc\u00e9ans en leur octroyant le statut de r\u00e9serves marines. Il reste maintenant aux r\u00e9gions \u00e0 donner leur feu vert. Greenpeace appelle la Belgique \u00e0 soutenir \u00e9galement l&rsquo;interdiction de l&rsquo;exploitation mini\u00e8re en eaux profondes, afin de devenir une v\u00e9ritable pionni\u00e8re en mati\u00e8re de protection des oc\u00e9ans.&nbsp;<\/strong><\/p>\n\n<p>Le trait\u00e9 des Nations unies sur la haute mer a \u00e9t\u00e9 adopt\u00e9 en mars 2023. Il a pour but de\u00a0 prot\u00e9ger les eaux internationales. \u00c0 l&rsquo;heure actuelle, moins de 1 % des oc\u00e9ans situ\u00e9s en dehors des juridictions nationales sont enti\u00e8rement ou strictement prot\u00e9g\u00e9s. Ce trait\u00e9 pr\u00e9voit la cr\u00e9ation d&rsquo;un r\u00e9seau de r\u00e9serves marines dans les eaux internationales, o\u00f9 l&rsquo;oc\u00e9an pourra se reconstituer apr\u00e8s des ann\u00e9es de surp\u00eache, de pollution et de destruction. Ce trait\u00e9 est d&rsquo;autant plus n\u00e9cessaire qu&rsquo;au rythme actuel, l&rsquo;objectif de 30 % de protection ne sera pas atteint avant <a href=\"https:\/\/www.greenpeace.org\/international\/publication\/70671\/30x30-from-commitment-to-action\/\">2107<\/a>, selon un rapport r\u00e9cent de Greenpeace.\u00a0<\/p>\n\n<p><em>\u201cSi la Belgique soumet rapidement sa ratification \u00e0 l\u2019ONU et qu\u2019elle exhorte les autres pays a le faire, elle pourra r\u00e9ellement devenir pionni\u00e8re en mati\u00e8re de protection des oc\u00e9ans, et m\u00e9riter son qualificatif de blue leader\u201d, <\/em>estime Ruth-Marie Henckes, charg\u00e9e de campagne Oc\u00e9ans chez Greenpeace Belgique.<em> \u201cEt si il veut r\u00e9ellement prot\u00e9ger les oc\u00e9ans, notre pays doit en outre s\u2019engager \u00e0 interdire l\u2019interdiction mini\u00e8re en eaux profondes. Les oc\u00e9ans sont vitaux pour la biodiversit\u00e9 et pour les \u00eatres humains. Ils produisent de l&rsquo;oxyg\u00e8ne, r\u00e9gulent le climat et fournissent du travail et de la nourriture \u00e0 pr\u00e8s de 3 milliards de personnes.\u201d<\/em><\/p>\n\n<p>Pour que le trait\u00e9 puisse entrer en vigueur, 60 pays doivent le ratifier. \u00c0 l&rsquo;heure actuelle, ils ne sont que 15 \u00e0 l\u2019avoir fait [1]. L&rsquo;absence de ratification dans les pays europ\u00e9ens retarde la ratification au niveau mondial, car de nombreux pays attendent que l&rsquo;Europe confirme son engagement en faveur du trait\u00e9.\u00a0<\/p>\n\n<p><strong>Noot<\/strong><\/p>\n\n<p>[1] Chili, Palau, Belize, Seychelles, Monaco, Ile Maurice, \u00c9tats f\u00e9d\u00e9r\u00e9s de Micron\u00e9sie, Cuba, les Maldives, Singapour, Timor Leste, Barbade, Bangladesh, Panama, Sainte-Lucie. <a href=\"https:\/\/highseasalliance.org\/treaty-ratification\/\">https:\/\/highseasalliance.org\/treaty-ratification\/<\/a>&nbsp;<\/p>\n\n<p><strong>Contact<\/strong><\/p>\n\n<p>Service presse de Greenpeace Belgique : 0496 26 31 91 &#8211; <a href=\"mailto:bpress@greenpeace.org\">bpress@greenpeace.org<\/a><\/p>\n","protected":false},"excerpt":{"rendered":"<p>Le Parlement f\u00e9d\u00e9ral a approuv\u00e9 cet apr\u00e8s-midi le trait\u00e9 de l\u2019ONU sur la haute mer. Une \u00e9tape essentielle pour permettre de prot\u00e9ger de grandes parties des oc\u00e9ans en leur octroyant le statut de r\u00e9serves marines.<\/p>\n","protected":false},"author":50,"featured_media":58865,"comment_status":"closed","ping_status":"closed","sticky":false,"template":"","format":"standard","meta":{"ep_exclude_from_search":false,"p4_og_title":"Le Parlement f\u00e9d\u00e9ral donne son feu vert \u00e0 la ratification du trait\u00e9 sur la haute mer","p4_og_description":"Le Parlement f\u00e9d\u00e9ral a approuv\u00e9 cet apr\u00e8s-midi le trait\u00e9 de l\u2019ONU sur la haute mer. Une \u00e9tape essentielle pour permettre de prot\u00e9ger de grandes parties des oc\u00e9ans en leur octroyant le statut de r\u00e9serves marines.","p4_og_image":"","p4_og_image_id":"","p4_seo_canonical_url":"","p4_campaign_name":"","p4_local_project":"","p4_basket_name":"","p4_department":"","footnotes":""},"categories":[152,150,1,176,151],"tags":[82,83],"p4-page-type":[117],"class_list":["post-58870","post","type-post","status-publish","format-standard","has-post-thumbnail","hentry","category-a-la-une","category-actualites","category-non-classifiee","category-oceans","category-presse","tag-oceans","tag-politique","p4-page-type-communique-de-presse"],"_links":{"self":[{"href":"https:\/\/www.greenpeace.org\/belgium\/fr\/wp-json\/wp\/v2\/posts\/58870","targetHints":{"allow":["GET"]}}],"collection":[{"href":"https:\/\/www.greenpeace.org\/belgium\/fr\/wp-json\/wp\/v2\/posts"}],"about":[{"href":"https:\/\/www.greenpeace.org\/belgium\/fr\/wp-json\/wp\/v2\/types\/post"}],"author":[{"embeddable":true,"href":"https:\/\/www.greenpeace.org\/belgium\/fr\/wp-json\/wp\/v2\/users\/50"}],"replies":[{"embeddable":true,"href":"https:\/\/www.greenpeace.org\/belgium\/fr\/wp-json\/wp\/v2\/comments?post=58870"}],"version-history":[{"count":3,"href":"https:\/\/www.greenpeace.org\/belgium\/fr\/wp-json\/wp\/v2\/posts\/58870\/revisions"}],"predecessor-version":[{"id":58876,"href":"https:\/\/www.greenpeace.org\/belgium\/fr\/wp-json\/wp\/v2\/posts\/58870\/revisions\/58876"}],"wp:featuredmedia":[{"embeddable":true,"href":"https:\/\/www.greenpeace.org\/belgium\/fr\/wp-json\/wp\/v2\/media\/58865"}],"wp:attachment":[{"href":"https:\/\/www.greenpeace.org\/belgium\/fr\/wp-json\/wp\/v2\/media?parent=58870"}],"wp:term":[{"taxonomy":"category","embeddable":true,"href":"https:\/\/www.greenpeace.org\/belgium\/fr\/wp-json\/wp\/v2\/categories?post=58870"},{"taxonomy":"post_tag","embeddable":true,"href":"https:\/\/www.greenpeace.org\/belgium\/fr\/wp-json\/wp\/v2\/tags?post=58870"},{"taxonomy":"p4-page-type","embeddable":true,"href":"https:\/\/www.greenpeace.org\/belgium\/fr\/wp-json\/wp\/v2\/p4-page-type?post=58870"}],"curies":[{"name":"wp","href":"https:\/\/api.w.org\/{rel}","templated":true}]}}