{"id":5888,"date":"2019-07-07T15:43:19","date_gmt":"2019-07-07T13:43:19","guid":{"rendered":"https:\/\/www.greenpeace.org\/belgium\/?p=5888"},"modified":"2025-06-23T10:28:26","modified_gmt":"2025-06-23T09:28:26","slug":"greenpeace-belgium-au-tour-de-france-le-velo-contre-la-pollution-de-lair","status":"publish","type":"post","link":"https:\/\/www.greenpeace.org\/belgium\/fr\/actualites-blog\/5888\/greenpeace-belgium-au-tour-de-france-le-velo-contre-la-pollution-de-lair\/","title":{"rendered":"Greenpeace Belgium au Tour de France : le v\u00e9lo contre la pollution de l\u2019air"},"content":{"rendered":"<p><b>Chaque ann\u00e9e, nous sommes des milliers \u00e0 regarder les cyclistes du Tour de France. Le temps de quelques semaines, la petite reine permet ainsi de superbes exploits sportifs. Mais au-del\u00e0 du sport, au quotidien, le v\u00e9lo est surtout un mode de transport qui peut permettre aux villes de devenir plus durables et de lutter contre la <strong>pollution de l\u2019air<\/strong> et le r\u00e9chauffement climatique.<\/b><!--more--><\/p>\n<h3>Action au Tour de France<\/h3>\n<div data-render=\"planet4-blocks\/gallery\" data-attributes=\"{&quot;attributes&quot;:{&quot;gallery_block_style&quot;:0,&quot;gallery_block_title&quot;:&quot;&quot;,&quot;gallery_block_description&quot;:&quot;&quot;,&quot;multiple_image&quot;:&quot;&quot;,&quot;gallery_block_focus_points&quot;:&quot;&quot;,&quot;image_data&quot;:[],&quot;images&quot;:[]}}\"><\/div><p>Greenpeace Belgium a profit\u00e9 du Grand D\u00e9part \u00e0 Bruxelles pour mener une action. Ce dimanche, nous avons accroch\u00e9 une banni\u00e8re \u201cLes vrais h\u00e9ros font du v\u00e9lo\u201d sur la route de la 2e \u00e9tape du Tour de France. Nous invitons ainsi les politiques \u00e0 cr\u00e9er des villes plus agr\u00e9ables pour ses usagers comme pour ses habitants et ainsi diminuer les voitures polluantes qui d\u00e9t\u00e9riorent notre sant\u00e9 et <strong>polluent l\u2019air<\/strong>.<\/p>\n<p><a href=\"https:\/\/act.greenpeace.org\/page\/41583\/petition\/1?locale=fr-BE&amp;_ga=2.269015353.951889588.1562224028-1714113571.1559638136\">Soutenez notre appel pour des transports en commun plus efficaces<\/a><\/p>\n<h3>Les transports en Belgique<\/h3>\n<p>Chez nous, le v\u00e9lo est encore souvent per\u00e7u comme une activit\u00e9 sportive du dimanche qui n\u2019a pas sa place en ville. Dans nos villes, la voiture est le moyen de transport le plus utilis\u00e9, contrairement \u00e0 la marche, au v\u00e9lo ou aux transports en commun. La raison ? Des transports en commun sur lesquels on ne peut pas toujours compter, des infrastructures inexistantes ou inadapt\u00e9es, une pression automobile trop importante&#8230; Ensemble, nous pouvons changer \u00e7a !<\/p>\n<lite-youtube style=\"background-image: url('https:\/\/i.ytimg.com\/vi\/KVyO0enKYAU\/hqdefault.jpg');\" videoid=\"KVyO0enKYAU\" params=\"rel=0\"><\/lite-youtube>\n<h3>Ensemble, contre la pollution de l\u2019air<\/h3>\n<p>Vous voulez jouer un r\u00f4le dans la diminution de la <b>pollution de l\u2019air<\/b> en Belgique ? C\u2019est possible ! <a href=\"https:\/\/act.greenpeace.org\/page\/41583\/petition\/1?locale=fr-BE&amp;_ga=2.269015353.951889588.1562224028-1714113571.1559638136\">Signez notre appel pour un pacte national de mobilit\u00e9<\/a>. L\u2019utilisation du v\u00e9lo, coupl\u00e9e aux transports en commun, permettrait de r\u00e9duire cette pollution que nous respirons au quotidien. L\u2019objectif de ce pacte est de demander aux nouveaux dirigeants de mettre sur pied un pacte mobilit\u00e9 \u00e0 l\u2019\u00e9chelle nationale pour :<\/p>\n<p>1. De meilleures correspondances et fr\u00e9quences des transports en commun<\/p>\n<p>2. Une meilleure attractivit\u00e9 de ceux-ci<\/p>\n<p>3. Une meilleure accessibilit\u00e9 des transports pour les pi\u00e9tons et les cyclistes<\/p>\n<p>Un air sain pour nous, pour nos enfants, mais aussi pour les futures g\u00e9n\u00e9rations !<\/p>\n<p><a class=\"cta-blog-button\" href=\"https:\/\/act.greenpeace.org\/page\/41583\/petition\/1?locale=fr-BE&amp;_ga=2.24770034.951889588.1562224028-1714113571.1559638136\" target=\"_blank\" rel=\"noopener noreferrer\">Je signe le pacte de mobilit\u00e9<\/a><\/p>\n<p><img loading=\"lazy\" decoding=\"async\" class=\"alignnone size-full wp-image-5905\" src=\"https:\/\/www.greenpeace.org\/static\/planet4-belgium-stateless\/2019\/07\/202a8de1-img_5168.jpg\" alt=\"\" width=\"4000\" height=\"6000\" srcset=\"https:\/\/www.greenpeace.org\/static\/planet4-belgium-stateless\/2019\/07\/202a8de1-img_5168.jpg 4000w, https:\/\/www.greenpeace.org\/static\/planet4-belgium-stateless\/2019\/07\/202a8de1-img_5168-200x300.jpg 200w, https:\/\/www.greenpeace.org\/static\/planet4-belgium-stateless\/2019\/07\/202a8de1-img_5168-768x1152.jpg 768w, https:\/\/www.greenpeace.org\/static\/planet4-belgium-stateless\/2019\/07\/202a8de1-img_5168-683x1024.jpg 683w, https:\/\/www.greenpeace.org\/static\/planet4-belgium-stateless\/2019\/07\/202a8de1-img_5168-911x1366.jpg 911w, https:\/\/www.greenpeace.org\/static\/planet4-belgium-stateless\/2019\/07\/202a8de1-img_5168-227x340.jpg 227w\" sizes=\"auto, (max-width: 4000px) 100vw, 4000px\" \/><\/p>\n<div class=\"EmptyMessage\">Block content is empty. Check the block&rsquo;s settings or remove it.<\/div>","protected":false},"excerpt":{"rendered":"<p>Chaque ann\u00e9e, nous sommes des milliers \u00e0 regarder les cyclistes du Tour de France. Le temps de quelques semaines, la petite reine permet ainsi de superbes exploits sportifs. Mais au-del\u00e0&hellip;<\/p>\n","protected":false},"author":49,"featured_media":5879,"comment_status":"closed","ping_status":"closed","sticky":false,"template":"","format":"standard","meta":{"ep_exclude_from_search":false,"p4_og_title":"Greenpeace Belgium au Tour de France : le v\u00e9lo contre la pollution de l\u2019air","p4_og_description":"Le Tour de France a d\u00e9marr\u00e9 ! Pendant quelques semaines, le v\u00e9lo fait r\u00eaver. Au quotidien, il est surtout un mode de transport qui permet de lutter contre la pollution de l\u2019air.","p4_og_image":"","p4_og_image_id":"","p4_seo_canonical_url":"","p4_campaign_name":"","p4_local_project":"","p4_basket_name":"","p4_department":"","footnotes":""},"categories":[107],"tags":[74],"p4-page-type":[116],"class_list":["post-5888","post","type-post","status-publish","format-standard","has-post-thumbnail","hentry","category-ensemble-nous-sommes-la-solution","tag-mobilite","p4-page-type-actualites-blog"],"_links":{"self":[{"href":"https:\/\/www.greenpeace.org\/belgium\/fr\/wp-json\/wp\/v2\/posts\/5888","targetHints":{"allow":["GET"]}}],"collection":[{"href":"https:\/\/www.greenpeace.org\/belgium\/fr\/wp-json\/wp\/v2\/posts"}],"about":[{"href":"https:\/\/www.greenpeace.org\/belgium\/fr\/wp-json\/wp\/v2\/types\/post"}],"author":[{"embeddable":true,"href":"https:\/\/www.greenpeace.org\/belgium\/fr\/wp-json\/wp\/v2\/users\/49"}],"replies":[{"embeddable":true,"href":"https:\/\/www.greenpeace.org\/belgium\/fr\/wp-json\/wp\/v2\/comments?post=5888"}],"version-history":[{"count":13,"href":"https:\/\/www.greenpeace.org\/belgium\/fr\/wp-json\/wp\/v2\/posts\/5888\/revisions"}],"predecessor-version":[{"id":60089,"href":"https:\/\/www.greenpeace.org\/belgium\/fr\/wp-json\/wp\/v2\/posts\/5888\/revisions\/60089"}],"wp:featuredmedia":[{"embeddable":true,"href":"https:\/\/www.greenpeace.org\/belgium\/fr\/wp-json\/wp\/v2\/media\/5879"}],"wp:attachment":[{"href":"https:\/\/www.greenpeace.org\/belgium\/fr\/wp-json\/wp\/v2\/media?parent=5888"}],"wp:term":[{"taxonomy":"category","embeddable":true,"href":"https:\/\/www.greenpeace.org\/belgium\/fr\/wp-json\/wp\/v2\/categories?post=5888"},{"taxonomy":"post_tag","embeddable":true,"href":"https:\/\/www.greenpeace.org\/belgium\/fr\/wp-json\/wp\/v2\/tags?post=5888"},{"taxonomy":"p4-page-type","embeddable":true,"href":"https:\/\/www.greenpeace.org\/belgium\/fr\/wp-json\/wp\/v2\/p4-page-type?post=5888"}],"curies":[{"name":"wp","href":"https:\/\/api.w.org\/{rel}","templated":true}]}}