{"id":59038,"date":"2025-01-14T21:19:51","date_gmt":"2025-01-14T20:19:51","guid":{"rendered":"https:\/\/www.greenpeace.org\/belgium\/?p=59038"},"modified":"2025-01-14T21:19:57","modified_gmt":"2025-01-14T20:19:57","slug":"inauguration-de-la-presidence-polonaise-greenpeace-appelle-a-lacceleration-de-la-ratification-du-traite-de-lonu-sur-la-haute-mer","status":"publish","type":"post","link":"https:\/\/www.greenpeace.org\/belgium\/fr\/communique-de-presse\/59038\/inauguration-de-la-presidence-polonaise-greenpeace-appelle-a-lacceleration-de-la-ratification-du-traite-de-lonu-sur-la-haute-mer\/","title":{"rendered":"Inauguration de la Pr\u00e9sidence polonaise : Greenpeace appelle \u00e0 l&rsquo;acc\u00e9l\u00e9ration de la ratification du trait\u00e9 de l\u2019ONU sur la haute mer"},"content":{"rendered":"\n<p><strong>Des activistes de Greenpeace ont accueilli les invit\u00e9\u00b7es \u00e0 la c\u00e9r\u00e9monie d&rsquo;inauguration de la pr\u00e9sidence polonaise du Conseil de l&rsquo;Union europ\u00e9enne \u00e0 Bruxelles en appelant urgemment \u00e0 la ratification du trait\u00e9 international sur la haute mer. Diplomates, responsables politiques et autres invit\u00e9\u00b7es ont re\u00e7u symboliquement un crayon et des cartes postales portant le slogan \u2018<em>Les oc\u00e9ans nous appellent\u2019<\/em>\u00a0pour inviter les Etats Membres de l\u2019Union Europ\u00e9enne \u00e0 ratifier le trait\u00e9 international sur la haute mer.<\/strong><\/p>\n\n<figure class=\"wp-block-image size-large\"><img loading=\"lazy\" decoding=\"async\" width=\"1024\" height=\"683\" src=\"https:\/\/www.greenpeace.org\/static\/planet4-belgium-stateless\/2025\/01\/1cc20501-gp0su436x_pressmedia-2500px-1024x683.jpg\" alt=\"\" class=\"wp-image-59039\" srcset=\"https:\/\/www.greenpeace.org\/static\/planet4-belgium-stateless\/2025\/01\/1cc20501-gp0su436x_pressmedia-2500px-1024x683.jpg 1024w, https:\/\/www.greenpeace.org\/static\/planet4-belgium-stateless\/2025\/01\/1cc20501-gp0su436x_pressmedia-2500px-300x200.jpg 300w, https:\/\/www.greenpeace.org\/static\/planet4-belgium-stateless\/2025\/01\/1cc20501-gp0su436x_pressmedia-2500px-768x512.jpg 768w, https:\/\/www.greenpeace.org\/static\/planet4-belgium-stateless\/2025\/01\/1cc20501-gp0su436x_pressmedia-2500px-1536x1024.jpg 1536w, https:\/\/www.greenpeace.org\/static\/planet4-belgium-stateless\/2025\/01\/1cc20501-gp0su436x_pressmedia-2500px-2048x1366.jpg 2048w, https:\/\/www.greenpeace.org\/static\/planet4-belgium-stateless\/2025\/01\/1cc20501-gp0su436x_pressmedia-2500px-510x340.jpg 510w\" sizes=\"auto, (max-width: 1024px) 100vw, 1024px\" \/><figcaption class=\"wp-element-caption\">\u00a9 Greenpeace &#8211; Plus de photos \u00e0 retrouver <a href=\"https:\/\/media.greenpeace.org\/Detail\/27MZIFJV7LCO5\">ici<\/a>.<\/figcaption><\/figure>\n\n<p>Le premier semestre 2025 sera crucial en mati\u00e8re de protection des oc\u00e9ans. Il devrait se conclure par une conf\u00e9rence des Nations unies sur les oc\u00e9ans en juin, \u00e0 Nice. Si au moins 60 pays ont ratifi\u00e9 d\u2019ici l\u00e0 le&nbsp;<a href=\"https:\/\/www.greenpeace.org\/belgium\/fr\/communique-de-presse\/51653\/traite-sur-les-oceans-historique-pour-greenpeace\/\" target=\"_blank\" rel=\"noreferrer noopener\">trait\u00e9 international sur la haute mer<\/a>, adopt\u00e9 en mars 2023, cela constituera une avanc\u00e9e notable pour atteindre 30% de protection des oc\u00e9ans d\u2019ici 2030. A ce jour ils sont 15 \u00e0 l\u2019avoir fait. Ce trait\u00e9 pr\u00e9voit la cr\u00e9ation d\u2019un r\u00e9seau de r\u00e9serves marines dans les eaux internationales, o\u00f9 l\u2019oc\u00e9an pourra se reconstituer apr\u00e8s des ann\u00e9es de surp\u00eache, de pollution et de destruction. Le gouvernement polonais, qui n\u2019a lui m\u00eame pas encore ratifi\u00e9 le trait\u00e9, peut n\u00e9anmoins faire usage de sa pr\u00e9sidence pour pousser la ratification du trait\u00e9 par les Etats Membres de l\u2019UE.<br><br>La pr\u00e9sidence polonaise, dont le slogan est \u00ab S\u00e9curit\u00e9, Europe ! \u00bb ne peut ignorer l\u2019importance vitale de prot\u00e9ger les oc\u00e9ans. L&rsquo;\u00e9tat des \u00e9cosyst\u00e8mes marins est dramatique et \u00e0 l\u2019heure actuelle moins de 1% des oc\u00e9ans situ\u00e9s en dehors des juridictions nationales sont enti\u00e8rement ou strictement prot\u00e9g\u00e9s. \u201c<em>L&rsquo;\u00e9tat des oc\u00e9ans d\u00e9termine l&rsquo;\u00e9tat de notre plan\u00e8te et notre s\u00e9curit\u00e9\u201d<\/em>&nbsp;s\u2019exprime Anna Ogniewska, de Greenpeace Pologne<em>. \u201cLa Pologne doit prendre ses responsabilit\u00e9s en tant que leader international et agir de mani\u00e8re d\u00e9cisive, non seulement pour elle-m\u00eame, mais aussi pour le monde entier<\/em>.\u201d<\/p>\n\n<p><strong>La Belgique en blue leader<\/strong><\/p>\n\n<p>Sous la pr\u00e9sidence belge de l&rsquo;UE, le Conseil de l\u2019Union a ratifi\u00e9 le trait\u00e9 sur le haute mer et les \u00c9tats membres ont convenu de ratifier chacun le trait\u00e9 au niveau national d&rsquo;ici juin 2025. Le Parlement f\u00e9d\u00e9ral belge a approuv\u00e9 fin de l\u2019ann\u00e9e 2024 la ratification du trait\u00e9 de l\u2019ONU sur la haute mer. Il reste maintenant aux r\u00e9gions belges \u00e0 donner leur feu vert. Greenpeace appelle la Belgique \u00e0 soutenir \u00e9galement l\u2019interdiction de l\u2019exploitation mini\u00e8re en eaux profondes, afin de devenir une v\u00e9ritable pionni\u00e8re en mati\u00e8re de protection des oc\u00e9ans.<\/p>\n","protected":false},"excerpt":{"rendered":"<p>Des activistes de Greenpeace ont accueilli les invit\u00e9\u00b7es \u00e0 la c\u00e9r\u00e9monie d&rsquo;inauguration de la pr\u00e9sidence polonaise du Conseil de l&rsquo;Union europ\u00e9enne \u00e0 Bruxelles en appelant urgemment \u00e0 la ratification du trait\u00e9 international sur la haute mer. Diplomates, responsables politiques et autres invit\u00e9\u00b7es ont re\u00e7u symboliquement un crayon et des cartes postales portant le slogan \u2018Les oc\u00e9ans nous appellent\u2019\u00a0pour inviter les Etats Membres de l\u2019Union Europ\u00e9enne \u00e0 ratifier le trait\u00e9 international sur la haute mer.<\/p>\n","protected":false},"author":80,"featured_media":59039,"comment_status":"closed","ping_status":"closed","sticky":false,"template":"","format":"standard","meta":{"ep_exclude_from_search":false,"p4_og_title":"Inauguration de la Pr\u00e9sidence polonaise : Greenpeace appelle \u00e0 l'acc\u00e9l\u00e9ration de la ratification du trait\u00e9 de l\u2019ONU sur la haute mer","p4_og_description":"Des activistes de Greenpeace ont accueilli les invit\u00e9\u00b7es \u00e0 la c\u00e9r\u00e9monie d'inauguration de la pr\u00e9sidence polonaise du Conseil de l'Union europ\u00e9enne \u00e0 Bruxelles en appelant urgemment \u00e0 la ratification du trait\u00e9 international sur la haute mer. Diplomates, responsables politiques et autres invit\u00e9\u00b7es ont re\u00e7u symboliquement un crayon et des cartes postales portant le slogan \u2018Les oc\u00e9ans nous appellent\u2019\u00a0pour inviter les Etats Membres de l\u2019Union Europ\u00e9enne \u00e0 ratifier le trait\u00e9 international sur la haute mer.","p4_og_image":"","p4_og_image_id":"","p4_seo_canonical_url":"","p4_campaign_name":"","p4_local_project":"","p4_basket_name":"","p4_department":"","footnotes":""},"categories":[152,150,171,168,176,151],"tags":[82],"p4-page-type":[117],"class_list":["post-59038","post","type-post","status-publish","format-standard","has-post-thumbnail","hentry","category-a-la-une","category-actualites","category-biodiversite","category-campagnes","category-oceans","category-presse","tag-oceans","p4-page-type-communique-de-presse"],"_links":{"self":[{"href":"https:\/\/www.greenpeace.org\/belgium\/fr\/wp-json\/wp\/v2\/posts\/59038","targetHints":{"allow":["GET"]}}],"collection":[{"href":"https:\/\/www.greenpeace.org\/belgium\/fr\/wp-json\/wp\/v2\/posts"}],"about":[{"href":"https:\/\/www.greenpeace.org\/belgium\/fr\/wp-json\/wp\/v2\/types\/post"}],"author":[{"embeddable":true,"href":"https:\/\/www.greenpeace.org\/belgium\/fr\/wp-json\/wp\/v2\/users\/80"}],"replies":[{"embeddable":true,"href":"https:\/\/www.greenpeace.org\/belgium\/fr\/wp-json\/wp\/v2\/comments?post=59038"}],"version-history":[{"count":1,"href":"https:\/\/www.greenpeace.org\/belgium\/fr\/wp-json\/wp\/v2\/posts\/59038\/revisions"}],"predecessor-version":[{"id":59041,"href":"https:\/\/www.greenpeace.org\/belgium\/fr\/wp-json\/wp\/v2\/posts\/59038\/revisions\/59041"}],"wp:featuredmedia":[{"embeddable":true,"href":"https:\/\/www.greenpeace.org\/belgium\/fr\/wp-json\/wp\/v2\/media\/59039"}],"wp:attachment":[{"href":"https:\/\/www.greenpeace.org\/belgium\/fr\/wp-json\/wp\/v2\/media?parent=59038"}],"wp:term":[{"taxonomy":"category","embeddable":true,"href":"https:\/\/www.greenpeace.org\/belgium\/fr\/wp-json\/wp\/v2\/categories?post=59038"},{"taxonomy":"post_tag","embeddable":true,"href":"https:\/\/www.greenpeace.org\/belgium\/fr\/wp-json\/wp\/v2\/tags?post=59038"},{"taxonomy":"p4-page-type","embeddable":true,"href":"https:\/\/www.greenpeace.org\/belgium\/fr\/wp-json\/wp\/v2\/p4-page-type?post=59038"}],"curies":[{"name":"wp","href":"https:\/\/api.w.org\/{rel}","templated":true}]}}