{"id":59047,"date":"2025-01-20T12:36:42","date_gmt":"2025-01-20T11:36:42","guid":{"rendered":"https:\/\/www.greenpeace.org\/belgium\/?p=59047"},"modified":"2025-01-20T12:36:46","modified_gmt":"2025-01-20T11:36:46","slug":"davos-des-activistes-de-greenpeace-bloquent-lheliport-et-appellent-les-gouvernements-a-taxer-les-ultra-riches","status":"publish","type":"post","link":"https:\/\/www.greenpeace.org\/belgium\/fr\/communique-de-presse\/59047\/davos-des-activistes-de-greenpeace-bloquent-lheliport-et-appellent-les-gouvernements-a-taxer-les-ultra-riches\/","title":{"rendered":"Davos : des activistes de Greenpeace bloquent l\u2019h\u00e9liport et appellent les gouvernements \u00e0 taxer les ultra-riches"},"content":{"rendered":"\n<p><strong><strong>20 janvier 2025 &#8211; Le Forum \u00e9conomique mondial annuel d\u00e9bute aujourd&rsquo;hui \u00e0 Davos. Treize activistes de Greenpeace venu\u00b7es de toute l&rsquo;Europe ont bloqu\u00e9 les d\u00e9l\u00e9gu\u00e9\u00b7es arrivant \u00e0 l&rsquo;h\u00e9liport de Davos Lago ce matin. [1] Par cette action, Greenpeace appelle les responsables politiques et \u00e9conomiques \u00e0 taxer les ultra-riches pour financer des mesures climatiques, environnementales et sociales. Greenpeace publie aujourd\u2019hui\u00a0<\/strong><a href=\"https:\/\/www.greenpeace.org\/static\/planet4-international-stateless\/2025\/01\/1ec2c079-factsheet-tax-the-super-rich-2025.pdf?_gl=1*xnwhae*_up*MQ..*_ga*MTMwMzgyODg5Ni4xNzM3MzY5OTk3*_ga_0CCB1GTVV6*MTczNzM2OTk5Ny4xLjAuMTczNzM2OTk5Ny4wLjAuMA..*_ga_94MRTN8HG4*MTczNzM2OTk5Ny4xLjAuMTczNzM2OTk5Ny4wLjAuODc3ODkwNDM0*_ga_99CSX66YC1*MTczNzM2OTk5Ny4xLjAuMTczNzM2OTk5Ny4wLjAuMA..\" target=\"_blank\" rel=\"noreferrer noopener\"><strong>une analyse<\/strong><\/a><strong>\u00a0sur la mani\u00e8re dont une taxe sur les ultra-riches en Europe pourrait contribuer de mani\u00e8re significative \u00e0 une transition climatique accessible \u00e0 tous\u00b7tes.<\/strong><\/strong><\/p>\n\n<p>La disponibilit\u00e9 de l&rsquo;argent n&rsquo;est pas le probl\u00e8me en mati\u00e8re de grands d\u00e9fis mondiaux. Selon une nouvelle analyse de Greenpeace [2], 185 milliards d&rsquo;euros pourraient \u00eatre collect\u00e9s rien qu&rsquo;en Europe en taxant les revenus et le patrimoine des ultra-riches. L&rsquo;\u00e9tude simule \u00e9galement la mani\u00e8re dont ces recettes pourraient \u00eatre investies dans des projets sociaux b\u00e9n\u00e9ficiant \u00e0 la fois aux citoyen\u00b7nes et \u00e0 la plan\u00e8te, tels que les \u00e9conomies d&rsquo;\u00e9nergie, la r\u00e9novation des logements, l\u2019investissement dans des transports publics abordables et la lutte contre la crise climatique.<\/p>\n\n<p>Clara Thompson, porte-parole de Greenpeace \u00e0 Davos :&nbsp;<em>\u201dIl y a quelque chose de tr\u00e8s ironique \u00e0 Davos. Les politiques, les PDG et l&rsquo;\u00e9lite se r\u00e9unissent pour d\u00e9battre sans fin des d\u00e9fis mondiaux et cela m\u00eame alors que le monde est en feu et que les gens luttent pour satisfaire leurs besoins de base et pour faire face \u00e0 l&rsquo;impact croissant de la crise climatique. L&rsquo;argent ne manque pas pour s&rsquo;attaquer \u00e0 la crise climatique, environnementale et sociale, mais il se trouve dans les mauvaises poches. Il est grand temps de faire payer les riches et les \u00e9lites les plus polluantes.\u201d<\/em><\/p>\n\n<p>Nadia Cornejo, porte-parole de Greenpeace Belgique, ajoute :<em>&nbsp;\u201cL&rsquo;ann\u00e9e 2025 offre d&rsquo;importantes possibilit\u00e9s de r\u00e9former les r\u00e8gles fiscales dans le monde. L&rsquo;appel en faveur d&rsquo;une fiscalit\u00e9 plus juste ne peut \u00eatre ignor\u00e9. Les gouvernements doivent faire preuve de courage en cette p\u00e9riode de turbulences. Il faut oser aller chercher l&rsquo;argent l\u00e0 o\u00f9 il se trouve et l&rsquo;utiliser pour aider les gens \u00e0 r\u00e9nover leur logement ou \u00e0 acc\u00e9der \u00e0 des transports publics abordables, par exemple.\u201d<\/em><\/p>\n\n<figure class=\"wp-block-table\"><table class=\"has-fixed-layout\"><tbody><tr><td><strong>Exemples-cl\u00e9s de notre analyse<\/strong><br><br>Un imp\u00f4t europ\u00e9en sur la fortune pourrait \u00eatre consacr\u00e9 \u00e0 l&rsquo;aide aux personnes et \u00e0 la lutte contre la crise climatique. Un syst\u00e8me\u00a0minimum\u00a0produirait des recettes de 60 milliards d&rsquo;euros par an et un syst\u00e8me\u00a0ambitieux\u00a0185 milliards d&rsquo;euros par an.<br><br><strong>Une r\u00e9novation \u00e9nerg\u00e9tique des b\u00e2timents scolaires<\/strong> pourrait am\u00e9liorer les conditions d\u2019apprentissage de millions d&rsquo;\u00e9l\u00e8ves, avec des classes plus fra\u00eeches en \u00e9t\u00e9 et plus chaudes en hiver. Cela r\u00e9duirait \u00e9galement les \u00e9missions de gaz \u00e0 effet de serre du secteur du b\u00e2timent et permettrait aux autorit\u00e9s locales d\u2019\u00e9conomiser d&rsquo;\u00e9normes sommes d&rsquo;argent sur les co\u00fbts \u00e9nerg\u00e9tiques. \u00c0 raison de 5 milliards d&rsquo;euros par an (sc\u00e9nario minimum) ou de 10 milliards d&rsquo;euros par an (sc\u00e9nario ambitieux), 1 000 ou 2 000 \u00e9coles de taille moyenne pourraient \u00eatre r\u00e9nov\u00e9es chaque ann\u00e9e.<br><br><strong>Pompes \u00e0 chaleur : <\/strong>plus de la moiti\u00e9 des Europ\u00e9en\u00b7nes occupent 150 millions de maisons individuelles ou mitoyennes. Y installer des pompes \u00e0 chaleur est une cl\u00e9 de la transition \u00e9nerg\u00e9tique. Outre son avantage ind\u00e9niable en mati\u00e8re d\u2019 \u00e9mission de CO2, les pompes \u00e0 chaleur r\u00e9duisent \u00e9galement les co\u00fbts. Une pompe \u00e0 chaleur peut faire \u00e9conomiser en moyenne 400 euros par an \u00e0 un m\u00e9nage, par rapport au chauffage au gaz. Avec 7,5 milliards d&rsquo;euros par an (sc\u00e9nario minimum) ou 22,5 milliards d&rsquo;euros par an (sc\u00e9nario ambitieux), entre 300 000 et 1 million de logements des m\u00e9nages les plus vuln\u00e9rables (qu\u2019ils soient locataires ou propri\u00e9taires) pourraient \u00eatre \u00e9quip\u00e9s de pompes \u00e0 chaleur chaque ann\u00e9e.<br><br><strong>Adaptation au r\u00e9chauffement climatique<\/strong> : il s&rsquo;agit pour les autorit\u00e9s locales de se prot\u00e9ger contre les ph\u00e9nom\u00e8nes m\u00e9t\u00e9orologiques extr\u00eames gr\u00e2ce \u00e0 des investissements cibl\u00e9s visant par exemple \u00e9tendre les espaces verts, \u00e0 installer des toits et des fa\u00e7ades v\u00e9g\u00e9talis\u00e9s, etc. Avec 7 (sc\u00e9nario minium) ou 14 (sc\u00e9nario ambitieux) milliards d&rsquo;euros d\u00e9pens\u00e9s annuellement pendant six ans, la moiti\u00e9 (min) ou la totalit\u00e9 (amb) des communes europ\u00e9ennes pourraient se prot\u00e9ger des pires effets de la chaleur et des fortes pr\u00e9cipitations.<\/td><\/tr><\/tbody><\/table><\/figure>\n\n<p>Greenpeace, avec ses alli\u00e9s, appelle \u00e0 des r\u00e9formes nationales et internationales qui permettront une taxation \u00e9quitable des revenus et des richesses des ultra-riches. L&rsquo;organisation environnementale se joint \u00e0 200 organisations internationales de la soci\u00e9t\u00e9 civile, aux syndicats et \u00e0 une \u00e9crasante majorit\u00e9 de pays pour soutenir une&nbsp;<a href=\"https:\/\/documents.un.org\/doc\/undoc\/ltd\/n23\/300\/69\/pdf\/n2330069.pdf\" target=\"_blank\" rel=\"noreferrer noopener\">convention-cadre des Nations unies sur la coop\u00e9ration fiscale internationale<\/a>, actuellement en cours de n\u00e9gociation.<\/p>\n\n<p><strong>Notes<\/strong><\/p>\n\n<p>[1]&nbsp;Photos et vid\u00e9os de l\u2019action disponibles&nbsp;<a href=\"https:\/\/media.greenpeace.org\/Detail\/27MZIFJV7HXN9\" target=\"_blank\" rel=\"noreferrer noopener\">ici<\/a>.&nbsp;<\/p>\n\n<p>Les activistes n&rsquo;ont pas perturb\u00e9 la s\u00e9curit\u00e9 des vols. Les autorit\u00e9s a\u00e9roportuaires (contr\u00f4le du trafic a\u00e9rien et forces de police) ont \u00e9t\u00e9 inform\u00e9es d\u00e8s le d\u00e9but de l&rsquo;action et les activistes sont en contact permanent pour \u00e9viter de cr\u00e9er une situation dangereuse ou que les autorit\u00e9s a\u00e9roportuaires interpr\u00e8tent mal la port\u00e9e et l&rsquo;objectif de leur action.&nbsp;&nbsp;<\/p>\n\n<p>[2] L\u2019<a href=\"https:\/\/www.greenpeace.org\/static\/planet4-international-stateless\/2025\/01\/1ec2c079-factsheet-tax-the-super-rich-2025.pdf?_gl=1*xnwhae*_up*MQ..*_ga*MTMwMzgyODg5Ni4xNzM3MzY5OTk3*_ga_0CCB1GTVV6*MTczNzM2OTk5Ny4xLjAuMTczNzM2OTk5Ny4wLjAuMA..*_ga_94MRTN8HG4*MTczNzM2OTk5Ny4xLjAuMTczNzM2OTk5Ny4wLjAuODc3ODkwNDM0*_ga_99CSX66YC1*MTczNzM2OTk5Ny4xLjAuMTczNzM2OTk5Ny4wLjAuMA..\" target=\"_blank\" rel=\"noreferrer noopener\">analyse de Greenpeace est \u00e0 retrouver ici<\/a>.<\/p>\n","protected":false},"excerpt":{"rendered":"<p>Le Forum \u00e9conomique mondial annuel d\u00e9bute aujourd&rsquo;hui \u00e0 Davos. Treize activistes de Greenpeace venu\u00b7es de toute l&rsquo;Europe ont bloqu\u00e9 les d\u00e9l\u00e9gu\u00e9\u00b7es arrivant \u00e0 l&rsquo;h\u00e9liport de Davos Lago ce matin. [1] Par cette action, Greenpeace appelle les responsables politiques et \u00e9conomiques \u00e0 taxer les ultra-riches pour financer des mesures climatiques, environnementales et sociales. Greenpeace publie aujourd\u2019hui\u00a0une analyse\u00a0sur la mani\u00e8re dont une taxe sur les ultra-riches en Europe pourrait contribuer de mani\u00e8re significative \u00e0 une transition climatique accessible \u00e0 tous\u00b7tes.<\/p>\n","protected":false},"author":80,"featured_media":59048,"comment_status":"closed","ping_status":"closed","sticky":false,"template":"","format":"standard","meta":{"ep_exclude_from_search":false,"p4_og_title":"Davos : des activistes de Greenpeace bloquent l\u2019h\u00e9liport et appellent les gouvernements \u00e0 taxer les ultra-riches ","p4_og_description":"Le Forum \u00e9conomique mondial annuel d\u00e9bute aujourd'hui \u00e0 Davos. Treize activistes de Greenpeace venu\u00b7es de toute l'Europe ont bloqu\u00e9 les d\u00e9l\u00e9gu\u00e9\u00b7es arrivant \u00e0 l'h\u00e9liport de Davos Lago ce matin. [1] Par cette action, Greenpeace appelle les responsables politiques et \u00e9conomiques \u00e0 taxer les ultra-riches pour financer des mesures climatiques, environnementales et sociales. Greenpeace publie aujourd\u2019hui\u00a0une analyse\u00a0sur la mani\u00e8re dont une taxe sur les ultra-riches en Europe pourrait contribuer de mani\u00e8re significative \u00e0 une transition climatique accessible \u00e0 tous\u00b7tes.","p4_og_image":"https:\/\/www.greenpeace.org\/static\/planet4-belgium-stateless\/2025\/01\/6fd20c15-gp0su44pd_pressmedia-2500px.jpg","p4_og_image_id":"59048","p4_seo_canonical_url":"","p4_campaign_name":"","p4_local_project":"","p4_basket_name":"","p4_department":"","footnotes":""},"categories":[152,150,168,169,173,151],"tags":[86,162],"p4-page-type":[117],"class_list":["post-59047","post","type-post","status-publish","format-standard","has-post-thumbnail","hentry","category-a-la-une","category-actualites","category-campagnes","category-climat","category-justice-climatique","category-presse","tag-climat","tag-socialjustice","p4-page-type-communique-de-presse"],"_links":{"self":[{"href":"https:\/\/www.greenpeace.org\/belgium\/fr\/wp-json\/wp\/v2\/posts\/59047","targetHints":{"allow":["GET"]}}],"collection":[{"href":"https:\/\/www.greenpeace.org\/belgium\/fr\/wp-json\/wp\/v2\/posts"}],"about":[{"href":"https:\/\/www.greenpeace.org\/belgium\/fr\/wp-json\/wp\/v2\/types\/post"}],"author":[{"embeddable":true,"href":"https:\/\/www.greenpeace.org\/belgium\/fr\/wp-json\/wp\/v2\/users\/80"}],"replies":[{"embeddable":true,"href":"https:\/\/www.greenpeace.org\/belgium\/fr\/wp-json\/wp\/v2\/comments?post=59047"}],"version-history":[{"count":1,"href":"https:\/\/www.greenpeace.org\/belgium\/fr\/wp-json\/wp\/v2\/posts\/59047\/revisions"}],"predecessor-version":[{"id":59050,"href":"https:\/\/www.greenpeace.org\/belgium\/fr\/wp-json\/wp\/v2\/posts\/59047\/revisions\/59050"}],"wp:featuredmedia":[{"embeddable":true,"href":"https:\/\/www.greenpeace.org\/belgium\/fr\/wp-json\/wp\/v2\/media\/59048"}],"wp:attachment":[{"href":"https:\/\/www.greenpeace.org\/belgium\/fr\/wp-json\/wp\/v2\/media?parent=59047"}],"wp:term":[{"taxonomy":"category","embeddable":true,"href":"https:\/\/www.greenpeace.org\/belgium\/fr\/wp-json\/wp\/v2\/categories?post=59047"},{"taxonomy":"post_tag","embeddable":true,"href":"https:\/\/www.greenpeace.org\/belgium\/fr\/wp-json\/wp\/v2\/tags?post=59047"},{"taxonomy":"p4-page-type","embeddable":true,"href":"https:\/\/www.greenpeace.org\/belgium\/fr\/wp-json\/wp\/v2\/p4-page-type?post=59047"}],"curies":[{"name":"wp","href":"https:\/\/api.w.org\/{rel}","templated":true}]}}