{"id":59060,"date":"2025-01-21T11:15:04","date_gmt":"2025-01-21T10:15:04","guid":{"rendered":"https:\/\/www.greenpeace.org\/belgium\/?p=59060"},"modified":"2025-01-21T11:15:09","modified_gmt":"2025-01-21T10:15:09","slug":"greenpeace-reagit-au-retrait-de-trump-de-laccord-de-paris","status":"publish","type":"post","link":"https:\/\/www.greenpeace.org\/belgium\/fr\/communique-de-presse\/59060\/greenpeace-reagit-au-retrait-de-trump-de-laccord-de-paris\/","title":{"rendered":"Greenpeace r\u00e9agit au retrait de Trump de l&rsquo;Accord de Paris"},"content":{"rendered":"\n<p><strong>Nadia Cornejo, porte-parole de Greenpeace Belgique :&nbsp;<\/strong><\/p>\n\n<p><em>\u201cEn sortant de l\u2019accord de Paris, Trump s\u2019inscrit sans surprise dans un d\u00e9ni de la r\u00e9alit\u00e9 et de la science. Une politique n\u00e9gationniste qui ne prot\u00e9gera pas son pays contre les catastrophes aliment\u00e9es par la crise climatique, telles que les incendies de for\u00eat ou les ouragans \u00e0 r\u00e9p\u00e9tition. Trump et ses alli\u00e9s ne font qu\u2019isoler les Etats Unis, tournant le dos \u00e0 la communaut\u00e9 internationale. Leur vell\u00e9it\u00e9 extractiviste les placera \u00e0 la tra\u00eene dans l&rsquo;\u00e9lan mondial en faveur de l\u2019action climatique et \u00e0 la transition vers les \u00e9nergies renouvelables.&nbsp;<\/em><\/p>\n\n<p><em>L&rsquo;Accord de Paris est r\u00e9silient et solide. C&rsquo;est un pacte port\u00e9 par la volont\u00e9 de presque toutes les nations, soutenu par des communaut\u00e9s, des entreprises et des pays engag\u00e9s en faveur de la justice climatique et de la fin des \u00e9nergies fossiles.&nbsp;<\/em><\/p>\n\n<p><em>L&rsquo;arriv\u00e9e de Trump \u00e0 la t\u00eate des Etats-Unis rend notre combat difficile. Mais en tant que soci\u00e9t\u00e9 civile, nous sommes plus que jamais d\u00e9termin\u00e9s \u00e0 entrer en r\u00e9sistance pour soutenir les g\u00e9n\u00e9rations futures, la lutte contre les in\u00e9galit\u00e9s et la plan\u00e8te contre une attitude et une administration court-termiste qui soutient les plus riches des pollueurs.\u201d<\/em><\/p>\n","protected":false},"excerpt":{"rendered":"<p>\u201cEn sortant de l\u2019accord de Paris, Trump s\u2019inscrit sans surprise dans un d\u00e9ni de la r\u00e9alit\u00e9 et de la science. Une politique n\u00e9gationniste qui ne prot\u00e9gera pas son pays contre les catastrophes aliment\u00e9es par la crise climatique, telles que les incendies de for\u00eat ou les ouragans \u00e0 r\u00e9p\u00e9tition. Trump et ses alli\u00e9s ne font qu\u2019isoler les Etats Unis, tournant le dos \u00e0 la communaut\u00e9 internationale. Leur vell\u00e9it\u00e9 extractiviste les placera \u00e0 la tra\u00eene dans l&rsquo;\u00e9lan mondial en faveur de l\u2019action climatique et \u00e0 la transition vers les \u00e9nergies renouvelables.\u00a0<\/p>\n","protected":false},"author":97,"featured_media":59058,"comment_status":"closed","ping_status":"closed","sticky":false,"template":"","format":"standard","meta":{"ep_exclude_from_search":false,"p4_og_title":"Greenpeace r\u00e9agit au retrait de Trump de l'Accord de Paris","p4_og_description":"\u201cEn sortant de l\u2019accord de Paris, Trump s\u2019inscrit sans surprise dans un d\u00e9ni de la r\u00e9alit\u00e9 et de la science. Une politique n\u00e9gationniste qui ne prot\u00e9gera pas son pays contre les catastrophes aliment\u00e9es par la crise climatique, telles que les incendies de for\u00eat ou les ouragans \u00e0 r\u00e9p\u00e9tition. Trump et ses alli\u00e9s ne font qu\u2019isoler les Etats Unis, tournant le dos \u00e0 la communaut\u00e9 internationale. Leur vell\u00e9it\u00e9 extractiviste les placera \u00e0 la tra\u00eene dans l'\u00e9lan mondial en faveur de l\u2019action climatique et \u00e0 la transition vers les \u00e9nergies renouvelables.\u00a0","p4_og_image":"https:\/\/www.greenpeace.org\/static\/planet4-belgium-stateless\/2025\/01\/6358a70c-gp0stquee_medium-res-with-credit-line-1200px.jpg","p4_og_image_id":"59058","p4_seo_canonical_url":"","p4_campaign_name":"","p4_local_project":"","p4_basket_name":"","p4_department":"","footnotes":""},"categories":[152,150,151],"tags":[83,86],"p4-page-type":[117],"class_list":["post-59060","post","type-post","status-publish","format-standard","has-post-thumbnail","hentry","category-a-la-une","category-actualites","category-presse","tag-politique","tag-climat","p4-page-type-communique-de-presse"],"_links":{"self":[{"href":"https:\/\/www.greenpeace.org\/belgium\/fr\/wp-json\/wp\/v2\/posts\/59060","targetHints":{"allow":["GET"]}}],"collection":[{"href":"https:\/\/www.greenpeace.org\/belgium\/fr\/wp-json\/wp\/v2\/posts"}],"about":[{"href":"https:\/\/www.greenpeace.org\/belgium\/fr\/wp-json\/wp\/v2\/types\/post"}],"author":[{"embeddable":true,"href":"https:\/\/www.greenpeace.org\/belgium\/fr\/wp-json\/wp\/v2\/users\/97"}],"replies":[{"embeddable":true,"href":"https:\/\/www.greenpeace.org\/belgium\/fr\/wp-json\/wp\/v2\/comments?post=59060"}],"version-history":[{"count":1,"href":"https:\/\/www.greenpeace.org\/belgium\/fr\/wp-json\/wp\/v2\/posts\/59060\/revisions"}],"predecessor-version":[{"id":59061,"href":"https:\/\/www.greenpeace.org\/belgium\/fr\/wp-json\/wp\/v2\/posts\/59060\/revisions\/59061"}],"wp:featuredmedia":[{"embeddable":true,"href":"https:\/\/www.greenpeace.org\/belgium\/fr\/wp-json\/wp\/v2\/media\/59058"}],"wp:attachment":[{"href":"https:\/\/www.greenpeace.org\/belgium\/fr\/wp-json\/wp\/v2\/media?parent=59060"}],"wp:term":[{"taxonomy":"category","embeddable":true,"href":"https:\/\/www.greenpeace.org\/belgium\/fr\/wp-json\/wp\/v2\/categories?post=59060"},{"taxonomy":"post_tag","embeddable":true,"href":"https:\/\/www.greenpeace.org\/belgium\/fr\/wp-json\/wp\/v2\/tags?post=59060"},{"taxonomy":"p4-page-type","embeddable":true,"href":"https:\/\/www.greenpeace.org\/belgium\/fr\/wp-json\/wp\/v2\/p4-page-type?post=59060"}],"curies":[{"name":"wp","href":"https:\/\/api.w.org\/{rel}","templated":true}]}}