{"id":59236,"date":"2025-02-14T11:07:55","date_gmt":"2025-02-14T10:07:55","guid":{"rendered":"https:\/\/www.greenpeace.org\/belgium\/?p=59236"},"modified":"2025-02-20T15:42:46","modified_gmt":"2025-02-20T14:42:46","slug":"les-organisations-environnementales-reagissent-a-la-fermeture-de-doel-1-malgre-les-contes-de-fees-racontes-par-larizona-la-sortie-du-nucleaire-belge-a-bien-lieu","status":"publish","type":"post","link":"https:\/\/www.greenpeace.org\/belgium\/fr\/communique-de-presse\/59236\/les-organisations-environnementales-reagissent-a-la-fermeture-de-doel-1-malgre-les-contes-de-fees-racontes-par-larizona-la-sortie-du-nucleaire-belge-a-bien-lieu\/","title":{"rendered":"Les organisations environnementales r\u00e9agissent \u00e0 la fermeture de Doel 1 : \u201cMalgr\u00e9 les contes de f\u00e9es racont\u00e9s par l&rsquo;Arizona, la sortie du nucl\u00e9aire belge a bien lieu\u201d"},"content":{"rendered":"\n<p>En mati\u00e8re d\u2019\u00e9nergie nucl\u00e9aire, la coalition Arizona ne manque pas de projets. Notre nouveau gouvernement esp\u00e8re construire huit gigawatts de capacit\u00e9 nucl\u00e9aire, non seulement en prolongeant Doel 4 et Tihange 3 de 20 ans au lieu de 10 (2 GW), mais aussi en prolongeant les trois r\u00e9acteurs les plus anciens de 10 ans suppl\u00e9mentaires (2 GW). Elle souhaite \u00e9galement construire de nouvelles centrales, dont certaines utiliseront une nouvelle technologie qui n&rsquo;existe pas encore.&nbsp;<\/p>\n\n<figure class=\"wp-block-image size-large\"><img loading=\"lazy\" decoding=\"async\" width=\"1024\" height=\"683\" src=\"https:\/\/www.greenpeace.org\/static\/planet4-belgium-stateless\/2025\/02\/5492d032-gp0su01cq_pressmedia-2500px-1024x683.jpg\" alt=\"\" class=\"wp-image-59237\" srcset=\"https:\/\/www.greenpeace.org\/static\/planet4-belgium-stateless\/2025\/02\/5492d032-gp0su01cq_pressmedia-2500px-1024x683.jpg 1024w, https:\/\/www.greenpeace.org\/static\/planet4-belgium-stateless\/2025\/02\/5492d032-gp0su01cq_pressmedia-2500px-300x200.jpg 300w, https:\/\/www.greenpeace.org\/static\/planet4-belgium-stateless\/2025\/02\/5492d032-gp0su01cq_pressmedia-2500px-768x512.jpg 768w, https:\/\/www.greenpeace.org\/static\/planet4-belgium-stateless\/2025\/02\/5492d032-gp0su01cq_pressmedia-2500px-1536x1024.jpg 1536w, https:\/\/www.greenpeace.org\/static\/planet4-belgium-stateless\/2025\/02\/5492d032-gp0su01cq_pressmedia-2500px-2048x1366.jpg 2048w, https:\/\/www.greenpeace.org\/static\/planet4-belgium-stateless\/2025\/02\/5492d032-gp0su01cq_pressmedia-2500px-510x340.jpg 510w\" sizes=\"auto, (max-width: 1024px) 100vw, 1024px\" \/><figcaption class=\"wp-element-caption\">Action de Greenpeace au Nuclear Energy Summit \u00e0 Bruxelles, en mars 2024.<\/figcaption><\/figure>\n\n<p>Ce que notre gouvernement omet volontairement de mentionner, c\u2019est que l&rsquo;accord avec l&rsquo;op\u00e9rateur Engie sur la prolongation de 10 ans de Doel 4 et Tihange 3 n&rsquo;a toujours pas \u00e9t\u00e9 approuv\u00e9 par l&rsquo;Europe. L&rsquo;op\u00e9rateur Engie a quant \u00e0 lui rejet\u00e9 les id\u00e9es de prolongation suppl\u00e9mentaires en les qualifiant de&nbsp;<em>\u201cpas s\u00e9rieux\u201d<\/em>. L&rsquo;\u00e9nergie nucl\u00e9aire est \u201c<em>une technologie tr\u00e8s ch\u00e8re<\/em>\u201d et qui \u201c<em>prend beaucoup de temps \u00e0 se d\u00e9velopper<\/em>\u201d, selon le PDG d&rsquo;Engie, Vincent Verbeke. [1] Et pendant ce temps, les r\u00eaves politiques sont rattrap\u00e9s par la r\u00e9alit\u00e9 : dans la nuit du 14 au 15 f\u00e9vrier, Doel 1, le troisi\u00e8me des sept r\u00e9acteurs belges, sera d\u00e9finitivement mis hors service. [2]<\/p>\n\n<p><em>\u201cAu lieu d&rsquo;acc\u00e9l\u00e9rer la transition \u00e9nerg\u00e9tique, ce gouvernement continue de vendre des contes de f\u00e9es nucl\u00e9aires totalement d\u00e9pass\u00e9s\u201d<\/em>, analyse Mathieu Soete, charg\u00e9 de campagne pour la transition \u00e9nerg\u00e9tique \u00e0 Greenpeace Belgique<em>. \u201cMais la r\u00e9alit\u00e9 le rattrape : les anciens r\u00e9acteurs ne r\u00e9pondent plus aux normes de s\u00e9curit\u00e9 actuelles et en construire de nouveaux demande un temps infini et de l&rsquo;argent que nous n&rsquo;avons pas.\u201d<\/em><\/p>\n\n<p><em>\u201dQue nous fournissions huit, quatre ou z\u00e9ro gigawatts d&rsquo;\u00e9nergie nucl\u00e9aire, seule l&rsquo;interconnexion avec nos pays voisins peut garantir le caract\u00e8re abordable et la s\u00e9curit\u00e9 de l&rsquo;approvisionnement en \u00e9lectricit\u00e9\u201d&nbsp;<\/em>poursuit Arnaud Collignon, charg\u00e9 de mission climat \u00e9nergie chez Canopea<em>. \u201cNous attendons du gouvernement f\u00e9d\u00e9ral et du nouveau ministre de l&rsquo;\u00e9nergie qu&rsquo;ils en fassent une priorit\u00e9.\u201d&nbsp;<\/em><\/p>\n\n<p>[1] Le Soir, 24\/01\/2025,&nbsp;<a href=\"https:\/\/www.lesoir.be\/650722\/article\/2025-01-24\/nucleaire-engie-adresse-une-fin-de-non-recevoir-larizona#:~:text=L'%C3%A9nerg%C3%A9ticien%20juge%20%C2%AB%20impensable%20%C2%BB,le%20renouvelable%20et%20la%20flexibilit%C3%A9.\" target=\"_blank\" rel=\"noreferrer noopener\">Nucl\u00e9aire : Engie adresse une fin de non-recevoir \u00e0 l\u2019Arizona<\/a>&nbsp;et De Tijd, 25\/1\/2025,&nbsp;<a href=\"https:\/\/www.tijd.be\/ondernemen\/milieu-energie\/engie-topman-vincent-verbeke-mensen-denken-dat-kernenergie-goedkoop-is-maar-ze-is-enorm-duur\/10584055.html\" target=\"_blank\" rel=\"noreferrer noopener\">\u2018Mensen denken dat kernenergie goedkoop is, maar ze is enorm duur\u2019<\/a><\/p>\n\n<p>[2] Le Soir, 13\/2\/2025,&nbsp;<a href=\"https:\/\/www.lalibre.be\/economie\/conjoncture\/2025\/02\/13\/doel-1-va-produire-ses-derniers-electrons-ce-vendredi-engie-ne-doit-pas-alterer-loutil-ZV4EY3FKTFHDVJTC4RJBQWRRBU\/\" target=\"_blank\" rel=\"noreferrer noopener\">Doel 1 va produire ses derniers \u00e9lectrons ce vendredi<\/a><\/p>\n","protected":false},"excerpt":{"rendered":"<p>En mati\u00e8re d\u2019\u00e9nergie nucl\u00e9aire, la coalition Arizona ne manque pas de projets. Notre nouveau gouvernement esp\u00e8re construire huit gigawatts de capacit\u00e9 nucl\u00e9aire, non seulement en prolongeant Doel 4 et Tihange 3 de 20 ans au lieu de 10 (2 GW), mais aussi en prolongeant les trois r\u00e9acteurs les plus anciens de 10 ans suppl\u00e9mentaires (2 GW). Elle souhaite \u00e9galement construire de nouvelles centrales, dont certaines utiliseront une nouvelle technologie qui n&rsquo;existe pas encore.\u00a0<\/p>\n","protected":false},"author":80,"featured_media":59237,"comment_status":"closed","ping_status":"closed","sticky":false,"template":"","format":"standard","meta":{"ep_exclude_from_search":false,"p4_og_title":"Les organisations environnementales r\u00e9agissent \u00e0 la fermeture de Doel 1","p4_og_description":"En mati\u00e8re d\u2019\u00e9nergie nucl\u00e9aire, la coalition Arizona ne manque pas de projets. Notre nouveau gouvernement esp\u00e8re construire huit gigawatts de capacit\u00e9 nucl\u00e9aire, non seulement en prolongeant Doel 4 et Tihange 3 de 20 ans au lieu de 10 (2 GW), mais aussi en prolongeant les trois r\u00e9acteurs les plus anciens de 10 ans suppl\u00e9mentaires (2 GW). Elle souhaite \u00e9galement construire de nouvelles centrales, dont certaines utiliseront une nouvelle technologie qui n'existe pas encore.\u00a0","p4_og_image":"","p4_og_image_id":"","p4_seo_canonical_url":"","p4_campaign_name":"","p4_local_project":"","p4_basket_name":"","p4_department":"","footnotes":""},"categories":[168],"tags":[70],"p4-page-type":[117],"class_list":["post-59236","post","type-post","status-publish","format-standard","has-post-thumbnail","hentry","category-campagnes","tag-energie","p4-page-type-communique-de-presse"],"_links":{"self":[{"href":"https:\/\/www.greenpeace.org\/belgium\/fr\/wp-json\/wp\/v2\/posts\/59236","targetHints":{"allow":["GET"]}}],"collection":[{"href":"https:\/\/www.greenpeace.org\/belgium\/fr\/wp-json\/wp\/v2\/posts"}],"about":[{"href":"https:\/\/www.greenpeace.org\/belgium\/fr\/wp-json\/wp\/v2\/types\/post"}],"author":[{"embeddable":true,"href":"https:\/\/www.greenpeace.org\/belgium\/fr\/wp-json\/wp\/v2\/users\/80"}],"replies":[{"embeddable":true,"href":"https:\/\/www.greenpeace.org\/belgium\/fr\/wp-json\/wp\/v2\/comments?post=59236"}],"version-history":[{"count":1,"href":"https:\/\/www.greenpeace.org\/belgium\/fr\/wp-json\/wp\/v2\/posts\/59236\/revisions"}],"predecessor-version":[{"id":59239,"href":"https:\/\/www.greenpeace.org\/belgium\/fr\/wp-json\/wp\/v2\/posts\/59236\/revisions\/59239"}],"wp:featuredmedia":[{"embeddable":true,"href":"https:\/\/www.greenpeace.org\/belgium\/fr\/wp-json\/wp\/v2\/media\/59237"}],"wp:attachment":[{"href":"https:\/\/www.greenpeace.org\/belgium\/fr\/wp-json\/wp\/v2\/media?parent=59236"}],"wp:term":[{"taxonomy":"category","embeddable":true,"href":"https:\/\/www.greenpeace.org\/belgium\/fr\/wp-json\/wp\/v2\/categories?post=59236"},{"taxonomy":"post_tag","embeddable":true,"href":"https:\/\/www.greenpeace.org\/belgium\/fr\/wp-json\/wp\/v2\/tags?post=59236"},{"taxonomy":"p4-page-type","embeddable":true,"href":"https:\/\/www.greenpeace.org\/belgium\/fr\/wp-json\/wp\/v2\/p4-page-type?post=59236"}],"curies":[{"name":"wp","href":"https:\/\/api.w.org\/{rel}","templated":true}]}}