{"id":59499,"date":"2025-02-28T11:05:09","date_gmt":"2025-02-28T10:05:09","guid":{"rendered":"https:\/\/www.greenpeace.org\/belgium\/?p=59499"},"modified":"2025-02-28T11:05:13","modified_gmt":"2025-02-28T10:05:13","slug":"biodiversite-greenpeace-reagit-a-laccord-final-de-la-cop16-2-a-rome-un-pas-en-avant-qui-appelle-urgemment-des-avancees-concretes","status":"publish","type":"post","link":"https:\/\/www.greenpeace.org\/belgium\/fr\/communique-de-presse\/59499\/biodiversite-greenpeace-reagit-a-laccord-final-de-la-cop16-2-a-rome-un-pas-en-avant-qui-appelle-urgemment-des-avancees-concretes\/","title":{"rendered":"Biodiversit\u00e9 &#8211; Greenpeace r\u00e9agit \u00e0 l\u2019accord final de la COP16.2 \u00e0 Rome : \u201cun pas en avant qui appelle urgemment des avanc\u00e9es concr\u00e8tes\u201d"},"content":{"rendered":"\n<p>Si Greenpeace salue l&rsquo;accord sur le financement de la biodiversit\u00e9 qui permet \u00e0 la communaut\u00e9 internationale d\u2019avancer, l\u2019organisation rappelle que les promesses r\u00e9alis\u00e9es lors de la COP15 en 2022 doivent de toute urgence se concr\u00e9tiser : l\u2019argent doit arriver sur la table et une priorit\u00e9 d\u2019acc\u00e8s doit \u00eatre donn\u00e9 aux peuples autochtones et aux communaut\u00e9s locales. L&rsquo;accord conclu \u00e0 Rome \u00e9tablit une feuille de route jusqu&rsquo;\u00e0 la COP19 en 2030 pour combler le d\u00e9ficit de financement de la biodiversit\u00e9 de 700 milliards de dollars et d\u00e9velopper une architecture financi\u00e8re \u00e0 l&rsquo;\u00e9preuve du temps pour g\u00e9rer les instruments financiers existants et nouveaux.&nbsp;<\/p>\n\n<p><em>\u201cDans un contexte g\u00e9opolitique mondial difficile, les avanc\u00e9es sur le financement et le lancement officiel du Fonds Cali sont des \u00e9l\u00e9ments positifs\u201d<\/em> explique Nadia Cornejo, porte-parole de Greenpeace Belgique. \u201c<em>Mais nous avons besoin de toute urgence d\u2019avanc\u00e9es concr\u00e8tes. Il doit y avoir une mise \u00e0 disposition rapide de 20 milliards de dollars par an de fonds publics d\u00e8s cette ann\u00e9e. Et le Fonds Cali doit \u00e9galement imp\u00e9rativement \u00eatre aliment\u00e9 par les contribution des grandes soci\u00e9t\u00e9s pharmaceutiques et agroalimentaires, \u00e0 hauteur de 1 % de leurs revenus. Les processus mis en place ici \u00e0 Rome doivent \u00e9galement permettre d\u2019\u00e9liminer les subventions qui nuisent \u00e0 la nature et d\u00e9boucher sur de nouveaux moyens transparents, \u00e9quitables et justes de g\u00e9n\u00e9rer des financements.\u201d<\/em><\/p>\n\n<p>La Belgique \u00e9tait pr\u00e9sente \u00e0 Rome avec une strat\u00e9gie nationale en mati\u00e8re de biodiversit\u00e9 remise \u00e0 jour. Notre pays doit maintenant assumer sa part dans la responsabilit\u00e9 mondiale et pr\u00e9senter un plan d&rsquo;action ambitieux et des engagements clairs en mati\u00e8re de financement. <em>\u201cLes nouveaux accords de gouvernements en Belgique ne semblent pourtant pas prendre cette direction\u201d<\/em> poursuit Nadia Cornejo. <em>\u201cNous appelons nos politiques \u00e0 revoir leur copie en mati\u00e8re de biodiversit\u00e9. Les \u00e9cosyst\u00e8mes continuent de s&rsquo;effondrer et les communaut\u00e9s qui en d\u00e9pendent ne peuvent plus attendre.\u201d<\/em><\/p>\n","protected":false},"excerpt":{"rendered":"<p>Si Greenpeace salue l&rsquo;accord sur le financement de la biodiversit\u00e9 qui permet \u00e0 la communaut\u00e9 internationale d\u2019avancer, l\u2019organisation rappelle que les promesses r\u00e9alis\u00e9es lors de la COP15 en 2022 doivent de toute urgence se concr\u00e9tiser : l\u2019argent doit arriver sur la table et une priorit\u00e9 d\u2019acc\u00e8s doit \u00eatre donn\u00e9 aux peuples autochtones et aux communaut\u00e9s locales.<\/p>\n","protected":false},"author":80,"featured_media":59500,"comment_status":"closed","ping_status":"closed","sticky":false,"template":"","format":"standard","meta":{"ep_exclude_from_search":false,"p4_og_title":"Biodiversit\u00e9 - Greenpeace r\u00e9agit \u00e0 l\u2019accord final de la COP16.2 \u00e0 Rome : \u201cun pas en avant qui appelle urgemment des avanc\u00e9es concr\u00e8tes\u201d","p4_og_description":"Si Greenpeace salue l'accord sur le financement de la biodiversit\u00e9 qui permet \u00e0 la communaut\u00e9 internationale d\u2019avancer, l\u2019organisation rappelle que les promesses r\u00e9alis\u00e9es lors de la COP15 en 2022 doivent de toute urgence se concr\u00e9tiser : l\u2019argent doit arriver sur la table et une priorit\u00e9 d\u2019acc\u00e8s doit \u00eatre donn\u00e9 aux peuples autochtones et aux communaut\u00e9s locales.","p4_og_image":"https:\/\/www.greenpeace.org\/static\/planet4-belgium-stateless\/2025\/02\/307ab2ce-gp0su337c_medium-res-1200px.jpg","p4_og_image_id":"59500","p4_seo_canonical_url":"","p4_campaign_name":"","p4_local_project":"","p4_basket_name":"","p4_department":"","footnotes":""},"categories":[171],"tags":[],"p4-page-type":[117],"class_list":["post-59499","post","type-post","status-publish","format-standard","has-post-thumbnail","hentry","category-biodiversite","p4-page-type-communique-de-presse"],"_links":{"self":[{"href":"https:\/\/www.greenpeace.org\/belgium\/fr\/wp-json\/wp\/v2\/posts\/59499","targetHints":{"allow":["GET"]}}],"collection":[{"href":"https:\/\/www.greenpeace.org\/belgium\/fr\/wp-json\/wp\/v2\/posts"}],"about":[{"href":"https:\/\/www.greenpeace.org\/belgium\/fr\/wp-json\/wp\/v2\/types\/post"}],"author":[{"embeddable":true,"href":"https:\/\/www.greenpeace.org\/belgium\/fr\/wp-json\/wp\/v2\/users\/80"}],"replies":[{"embeddable":true,"href":"https:\/\/www.greenpeace.org\/belgium\/fr\/wp-json\/wp\/v2\/comments?post=59499"}],"version-history":[{"count":1,"href":"https:\/\/www.greenpeace.org\/belgium\/fr\/wp-json\/wp\/v2\/posts\/59499\/revisions"}],"predecessor-version":[{"id":59502,"href":"https:\/\/www.greenpeace.org\/belgium\/fr\/wp-json\/wp\/v2\/posts\/59499\/revisions\/59502"}],"wp:featuredmedia":[{"embeddable":true,"href":"https:\/\/www.greenpeace.org\/belgium\/fr\/wp-json\/wp\/v2\/media\/59500"}],"wp:attachment":[{"href":"https:\/\/www.greenpeace.org\/belgium\/fr\/wp-json\/wp\/v2\/media?parent=59499"}],"wp:term":[{"taxonomy":"category","embeddable":true,"href":"https:\/\/www.greenpeace.org\/belgium\/fr\/wp-json\/wp\/v2\/categories?post=59499"},{"taxonomy":"post_tag","embeddable":true,"href":"https:\/\/www.greenpeace.org\/belgium\/fr\/wp-json\/wp\/v2\/tags?post=59499"},{"taxonomy":"p4-page-type","embeddable":true,"href":"https:\/\/www.greenpeace.org\/belgium\/fr\/wp-json\/wp\/v2\/p4-page-type?post=59499"}],"curies":[{"name":"wp","href":"https:\/\/api.w.org\/{rel}","templated":true}]}}