{"id":595,"date":"2017-09-15T11:29:00","date_gmt":"2017-09-15T11:29:00","guid":{"rendered":"https:\/\/www.greenpeace.org\/belgium\/blog\/595\/proteger-le-cerrado-lautre-nature-du-bresil\/"},"modified":"2019-11-06T10:23:39","modified_gmt":"2019-11-06T08:23:39","slug":"proteger-le-cerrado-lautre-nature-du-bresil","status":"publish","type":"post","link":"https:\/\/www.greenpeace.org\/belgium\/fr\/actualites-blog\/595\/proteger-le-cerrado-lautre-nature-du-bresil\/","title":{"rendered":"Prot\u00e9ger le Cerrado, l\u2019autre nature du Br\u00e9sil"},"content":{"rendered":"<div class=\"post-content\">\n<div>\n<p><strong>Le Cerrado br\u00e9silien est nettement moins connu que l\u2019Amazonie et pourtant, en tant qu\u2019\u00e9norme r\u00e9gion de savane, il joue lui aussi un r\u00f4le crucial pour la biodiversit\u00e9 et le climat sur terre.<\/strong><\/p>\n<p><strong><img decoding=\"async\" src=\"https:\/\/www.greenpeace.org\/static\/planet4-belgium-stateless\/2018\/12\/23e27fea-23e27fea-138315_248087.jpg\" alt=\"\" \/><\/strong><\/p>\n<p>Il n\u2019emp\u00eache, l\u2019industrie agricole peut y agir librement, au d\u00e9triment des habitats naturels. C\u2019est ainsi qu\u2019au cours de ces dix derni\u00e8res ann\u00e9es, de vastes zones du Cerrado ont \u00e9t\u00e9 perdues.<\/p>\n<p>Cela doit s\u2019arr\u00eater, selon Greenpeace et une quarantaine d\u2019autres organisations environnementales. Nous demandons aux investisseurs et aux entreprises qui ach\u00e8tent du soja et de la viande depuis le Cerrado br\u00e9silien, de prot\u00e9ger cet \u00e9cosyst\u00e8me unique.<\/p>\n<h3>Manifeste<\/h3>\n<p>Les organisations environnementales ont r\u00e9dig\u00e9 un <a href=\"https:\/\/drive.google.com\/file\/d\/0B9Q81I9GzbdfM0RLcUFWS0VaT0k\/view\">manifeste<\/a> pour lequel elles se sont inspir\u00e9es du succ\u00e8s engendr\u00e9 par le moratoire sur le soja en Amazonie, obtenu gr\u00e2ce \u00e0 des collaborations entre diff\u00e9rents maillons de la cha\u00eene de production, au soutien du gouvernement et au contr\u00f4le par la soci\u00e9t\u00e9 civile.<\/p>\n<p>Les chiffres montrent \u00e0 quel point prot\u00e9ger le Cerrado est n\u00e9cessaire. Entre 2013 et 2015, non moins de 18.962 km\u00b2 de cette savane ont \u00e9t\u00e9 d\u00e9truits, ce qui en fait l\u2019un des \u00e9cosyst\u00e8mes les plus menac\u00e9s au monde.<\/p>\n<h3>Emissions \u00e9lev\u00e9es<\/h3>\n<p>Le Cerrado ne compte aujourd\u2019hui plus que la moiti\u00e9 de sa superficie initiale. Si la d\u00e9vastation \u00a0se poursuit, un nouveau tiers de ce qu\u2019il en reste aura disparu d\u2019ici 2050. Plus de 480 esp\u00e8ces de plantes sont menac\u00e9es de disparition.<\/p>\n<p>Cette \u00e9volution va aussi de pair avec des \u00e9missions \u00e9lev\u00e9es de gaz \u00e0 effet de serre, ce qui fait que le Br\u00e9sil ne sera pas en mesure d\u2019atteindre ses objectifs internationaux, et contraignants, fix\u00e9s dans le cadre de l\u2019accord de Paris.<\/p>\n<p>Tout un chacun qui d\u2019une fa\u00e7on ou d\u2019une autre commercialise ou consomme du soja et de la viande en provenance du Cerrado, porte une responsabilit\u00e9 et doit contribuer \u00e0 la solution, qu\u2019il s\u2019agisse des n\u00e9gociants, des cha\u00eenes de supermarch\u00e9 et des investisseurs. Tous ces acteurs du march\u00e9 devraient abandonner le soja et la viande provenant de la destruction r\u00e9cente du Cerrado.<\/p>\n<\/div>\n<\/div>\n","protected":false},"excerpt":{"rendered":"<p>Le Cerrado br\u00e9silien est nettement moins connu que l\u2019Amazonie et pourtant, en tant qu\u2019\u00e9norme r\u00e9gion de savane, il joue lui aussi un r\u00f4le crucial pour la biodiversit\u00e9 et le climat sur terre.<\/p>\n","protected":false},"author":49,"featured_media":596,"comment_status":"closed","ping_status":"closed","sticky":false,"template":"","format":"standard","meta":{"ep_exclude_from_search":false,"p4_og_title":"","p4_og_description":"","p4_og_image":"","p4_og_image_id":"","p4_seo_canonical_url":"","p4_campaign_name":"","p4_local_project":"","p4_basket_name":"","p4_department":"","footnotes":""},"categories":[105],"tags":[80],"p4-page-type":[116],"class_list":["post-595","post","type-post","status-publish","format-standard","has-post-thumbnail","hentry","category-preserver-la-beaute-de-notre-planete","tag-forets","p4-page-type-actualites-blog"],"_links":{"self":[{"href":"https:\/\/www.greenpeace.org\/belgium\/fr\/wp-json\/wp\/v2\/posts\/595","targetHints":{"allow":["GET"]}}],"collection":[{"href":"https:\/\/www.greenpeace.org\/belgium\/fr\/wp-json\/wp\/v2\/posts"}],"about":[{"href":"https:\/\/www.greenpeace.org\/belgium\/fr\/wp-json\/wp\/v2\/types\/post"}],"author":[{"embeddable":true,"href":"https:\/\/www.greenpeace.org\/belgium\/fr\/wp-json\/wp\/v2\/users\/49"}],"replies":[{"embeddable":true,"href":"https:\/\/www.greenpeace.org\/belgium\/fr\/wp-json\/wp\/v2\/comments?post=595"}],"version-history":[{"count":2,"href":"https:\/\/www.greenpeace.org\/belgium\/fr\/wp-json\/wp\/v2\/posts\/595\/revisions"}],"predecessor-version":[{"id":2663,"href":"https:\/\/www.greenpeace.org\/belgium\/fr\/wp-json\/wp\/v2\/posts\/595\/revisions\/2663"}],"wp:featuredmedia":[{"embeddable":true,"href":"https:\/\/www.greenpeace.org\/belgium\/fr\/wp-json\/wp\/v2\/media\/596"}],"wp:attachment":[{"href":"https:\/\/www.greenpeace.org\/belgium\/fr\/wp-json\/wp\/v2\/media?parent=595"}],"wp:term":[{"taxonomy":"category","embeddable":true,"href":"https:\/\/www.greenpeace.org\/belgium\/fr\/wp-json\/wp\/v2\/categories?post=595"},{"taxonomy":"post_tag","embeddable":true,"href":"https:\/\/www.greenpeace.org\/belgium\/fr\/wp-json\/wp\/v2\/tags?post=595"},{"taxonomy":"p4-page-type","embeddable":true,"href":"https:\/\/www.greenpeace.org\/belgium\/fr\/wp-json\/wp\/v2\/p4-page-type?post=595"}],"curies":[{"name":"wp","href":"https:\/\/api.w.org\/{rel}","templated":true}]}}