{"id":59582,"date":"2025-03-20T01:13:33","date_gmt":"2025-03-20T00:13:33","guid":{"rendered":"https:\/\/www.greenpeace.org\/belgium\/?p=59582"},"modified":"2025-03-20T09:01:19","modified_gmt":"2025-03-20T08:01:19","slug":"etats-unis-des-entites-de-greenpeace-condamnees-a-payer-660-millions-de-dollars-dans-le-cadre-de-la-procedure-baillon-intentee-par-energy-transfer","status":"publish","type":"post","link":"https:\/\/www.greenpeace.org\/belgium\/fr\/communique-de-presse\/59582\/etats-unis-des-entites-de-greenpeace-condamnees-a-payer-660-millions-de-dollars-dans-le-cadre-de-la-procedure-baillon-intentee-par-energy-transfer\/","title":{"rendered":"Etats-Unis : des entit\u00e9s de Greenpeace condamn\u00e9es \u00e0 payer 660 millions de dollars dans le cadre de la proc\u00e9dure-b\u00e2illon intent\u00e9e par Energy Transfer"},"content":{"rendered":"\n<h3 class=\"wp-block-heading\"><strong>La libert\u00e9 d&rsquo;expression et le droit de manifester en danger aux \u00c9tats-Unis<\/strong><\/h3>\n\n<p><strong>19 Mars 2025 &#8211; Mandan, Dakota du Nord &#8211; Un jury de 9 personnes vient de rendre son verdict dans le cadre <\/strong><a href=\"https:\/\/www.greenpeace.org\/belgium\/fr\/communique-de-presse\/59418\/lavenir-de-greenpeace-aux-usa-se-joue-t-il-cette-semaine\/\" target=\"_blank\" rel=\"noreferrer noopener\"><strong>du proc\u00e8s sans fondement<\/strong><\/a><strong> intent\u00e9 par Energy Transfer contre Greenpeace International et les entit\u00e9s de Greenpeace aux \u00c9tats-Unis (Greenpeace Inc et Greenpeace Fund), les condamnant \u00e0 payer plus de 660 millions de dollars am\u00e9ricains. Les grandes entreprises des \u00e9nergies fossiles poursuivent donc leur man\u0153uvres pour entraver la libert\u00e9 d\u2019expression. Mais le combat contre ces proc\u00e9dures-b\u00e2illons ne s\u2019arr\u00eatera pas l\u00e0.<\/strong><\/p>\n\n<p><em>\u201cNous assistons \u00e0 un retour d\u00e9sastreux de comportements irresponsables qui ont aliment\u00e9 la crise climatique, aggrav\u00e9 le racisme environnemental et fait passer les profits des entreprises fossiles avant la sant\u00e9 publique et une plan\u00e8te habitable\u201d <\/em>a d\u00e9clar\u00e9 Mads Christensen, directeur ex\u00e9cutif de Greenpeace International<em>. \u201cLa pr\u00e9c\u00e9dente administration Trump a pass\u00e9 quatre ans \u00e0 d\u00e9manteler tout ce qui permettait de prot\u00e9ger l\u2019air, l\u2019eau et la souverainet\u00e9 des peuples autochtones. Elle veut d\u00e9sormais finir le travail, en faisant taire toute forme d\u2019opposition. Mais nous ne reculerons pas. Nous ne les laisserons pas nous r\u00e9duire au silence.\u201d<\/em><\/p>\n\n<p><em>\u201cCette affaire devrait alarmer tout le monde, quelle que soit sa tendance politique\u201d<\/em>, a poursuivi Sushma Raman, directrice par int\u00e9rim de Greenpeace Inc et de Greenpeace Fund.<em> \u201cElle s&rsquo;inscrit dans une nouvelle tentative des entreprises d&rsquo;utiliser nos tribunaux pour faire taire\u00a0leurs opposant<\/em><em>\u00b7es<\/em><em>. Mais si les tyrans de l&rsquo;industrie fossile peuvent essayer d&rsquo;arr\u00eater une organisation, ils ne pourront pas arr\u00eater un mouvement tout entier.\u00a0\u00bb<\/em><\/p>\n\n<p>Les poursuites intent\u00e9es par Energy Transfer sont des exemples \u00e9vidents de proc\u00e9dures-b\u00e2illons (ou &lsquo;SLAPP cases&rsquo; en anglais). [1]\u00a0 Elles ont pour but d\u2019asphyxier les organisations non gouvernementales et les activistes sous les frais de justice, de les pousser \u00e0 la faillite et, en fin de compte, de faire taire les voix qui s\u2019\u00e9l\u00e8vent pour d\u00e9fendre l\u2019int\u00e9r\u00eat g\u00e9n\u00e9ral.<em> <\/em>Les grandes compagnies p\u00e9troli\u00e8res Shell, Total et ENI ont \u00e9galement intent\u00e9 des poursuites-b\u00e2illons contre des entit\u00e9s de Greenpeace ces derni\u00e8res ann\u00e9es. [2] Greenpeace France a ainsi r\u00e9ussi \u00e0 faire \u00e9chouer la proc\u00e9dure-b\u00e2illon de TotalEnergies le 28 mars 2024, et Greenpeace UK et Greenpeace International ont forc\u00e9 <a href=\"https:\/\/www.greenpeace.org\/belgium\/fr\/communique-de-presse\/58881\/royaume-uni-la-procedure-baillon-de-shell-contre-greenpeace-abandonnee-suite-a-un-accord\/\">Shell \u00e0 renoncer<\/a> \u00e0 sa proc\u00e9dure-baillon le 10 d\u00e9cembre 2024.<\/p>\n\n<p><em>\u201cEnergy Transfer n&rsquo;a pas fini d&rsquo;entendre parler de nous dans ce combat\u201d <\/em>a conclu Kristin Casper, conseill\u00e8re g\u00e9n\u00e9rale de Greenpeace International<em>. \u201cNotre proc\u00e8s anti-SLAPP est une premi\u00e8re \u00e9tape dans notre r\u00e9ponse aux attaques d&rsquo;Energy Transfer contre la libert\u00e9 d&rsquo;expression et les manifestations pacifiques. Nous verrons Energy Transfer au tribunal en juillet prochain aux Pays-Bas. Nous ne reculerons pas. Nous ne nous laisserons pas r\u00e9duire au silence\u201d<\/em>.<\/p>\n\n<p>En f\u00e9vrier 2024, Greenpeace International a d\u00e9pos\u00e9 un recours devant un tribunal n\u00e9erlandais contre l\u2019entreprise am\u00e9ricaine Energy Transfer. Il s\u2019agit du tout premier recours jamais d\u00e9pos\u00e9 sur la base de la directive europ\u00e9enne \u2018anti-SLAPP\u2019. [3] Par cette proc\u00e9dure l\u2019organisation entend obtenir r\u00e9paration pour l\u2019ensemble des dommages et int\u00e9r\u00eats qu\u2019elle a subis en lien avec les poursuites sans fondement lanc\u00e9es par Energy Transfer.&nbsp;<\/p>\n\n<ul class=\"wp-block-list\">\n<li>Des photos et des vid\u00e9os sont disponibles dans la <a href=\"https:\/\/media.greenpeace.org\/Detail\/27MZIFJVQFBE1?_gl=1*pon62q*_up*MQ..*_ga*MTQzNzc5NzQzOS4xNzQyNDI0MTcw*_ga_94MRTN8HG4*MTc0MjQyNDE3MC4xLjAuMTc0MjQyNDE3MC4wLjAuOTQxODc0MjU2\">Greenpeace media library<\/a>.<\/li>\n\n\n\n<li>Pour plus d&rsquo;informations sur cette affaire : lire <a href=\"https:\/\/www.greenpeace.org\/belgium\/fr\/communique-de-presse\/59418\/lavenir-de-greenpeace-aux-usa-se-joue-t-il-cette-semaine\/\">notre communiqu\u00e9 de presse<\/a><\/li>\n<\/ul>\n\n<p><strong>Notes :&nbsp;<\/strong><\/p>\n\n<p>[1] La premi\u00e8re action en justice d&rsquo;Energy Transfer a \u00e9t\u00e9 intent\u00e9e devant un tribunal f\u00e9d\u00e9ral en vertu de la loi RICO (Racketeer Influenced and Corrupt Organizations Act), une loi f\u00e9d\u00e9rale am\u00e9ricaine visant \u00e0 poursuivre les activit\u00e9s de la mafia. L&rsquo;affaire a \u00e9t\u00e9 rejet\u00e9e, le juge d\u00e9clarant que les preuves \u00e9taient \u00ab loin d&rsquo;\u00eatre suffisantes \u00bb. Le tribunal f\u00e9d\u00e9ral n&rsquo;ayant pas statu\u00e9 sur la loi de l&rsquo;\u00c9tat, Energy Transfer a ensuite rapidement d\u00e9pos\u00e9 une nouvelle plainte devant un tribunal de l&rsquo;\u00c9tat du Dakota du Nord, avec ces revendications et d&rsquo;autres revendications de la loi de l&rsquo;\u00c9tat.<\/p>\n\n<p>[2] <a href=\"https:\/\/www.the-case.eu\/latest\/number-of-slapps-in-europe-continues-to-rise\/\">Un rapport de la <em>Coalition Against SLAPPs in Europe<\/em> (CASE)<\/a> fait \u00e9tat de 1 049 poursuites-b\u00e2illons en Europe pour la p\u00e9riode 2010-2023, dont 166 ont \u00e9t\u00e9 engag\u00e9es en 2023.<\/p>\n\n<p>[3] <a href=\"https:\/\/www.greenpeace.org\/international\/press-release\/72706\/greenpeace-international-files-lawsuit-against-energy-transfer-in-first-use-of-eu-anti-slapp-directive\/\">Greenpeace International files lawsuit against Energy Transfer in first use of EU anti-SLAPP Directive<\/a><\/p>\n\n<p><strong>Contact<\/strong><\/p>\n\n<p>Service presse de Greenpeace Belgique : 0496 26 31 91 &#8211; <a href=\"mailto:bpress@greenpeace.org\">bpress@greenpeace.org<\/a><\/p>\n","protected":false},"excerpt":{"rendered":"<p>Un jury de 9 personnes vient de rendre son verdict dans le cadre du proc\u00e8s sans fondement intent\u00e9 par Energy Transfer\u2026<\/p>\n","protected":false},"author":97,"featured_media":59580,"comment_status":"closed","ping_status":"closed","sticky":false,"template":"","format":"standard","meta":{"ep_exclude_from_search":false,"p4_og_title":"Greenpeace condamn\u00e9es \u00e0 payer 660 millions de dollars dans le cadre de la proc\u00e9dure-b\u00e2illon intent\u00e9e par Energy Transfer","p4_og_description":"La libert\u00e9 d'expression et le droit de manifester en danger aux \u00c9tats-Unis.","p4_og_image":"","p4_og_image_id":"","p4_seo_canonical_url":"","p4_campaign_name":"","p4_local_project":"","p4_basket_name":"","p4_department":"","footnotes":""},"categories":[181],"tags":[86],"p4-page-type":[117],"class_list":["post-59582","post","type-post","status-publish","format-standard","has-post-thumbnail","hentry","category-energies-fossiles","tag-climat","p4-page-type-communique-de-presse"],"_links":{"self":[{"href":"https:\/\/www.greenpeace.org\/belgium\/fr\/wp-json\/wp\/v2\/posts\/59582","targetHints":{"allow":["GET"]}}],"collection":[{"href":"https:\/\/www.greenpeace.org\/belgium\/fr\/wp-json\/wp\/v2\/posts"}],"about":[{"href":"https:\/\/www.greenpeace.org\/belgium\/fr\/wp-json\/wp\/v2\/types\/post"}],"author":[{"embeddable":true,"href":"https:\/\/www.greenpeace.org\/belgium\/fr\/wp-json\/wp\/v2\/users\/97"}],"replies":[{"embeddable":true,"href":"https:\/\/www.greenpeace.org\/belgium\/fr\/wp-json\/wp\/v2\/comments?post=59582"}],"version-history":[{"count":4,"href":"https:\/\/www.greenpeace.org\/belgium\/fr\/wp-json\/wp\/v2\/posts\/59582\/revisions"}],"predecessor-version":[{"id":59591,"href":"https:\/\/www.greenpeace.org\/belgium\/fr\/wp-json\/wp\/v2\/posts\/59582\/revisions\/59591"}],"wp:featuredmedia":[{"embeddable":true,"href":"https:\/\/www.greenpeace.org\/belgium\/fr\/wp-json\/wp\/v2\/media\/59580"}],"wp:attachment":[{"href":"https:\/\/www.greenpeace.org\/belgium\/fr\/wp-json\/wp\/v2\/media?parent=59582"}],"wp:term":[{"taxonomy":"category","embeddable":true,"href":"https:\/\/www.greenpeace.org\/belgium\/fr\/wp-json\/wp\/v2\/categories?post=59582"},{"taxonomy":"post_tag","embeddable":true,"href":"https:\/\/www.greenpeace.org\/belgium\/fr\/wp-json\/wp\/v2\/tags?post=59582"},{"taxonomy":"p4-page-type","embeddable":true,"href":"https:\/\/www.greenpeace.org\/belgium\/fr\/wp-json\/wp\/v2\/p4-page-type?post=59582"}],"curies":[{"name":"wp","href":"https:\/\/api.w.org\/{rel}","templated":true}]}}