{"id":59820,"date":"2025-04-25T12:34:26","date_gmt":"2025-04-25T11:34:26","guid":{"rendered":"https:\/\/www.greenpeace.org\/belgium\/?p=59820"},"modified":"2025-04-25T12:36:50","modified_gmt":"2025-04-25T11:36:50","slug":"5-activistes-de-greenpeace-retenus-depuis-5-mois-en-coree-du-sud","status":"publish","type":"post","link":"https:\/\/www.greenpeace.org\/belgium\/fr\/communique-de-presse\/59820\/5-activistes-de-greenpeace-retenus-depuis-5-mois-en-coree-du-sud\/","title":{"rendered":"5 activistes de Greenpeace retenus depuis 5 mois en Cor\u00e9e du Sud"},"content":{"rendered":"\n<p><strong>Ce matin, des activistes de Greenpeace ont peint une fresque devant l&rsquo;ambassade de Cor\u00e9e du Sud \u00e0 Bruxelles afin d&rsquo;attirer l&rsquo;attention sur les cinq activistes retenus en Cor\u00e9e du Sud depuis la fin novembre 2024. Cette action vise \u00e0 appeler les autorit\u00e9s sud-cor\u00e9ennes \u00e0 lever imm\u00e9diatement l&rsquo;interdiction de sortie du territoire qui leur est impos\u00e9e et \u00e0 exprimer le soutien de la famille Greenpeace envers ses activistes.<\/strong><\/p>\n\n<p>Au cours de l&rsquo;action, un repr\u00e9sentant de Greenpeace a remis une lettre officielle \u00e0 l&rsquo;ambassadeur pour lui demander d&rsquo;intervenir et d\u2019autoriser les activistes \u00e0 quitter le pays. Les cinq personnes concern\u00e9es &#8211; quatre grimpeurs et la capitaine du Rainbow Warrior, navire de Greenpeace &#8211; sont poursuivies pour leur participation \u00e0 une manifestation pacifique contre la pollution plastique. La premi\u00e8re audience est pr\u00e9vue pour le 16 mai 2025.<\/p>\n\n<p class=\"has-text-align-center\"><\/p>\n\n<figure class=\"wp-block-image size-large\"><img loading=\"lazy\" decoding=\"async\" width=\"1024\" height=\"683\" src=\"https:\/\/www.greenpeace.org\/static\/planet4-belgium-stateless\/2025\/04\/95bf5aa5-cfc712ff-72c8-4707-a1b1-62d34190656d-5832-0000010de7f96dc0-1024x683.jpg\" alt=\"\" class=\"wp-image-59823\" srcset=\"https:\/\/www.greenpeace.org\/static\/planet4-belgium-stateless\/2025\/04\/95bf5aa5-cfc712ff-72c8-4707-a1b1-62d34190656d-5832-0000010de7f96dc0-1024x683.jpg 1024w, https:\/\/www.greenpeace.org\/static\/planet4-belgium-stateless\/2025\/04\/95bf5aa5-cfc712ff-72c8-4707-a1b1-62d34190656d-5832-0000010de7f96dc0-300x200.jpg 300w, https:\/\/www.greenpeace.org\/static\/planet4-belgium-stateless\/2025\/04\/95bf5aa5-cfc712ff-72c8-4707-a1b1-62d34190656d-5832-0000010de7f96dc0-768x512.jpg 768w, https:\/\/www.greenpeace.org\/static\/planet4-belgium-stateless\/2025\/04\/95bf5aa5-cfc712ff-72c8-4707-a1b1-62d34190656d-5832-0000010de7f96dc0-1536x1024.jpg 1536w, https:\/\/www.greenpeace.org\/static\/planet4-belgium-stateless\/2025\/04\/95bf5aa5-cfc712ff-72c8-4707-a1b1-62d34190656d-5832-0000010de7f96dc0-2048x1366.jpg 2048w, https:\/\/www.greenpeace.org\/static\/planet4-belgium-stateless\/2025\/04\/95bf5aa5-cfc712ff-72c8-4707-a1b1-62d34190656d-5832-0000010de7f96dc0-510x340.jpg 510w\" sizes=\"auto, (max-width: 1024px) 100vw, 1024px\" \/><\/figure>\n\n<p>\u201c<em>Je ne regrette pas d&rsquo;avoir men\u00e9 cette action, et je la referais sans h\u00e9siter pour obtenir un trait\u00e9 mondial ambitieux sur le plastique, mais apr\u00e8s avoir pass\u00e9 quatre mois ici, j&rsquo;aimerais rentrer chez moi<\/em>\u201d, a d\u00e9clar\u00e9 la capitaine n\u00e9erlandaise Hettie depuis la Cor\u00e9e du Sud.&nbsp;<\/p>\n\n<p><em>\u201cCes cinq militants de Greenpeace ont men\u00e9 une action non violente contre l&rsquo;industrie polluante du plastique sur le territoire d\u00e9mocratique de la R\u00e9publique de Cor\u00e9e\u201d, <\/em>a d\u00e9clar\u00e9 Nadia Cornejo, porte-parole de Greenpeace Belgique.<em> \u201cL\u2019acharnement juridique prolong\u00e9 contre ces activistes pacifiques porte atteinte au droit de protester de la soci\u00e9t\u00e9 civile que la Cor\u00e9e du Sud devrait garantir en tant qu&rsquo;\u00c9tat de droit d\u00e9mocratique. Nos activistes m\u00e9ritent de rentrer chez eux retrouver leurs familles et leurs amis.\u201d<\/em><\/p>\n\n<p><strong>Action pacifique pour un trait\u00e9 mondial ambitieux contre le plastique&nbsp;<\/strong><\/p>\n\n<p>Le 30 novembre 2024, quatre activistes du Royaume-Uni, de Ta\u00efwan, d&rsquo;Allemagne et du Mexique <a href=\"https:\/\/www.greenpeace.org\/international\/press-release\/71571\/greenpeace-challenges-petrochemical-tanker-as-busan-plastics-treaty-talks-enter-final-stage\/\">ont escalad\u00e9 le m\u00e2t avant d&rsquo;un p\u00e9trolier s\u2019appr\u00eatant \u00e0 charger des produits chimiques plastiques toxiques \u00e0 destination de la raffinerie de Daesan, en Cor\u00e9e du Sud<\/a>. L&rsquo;action s&rsquo;est d\u00e9roul\u00e9e pendant les n\u00e9gociations sur un trait\u00e9 mondial sur le plastique (INC-5) \u00e0 Busan.<\/p>\n\n<p>Bien que la manifestation ait \u00e9t\u00e9 totalement pacifique, les quatre activistes et le capitaine Hettie du Rainbow Warrior n&rsquo;ont pas \u00e9t\u00e9 autoris\u00e9s \u00e0 quitter le pays depuis lors, dans l&rsquo;attente de leur proc\u00e8s.&nbsp;<\/p>\n\n<p><\/p>\n","protected":false},"excerpt":{"rendered":"<p>Ce matin, des activistes de Greenpeace ont peint une fresque devant l&#8217;ambassade de Cor\u00e9e du Sud \u00e0 Bruxelles afin d&#8217;attirer l&#8217;attention sur les cinq activistes retenus en Cor\u00e9e du Sud&hellip;<\/p>\n","protected":false},"author":50,"featured_media":59823,"comment_status":"closed","ping_status":"closed","sticky":false,"template":"","format":"standard","meta":{"ep_exclude_from_search":false,"p4_og_title":"5 activistes de Greenpeace retenus depuis 5 mois en Cor\u00e9e du Sud","p4_og_description":"Ce matin, des activistes de Greenpeace ont peint une fresque devant l'ambassade de Cor\u00e9e du Sud \u00e0 Bruxelles afin d'attirer l'attention sur les cinq activistes retenus en Cor\u00e9e du Sud depuis la fin novembre 2024. ","p4_og_image":"https:\/\/www.greenpeace.org\/static\/planet4-belgium-stateless\/2025\/04\/95bf5aa5-cfc712ff-72c8-4707-a1b1-62d34190656d-5832-0000010de7f96dc0-scaled.jpg","p4_og_image_id":"59823","p4_seo_canonical_url":"","p4_campaign_name":"","p4_local_project":"","p4_basket_name":"","p4_department":"","footnotes":""},"categories":[152,150,151],"tags":[73],"p4-page-type":[117],"class_list":["post-59820","post","type-post","status-publish","format-standard","has-post-thumbnail","hentry","category-a-la-une","category-actualites","category-presse","tag-plastique","p4-page-type-communique-de-presse"],"_links":{"self":[{"href":"https:\/\/www.greenpeace.org\/belgium\/fr\/wp-json\/wp\/v2\/posts\/59820","targetHints":{"allow":["GET"]}}],"collection":[{"href":"https:\/\/www.greenpeace.org\/belgium\/fr\/wp-json\/wp\/v2\/posts"}],"about":[{"href":"https:\/\/www.greenpeace.org\/belgium\/fr\/wp-json\/wp\/v2\/types\/post"}],"author":[{"embeddable":true,"href":"https:\/\/www.greenpeace.org\/belgium\/fr\/wp-json\/wp\/v2\/users\/50"}],"replies":[{"embeddable":true,"href":"https:\/\/www.greenpeace.org\/belgium\/fr\/wp-json\/wp\/v2\/comments?post=59820"}],"version-history":[{"count":2,"href":"https:\/\/www.greenpeace.org\/belgium\/fr\/wp-json\/wp\/v2\/posts\/59820\/revisions"}],"predecessor-version":[{"id":59826,"href":"https:\/\/www.greenpeace.org\/belgium\/fr\/wp-json\/wp\/v2\/posts\/59820\/revisions\/59826"}],"wp:featuredmedia":[{"embeddable":true,"href":"https:\/\/www.greenpeace.org\/belgium\/fr\/wp-json\/wp\/v2\/media\/59823"}],"wp:attachment":[{"href":"https:\/\/www.greenpeace.org\/belgium\/fr\/wp-json\/wp\/v2\/media?parent=59820"}],"wp:term":[{"taxonomy":"category","embeddable":true,"href":"https:\/\/www.greenpeace.org\/belgium\/fr\/wp-json\/wp\/v2\/categories?post=59820"},{"taxonomy":"post_tag","embeddable":true,"href":"https:\/\/www.greenpeace.org\/belgium\/fr\/wp-json\/wp\/v2\/tags?post=59820"},{"taxonomy":"p4-page-type","embeddable":true,"href":"https:\/\/www.greenpeace.org\/belgium\/fr\/wp-json\/wp\/v2\/p4-page-type?post=59820"}],"curies":[{"name":"wp","href":"https:\/\/api.w.org\/{rel}","templated":true}]}}