{"id":5987,"date":"2019-07-08T11:40:17","date_gmt":"2019-07-08T09:40:17","guid":{"rendered":"https:\/\/www.greenpeace.org\/belgium\/?p=5987"},"modified":"2021-12-01T14:15:36","modified_gmt":"2021-12-01T13:15:36","slug":"drawthisinyourstyle-challenge-dessiner-pour-proteger-les-oceans","status":"publish","type":"post","link":"https:\/\/www.greenpeace.org\/belgium\/fr\/actualites-blog\/5987\/drawthisinyourstyle-challenge-dessiner-pour-proteger-les-oceans\/","title":{"rendered":"#drawthisinyourstyle challenge : dessiner pour prot\u00e9ger les oc\u00e9ans"},"content":{"rendered":"<p><strong>Lost City, dans les eaux abyssales de l\u2019Atlantique, est encore largement m\u00e9connu et pourtant, d\u00e9j\u00e0 menac\u00e9 par une industrie mini\u00e8re avide d\u2019y extraire de pr\u00e9cieux min\u00e9raux et m\u00e9taux. C\u2019est dans cette zone que se trouve actuellement <a href=\"https:\/\/www.greenpeace.org\/belgium\/fr\/blog\/5744\/lost-city-ou-les-profondeurs-meconnues-de-latlantique\/\">l\u2019un des bateaux de Greenpeace l\u2019Esperanza<\/a>. Vous vous demandez \u00e0 quoi ressemble cette r\u00e9gion perdue dans les profondeurs oc\u00e9aniques ? D\u00e9couvrez les dessins des illustrateurs. C\u2019est s\u00fbr, votre envie de prot\u00e9ger cette magnifique r\u00e9gion n\u2019en sera que plus forte ! <\/strong><!--more--><\/p>\n<p>N&rsquo;h\u00e9sitez pas \u00e0 cliquer sur les images pour les agrandir !<\/p>\n<h2>Alain Bardet<\/h2>\n<div id=\"attachment_5932\" style=\"width: 510px\" class=\"wp-caption aligncenter\"><img loading=\"lazy\" decoding=\"async\" aria-describedby=\"caption-attachment-5932\" class=\"wp-image-5932\" src=\"https:\/\/www.greenpeace.org\/static\/planet4-belgium-stateless\/2019\/07\/ae40772a-alain-bardet-greenpeace-1.jpg\" alt=\"\u00a9Alain Bardet (2019) Greenpeace 1\" width=\"500\" height=\"500\" srcset=\"https:\/\/www.greenpeace.org\/static\/planet4-belgium-stateless\/2019\/07\/ae40772a-alain-bardet-greenpeace-1.jpg 2949w, https:\/\/www.greenpeace.org\/static\/planet4-belgium-stateless\/2019\/07\/ae40772a-alain-bardet-greenpeace-1-150x150.jpg 150w, https:\/\/www.greenpeace.org\/static\/planet4-belgium-stateless\/2019\/07\/ae40772a-alain-bardet-greenpeace-1-300x300.jpg 300w, https:\/\/www.greenpeace.org\/static\/planet4-belgium-stateless\/2019\/07\/ae40772a-alain-bardet-greenpeace-1-768x768.jpg 768w, https:\/\/www.greenpeace.org\/static\/planet4-belgium-stateless\/2019\/07\/ae40772a-alain-bardet-greenpeace-1-1024x1024.jpg 1024w, https:\/\/www.greenpeace.org\/static\/planet4-belgium-stateless\/2019\/07\/ae40772a-alain-bardet-greenpeace-1-1366x1366.jpg 1366w, https:\/\/www.greenpeace.org\/static\/planet4-belgium-stateless\/2019\/07\/ae40772a-alain-bardet-greenpeace-1-340x340.jpg 340w\" sizes=\"auto, (max-width: 500px) 100vw, 500px\" \/><p id=\"caption-attachment-5932\" class=\"wp-caption-text\">\u00a9Alain Bardet (2019) Greenpeace 1<\/p><\/div>\n<div id=\"attachment_5934\" style=\"width: 510px\" class=\"wp-caption aligncenter\"><img loading=\"lazy\" decoding=\"async\" aria-describedby=\"caption-attachment-5934\" class=\"wp-image-5934\" src=\"https:\/\/www.greenpeace.org\/static\/planet4-belgium-stateless\/2019\/07\/3a394e57-alain-bardet-greenpeace-2.jpg\" alt=\"\u00a9Alain Bardet (2019) Greenpeace 2\" width=\"500\" height=\"500\" srcset=\"https:\/\/www.greenpeace.org\/static\/planet4-belgium-stateless\/2019\/07\/3a394e57-alain-bardet-greenpeace-2.jpg 2949w, https:\/\/www.greenpeace.org\/static\/planet4-belgium-stateless\/2019\/07\/3a394e57-alain-bardet-greenpeace-2-150x150.jpg 150w, https:\/\/www.greenpeace.org\/static\/planet4-belgium-stateless\/2019\/07\/3a394e57-alain-bardet-greenpeace-2-300x300.jpg 300w, https:\/\/www.greenpeace.org\/static\/planet4-belgium-stateless\/2019\/07\/3a394e57-alain-bardet-greenpeace-2-768x768.jpg 768w, https:\/\/www.greenpeace.org\/static\/planet4-belgium-stateless\/2019\/07\/3a394e57-alain-bardet-greenpeace-2-1024x1024.jpg 1024w, https:\/\/www.greenpeace.org\/static\/planet4-belgium-stateless\/2019\/07\/3a394e57-alain-bardet-greenpeace-2-1366x1366.jpg 1366w, https:\/\/www.greenpeace.org\/static\/planet4-belgium-stateless\/2019\/07\/3a394e57-alain-bardet-greenpeace-2-340x340.jpg 340w\" sizes=\"auto, (max-width: 500px) 100vw, 500px\" \/><p id=\"caption-attachment-5934\" class=\"wp-caption-text\">\u00a9Alain Bardet (2019) Greenpeace 2<\/p><\/div>\n<p style=\"text-align: center;\">En savoir plus sur <a href=\"http:\/\/www.alainbardet3000.com\">Alain Bardet<\/a><\/p>\n<h2>Claude Pelet<\/h2>\n<div id=\"attachment_5866\" style=\"width: 510px\" class=\"wp-caption aligncenter\"><img loading=\"lazy\" decoding=\"async\" aria-describedby=\"caption-attachment-5866\" class=\"wp-image-5866\" src=\"https:\/\/www.greenpeace.org\/static\/planet4-belgium-stateless\/2019\/07\/\u00a9Claude-Pelet-2019.png\" alt=\"\u00a9Claude Pelet (2019)\" width=\"500\" height=\"500\" \/><p id=\"caption-attachment-5866\" class=\"wp-caption-text\">\u00a9Claude Pelet (2019)<\/p><\/div>\n<p style=\"text-align: center;\">En d\u00e9couvrir plus sur <a href=\"https:\/\/www.facebook.com\/Claudepeletkathum\/?ref=bookmarks\">Claude Pelet<\/a><\/p>\n<h2>Gael De Meyere<\/h2>\n<div id=\"attachment_5831\" style=\"width: 510px\" class=\"wp-caption aligncenter\"><img loading=\"lazy\" decoding=\"async\" aria-describedby=\"caption-attachment-5831\" class=\"wp-image-5831\" src=\"https:\/\/www.greenpeace.org\/static\/planet4-belgium-stateless\/2019\/07\/a2308a0b-\u00a9gael-de-meyere-2019.jpg\" alt=\"\u00a9gael-de-meyere-2019\" width=\"500\" height=\"661\" srcset=\"https:\/\/www.greenpeace.org\/static\/planet4-belgium-stateless\/2019\/07\/a2308a0b-\u00a9gael-de-meyere-2019.jpg 1635w, https:\/\/www.greenpeace.org\/static\/planet4-belgium-stateless\/2019\/07\/a2308a0b-\u00a9gael-de-meyere-2019-227x300.jpg 227w, https:\/\/www.greenpeace.org\/static\/planet4-belgium-stateless\/2019\/07\/a2308a0b-\u00a9gael-de-meyere-2019-768x1015.jpg 768w, https:\/\/www.greenpeace.org\/static\/planet4-belgium-stateless\/2019\/07\/a2308a0b-\u00a9gael-de-meyere-2019-775x1024.jpg 775w, https:\/\/www.greenpeace.org\/static\/planet4-belgium-stateless\/2019\/07\/a2308a0b-\u00a9gael-de-meyere-2019-1034x1366.jpg 1034w, https:\/\/www.greenpeace.org\/static\/planet4-belgium-stateless\/2019\/07\/a2308a0b-\u00a9gael-de-meyere-2019-257x340.jpg 257w\" sizes=\"auto, (max-width: 500px) 100vw, 500px\" \/><p id=\"caption-attachment-5831\" class=\"wp-caption-text\">\u00a9Gael De Meyere (2019)<\/p><\/div>\n<p style=\"text-align: center;\">En d\u00e9couvrir plus sur <a href=\"http:\/\/gaeldemeyere.com\">Gael De Meyere<\/a><\/p>\n<h2><span data-sheets-value=\"{&quot;1&quot;:2,&quot;2&quot;:&quot;Guillaume Bianco&quot;}\" data-sheets-userformat=\"{&quot;2&quot;:513,&quot;3&quot;:{&quot;1&quot;:0},&quot;12&quot;:0}\">Guillaume Bianco<\/span><\/h2>\n<div id=\"attachment_5788\" style=\"width: 510px\" class=\"wp-caption aligncenter\"><img loading=\"lazy\" decoding=\"async\" aria-describedby=\"caption-attachment-5788\" class=\"wp-image-5788\" src=\"https:\/\/www.greenpeace.org\/static\/planet4-belgium-stateless\/2019\/07\/98f291da-\u00a9guillaume-bianco-2019.jpg\" alt=\"\u00a9guillaume-bianco-2019\" width=\"500\" height=\"500\" srcset=\"https:\/\/www.greenpeace.org\/static\/planet4-belgium-stateless\/2019\/07\/98f291da-\u00a9guillaume-bianco-2019.jpg 2100w, https:\/\/www.greenpeace.org\/static\/planet4-belgium-stateless\/2019\/07\/98f291da-\u00a9guillaume-bianco-2019-150x150.jpg 150w, https:\/\/www.greenpeace.org\/static\/planet4-belgium-stateless\/2019\/07\/98f291da-\u00a9guillaume-bianco-2019-300x300.jpg 300w, https:\/\/www.greenpeace.org\/static\/planet4-belgium-stateless\/2019\/07\/98f291da-\u00a9guillaume-bianco-2019-768x768.jpg 768w, https:\/\/www.greenpeace.org\/static\/planet4-belgium-stateless\/2019\/07\/98f291da-\u00a9guillaume-bianco-2019-1024x1024.jpg 1024w, https:\/\/www.greenpeace.org\/static\/planet4-belgium-stateless\/2019\/07\/98f291da-\u00a9guillaume-bianco-2019-1366x1366.jpg 1366w, https:\/\/www.greenpeace.org\/static\/planet4-belgium-stateless\/2019\/07\/98f291da-\u00a9guillaume-bianco-2019-340x340.jpg 340w\" sizes=\"auto, (max-width: 500px) 100vw, 500px\" \/><p id=\"caption-attachment-5788\" class=\"wp-caption-text\">\u00a9Guillaume BIANCO (2019)<\/p><\/div>\n<p style=\"text-align: center;\">En d\u00e9couvrir plus sur <a href=\"https:\/\/guillaumebianco.blogspot.com\/?fbclid=IwAR3G6feRb_FGGMSDvvs7mpciIFifpMwolTeelOzdURaUzVNSdo5mmwquUSA\">Guillaume Bianco<\/a><\/p>\n<h2><span data-sheets-value=\"{&quot;1&quot;:2,&quot;2&quot;:&quot;Hubert Reeves \/ Casanave&quot;}\" data-sheets-userformat=\"{&quot;2&quot;:513,&quot;3&quot;:{&quot;1&quot;:0},&quot;12&quot;:0}\">Hubert Reeves \/ Casanave<\/span><\/h2>\n<div id=\"attachment_5843\" style=\"width: 510px\" class=\"wp-caption aligncenter\"><img loading=\"lazy\" decoding=\"async\" aria-describedby=\"caption-attachment-5843\" class=\"wp-image-5843\" src=\"https:\/\/www.greenpeace.org\/static\/planet4-belgium-stateless\/2019\/07\/546ed453-\u00a9casanave-_-reeves-_-vandermeulen-2019-image-issue-de-hubert-reeves-nous-explique-les-oc\u00e9ans-\u00e0-para\u00eetre-aux-\u00c9ditions-du-lombard-le-11-octobre-201.png\" alt=\"\u00a9casanave\/reeves\/vandermeulen-2019-image-issue-de-hubert-reeves-nous-explique-les-oc\u00e9ans-\u00e0-para\u00eetre-aux-\u00c9ditions-du-lombard-le-11-octobre-2019\" width=\"500\" height=\"500\" srcset=\"https:\/\/www.greenpeace.org\/static\/planet4-belgium-stateless\/2019\/07\/546ed453-\u00a9casanave-_-reeves-_-vandermeulen-2019-image-issue-de-hubert-reeves-nous-explique-les-oc\u00e9ans-\u00e0-para\u00eetre-aux-\u00c9ditions-du-lombard-le-11-octobre-201.png 2563w, https:\/\/www.greenpeace.org\/static\/planet4-belgium-stateless\/2019\/07\/546ed453-\u00a9casanave-_-reeves-_-vandermeulen-2019-image-issue-de-hubert-reeves-nous-explique-les-oc\u00e9ans-\u00e0-para\u00eetre-aux-\u00c9ditions-du-lombard-le-11-octobre-201-150x150.png 150w, https:\/\/www.greenpeace.org\/static\/planet4-belgium-stateless\/2019\/07\/546ed453-\u00a9casanave-_-reeves-_-vandermeulen-2019-image-issue-de-hubert-reeves-nous-explique-les-oc\u00e9ans-\u00e0-para\u00eetre-aux-\u00c9ditions-du-lombard-le-11-octobre-201-300x300.png 300w, https:\/\/www.greenpeace.org\/static\/planet4-belgium-stateless\/2019\/07\/546ed453-\u00a9casanave-_-reeves-_-vandermeulen-2019-image-issue-de-hubert-reeves-nous-explique-les-oc\u00e9ans-\u00e0-para\u00eetre-aux-\u00c9ditions-du-lombard-le-11-octobre-201-768x768.png 768w, https:\/\/www.greenpeace.org\/static\/planet4-belgium-stateless\/2019\/07\/546ed453-\u00a9casanave-_-reeves-_-vandermeulen-2019-image-issue-de-hubert-reeves-nous-explique-les-oc\u00e9ans-\u00e0-para\u00eetre-aux-\u00c9ditions-du-lombard-le-11-octobre-201-1024x1024.png 1024w, https:\/\/www.greenpeace.org\/static\/planet4-belgium-stateless\/2019\/07\/546ed453-\u00a9casanave-_-reeves-_-vandermeulen-2019-image-issue-de-hubert-reeves-nous-explique-les-oc\u00e9ans-\u00e0-para\u00eetre-aux-\u00c9ditions-du-lombard-le-11-octobre-201-1367x1366.png 1367w, https:\/\/www.greenpeace.org\/static\/planet4-belgium-stateless\/2019\/07\/546ed453-\u00a9casanave-_-reeves-_-vandermeulen-2019-image-issue-de-hubert-reeves-nous-explique-les-oc\u00e9ans-\u00e0-para\u00eetre-aux-\u00c9ditions-du-lombard-le-11-octobre-201-340x340.png 340w\" sizes=\"auto, (max-width: 500px) 100vw, 500px\" \/><p id=\"caption-attachment-5843\" class=\"wp-caption-text\">\u00a9casanave\/reeves\/vandermeulen-2019-image-issue-de-hubert-reeves-nous-explique-les-oc\u00e9ans-\u00e0-para\u00eetre-aux-\u00c9ditions-du-lombard-le-11-octobre-2019<\/p><\/div>\n<p style=\"text-align: center;\">En d\u00e9couvrir plus sur <a href=\"https:\/\/www.lelombard.com\/bd\/hubert-reeves-nous-explique\">Hubert Reeves et Daniel Casanave<\/a><\/p>\n<p style=\"text-align: center;\">Le 3eme Tome de \u00ab\u00a0Hubert Reeves nous explique\u00a0\u00bb fera la part belle aux oc\u00e9ans et sortira le 11 octobre 2019<\/p>\n<h2><span data-sheets-value=\"{&quot;1&quot;:2,&quot;2&quot;:&quot;IMPS \/ Schtroumpfs&quot;}\" data-sheets-userformat=\"{&quot;2&quot;:513,&quot;3&quot;:{&quot;1&quot;:0},&quot;12&quot;:0}\">Peyo \/ Schtroumpfs<\/span><\/h2>\n<p><img loading=\"lazy\" decoding=\"async\" class=\"wp-image-5849 aligncenter\" src=\"https:\/\/www.greenpeace.org\/static\/planet4-belgium-stateless\/2019\/07\/61c5dfa5-peyo-3-e1562338015294.png\" alt=\"\u00a9Peyo\" width=\"500\" height=\"371\" srcset=\"https:\/\/www.greenpeace.org\/static\/planet4-belgium-stateless\/2019\/07\/61c5dfa5-peyo-3-e1562338015294.png 996w, https:\/\/www.greenpeace.org\/static\/planet4-belgium-stateless\/2019\/07\/61c5dfa5-peyo-3-e1562338015294-300x223.png 300w, https:\/\/www.greenpeace.org\/static\/planet4-belgium-stateless\/2019\/07\/61c5dfa5-peyo-3-e1562338015294-768x571.png 768w, https:\/\/www.greenpeace.org\/static\/planet4-belgium-stateless\/2019\/07\/61c5dfa5-peyo-3-e1562338015294-458x340.png 458w\" sizes=\"auto, (max-width: 500px) 100vw, 500px\" \/><\/p>\n<p><img loading=\"lazy\" decoding=\"async\" class=\"wp-image-5847 aligncenter\" src=\"https:\/\/www.greenpeace.org\/static\/planet4-belgium-stateless\/2019\/07\/ef1d68ec-peyo-2.jpg\" alt=\"\u00a9Peyo\" width=\"500\" height=\"471\" srcset=\"https:\/\/www.greenpeace.org\/static\/planet4-belgium-stateless\/2019\/07\/ef1d68ec-peyo-2.jpg 1734w, https:\/\/www.greenpeace.org\/static\/planet4-belgium-stateless\/2019\/07\/ef1d68ec-peyo-2-300x282.jpg 300w, https:\/\/www.greenpeace.org\/static\/planet4-belgium-stateless\/2019\/07\/ef1d68ec-peyo-2-768x723.jpg 768w, https:\/\/www.greenpeace.org\/static\/planet4-belgium-stateless\/2019\/07\/ef1d68ec-peyo-2-1024x964.jpg 1024w, https:\/\/www.greenpeace.org\/static\/planet4-belgium-stateless\/2019\/07\/ef1d68ec-peyo-2-1451x1366.jpg 1451w, https:\/\/www.greenpeace.org\/static\/planet4-belgium-stateless\/2019\/07\/ef1d68ec-peyo-2-361x340.jpg 361w\" sizes=\"auto, (max-width: 500px) 100vw, 500px\" \/><\/p>\n<p><img loading=\"lazy\" decoding=\"async\" class=\"wp-image-5845 aligncenter\" src=\"https:\/\/www.greenpeace.org\/static\/planet4-belgium-stateless\/2019\/07\/8507f1c8-peyo-1.jpg\" alt=\"\u00a9Peyo\" width=\"500\" height=\"490\" srcset=\"https:\/\/www.greenpeace.org\/static\/planet4-belgium-stateless\/2019\/07\/8507f1c8-peyo-1.jpg 1875w, https:\/\/www.greenpeace.org\/static\/planet4-belgium-stateless\/2019\/07\/8507f1c8-peyo-1-300x294.jpg 300w, https:\/\/www.greenpeace.org\/static\/planet4-belgium-stateless\/2019\/07\/8507f1c8-peyo-1-768x753.jpg 768w, https:\/\/www.greenpeace.org\/static\/planet4-belgium-stateless\/2019\/07\/8507f1c8-peyo-1-1024x1004.jpg 1024w, https:\/\/www.greenpeace.org\/static\/planet4-belgium-stateless\/2019\/07\/8507f1c8-peyo-1-1393x1366.jpg 1393w, https:\/\/www.greenpeace.org\/static\/planet4-belgium-stateless\/2019\/07\/8507f1c8-peyo-1-347x340.jpg 347w\" sizes=\"auto, (max-width: 500px) 100vw, 500px\" \/><\/p>\n<p style=\"text-align: center;\">En d\u00e9couvrir plus sur <a href=\"https:\/\/www.facebook.com\/LesSchtroumpfs\/?brand_redir=125628237476762\">Les Schtroumpfs<\/a><\/p>\n<p style=\"text-align: center;\">Les Schtroumpfs sont les ambassadeurs des 17 objectifs de d\u00e9veloppement durable des Nations unies.<\/p>\n<p style=\"text-align: center;\">Leur objectif premier est le #14 la protection des oc\u00e9ans.<\/p>\n<h2><span data-sheets-value=\"{&quot;1&quot;:2,&quot;2&quot;:&quot;Jan Bosschaert&quot;}\" data-sheets-userformat=\"{&quot;2&quot;:513,&quot;3&quot;:{&quot;1&quot;:0},&quot;12&quot;:0}\">Jan Bosschaert<\/span><\/h2>\n<div id=\"attachment_5790\" style=\"width: 510px\" class=\"wp-caption aligncenter\"><img loading=\"lazy\" decoding=\"async\" aria-describedby=\"caption-attachment-5790\" class=\"wp-image-5790\" src=\"https:\/\/www.greenpeace.org\/static\/planet4-belgium-stateless\/2019\/07\/d7b8d67d-\u00a9jan-bosschaert-2019-e1562334636501.png\" alt=\"\u00a9Jan Bosschaert (2019)\" width=\"500\" height=\"335\" srcset=\"https:\/\/www.greenpeace.org\/static\/planet4-belgium-stateless\/2019\/07\/d7b8d67d-\u00a9jan-bosschaert-2019-e1562334636501.png 1012w, https:\/\/www.greenpeace.org\/static\/planet4-belgium-stateless\/2019\/07\/d7b8d67d-\u00a9jan-bosschaert-2019-e1562334636501-300x201.png 300w, https:\/\/www.greenpeace.org\/static\/planet4-belgium-stateless\/2019\/07\/d7b8d67d-\u00a9jan-bosschaert-2019-e1562334636501-768x515.png 768w, https:\/\/www.greenpeace.org\/static\/planet4-belgium-stateless\/2019\/07\/d7b8d67d-\u00a9jan-bosschaert-2019-e1562334636501-507x340.png 507w\" sizes=\"auto, (max-width: 500px) 100vw, 500px\" \/><p id=\"caption-attachment-5790\" class=\"wp-caption-text\">\u00a9Jan Bosschaert (2019)<\/p><\/div>\n<p style=\"text-align: center;\">En d\u00e9couvrir plus sur <a href=\"http:\/\/www.janbosschaert.be\/en-welkom.html\">Jan Bosschaert<\/a><\/p>\n<h2><span data-sheets-value=\"{&quot;1&quot;:2,&quot;2&quot;:&quot;Johan De Moor&quot;}\" data-sheets-userformat=\"{&quot;2&quot;:513,&quot;3&quot;:{&quot;1&quot;:0},&quot;12&quot;:0}\">Johan De Moor<\/span><\/h2>\n<div id=\"attachment_5871\" style=\"width: 4622px\" class=\"wp-caption alignnone\"><img loading=\"lazy\" decoding=\"async\" aria-describedby=\"caption-attachment-5871\" class=\"size-full wp-image-5871\" src=\"https:\/\/www.greenpeace.org\/static\/planet4-belgium-stateless\/2019\/07\/c62ce437-plastik-calamar.jpeg\" alt=\"\u00a9Yohan De Moor (2019)\" width=\"4612\" height=\"2204\" srcset=\"https:\/\/www.greenpeace.org\/static\/planet4-belgium-stateless\/2019\/07\/c62ce437-plastik-calamar.jpeg 4612w, https:\/\/www.greenpeace.org\/static\/planet4-belgium-stateless\/2019\/07\/c62ce437-plastik-calamar-300x143.jpeg 300w, https:\/\/www.greenpeace.org\/static\/planet4-belgium-stateless\/2019\/07\/c62ce437-plastik-calamar-768x367.jpeg 768w, https:\/\/www.greenpeace.org\/static\/planet4-belgium-stateless\/2019\/07\/c62ce437-plastik-calamar-1024x489.jpeg 1024w, https:\/\/www.greenpeace.org\/static\/planet4-belgium-stateless\/2019\/07\/c62ce437-plastik-calamar-2048x979.jpeg 2048w, https:\/\/www.greenpeace.org\/static\/planet4-belgium-stateless\/2019\/07\/c62ce437-plastik-calamar-510x244.jpeg 510w\" sizes=\"auto, (max-width: 4612px) 100vw, 4612px\" \/><p id=\"caption-attachment-5871\" class=\"wp-caption-text\">\u00a9Yohan De Moor (2019)<\/p><\/div>\n<div id=\"attachment_5945\" style=\"width: 1088px\" class=\"wp-caption aligncenter\"><img loading=\"lazy\" decoding=\"async\" aria-describedby=\"caption-attachment-5945\" class=\"size-full wp-image-5945\" src=\"https:\/\/www.greenpeace.org\/static\/planet4-belgium-stateless\/2019\/07\/2b2841bd-yohan-de-moor-poisson-vis.jpg\" alt=\"\u00a9 Yohan De Moor - Poisson Vis\" width=\"1078\" height=\"584\" srcset=\"https:\/\/www.greenpeace.org\/static\/planet4-belgium-stateless\/2019\/07\/2b2841bd-yohan-de-moor-poisson-vis.jpg 1078w, https:\/\/www.greenpeace.org\/static\/planet4-belgium-stateless\/2019\/07\/2b2841bd-yohan-de-moor-poisson-vis-300x163.jpg 300w, https:\/\/www.greenpeace.org\/static\/planet4-belgium-stateless\/2019\/07\/2b2841bd-yohan-de-moor-poisson-vis-768x416.jpg 768w, https:\/\/www.greenpeace.org\/static\/planet4-belgium-stateless\/2019\/07\/2b2841bd-yohan-de-moor-poisson-vis-1024x555.jpg 1024w, https:\/\/www.greenpeace.org\/static\/planet4-belgium-stateless\/2019\/07\/2b2841bd-yohan-de-moor-poisson-vis-510x276.jpg 510w\" sizes=\"auto, (max-width: 1078px) 100vw, 1078px\" \/><p id=\"caption-attachment-5945\" class=\"wp-caption-text\">\u00a9 Yohan De Moor &#8211; Poisson Vis<\/p><\/div>\n<p style=\"text-align: center;\">En d\u00e9couvrir plus sur <a href=\"https:\/\/www.lelombard.com\/auteur-bd\/de-moor-johan\">Yohan De Moor<\/a><\/p>\n<h2>Kim<\/h2>\n<div id=\"attachment_6044\" style=\"width: 510px\" class=\"wp-caption aligncenter\"><img loading=\"lazy\" decoding=\"async\" aria-describedby=\"caption-attachment-6044\" class=\"wp-image-6044\" src=\"https:\/\/www.greenpeace.org\/static\/planet4-belgium-stateless\/2019\/07\/325faea4-kim-plastic-zakje-2019.jpg\" alt=\"\u00a9KIM - Plastic zakje (2019)\" width=\"500\" height=\"388\" srcset=\"https:\/\/www.greenpeace.org\/static\/planet4-belgium-stateless\/2019\/07\/325faea4-kim-plastic-zakje-2019.jpg 2132w, https:\/\/www.greenpeace.org\/static\/planet4-belgium-stateless\/2019\/07\/325faea4-kim-plastic-zakje-2019-300x233.jpg 300w, https:\/\/www.greenpeace.org\/static\/planet4-belgium-stateless\/2019\/07\/325faea4-kim-plastic-zakje-2019-768x596.jpg 768w, https:\/\/www.greenpeace.org\/static\/planet4-belgium-stateless\/2019\/07\/325faea4-kim-plastic-zakje-2019-1024x794.jpg 1024w, https:\/\/www.greenpeace.org\/static\/planet4-belgium-stateless\/2019\/07\/325faea4-kim-plastic-zakje-2019-1761x1366.jpg 1761w, https:\/\/www.greenpeace.org\/static\/planet4-belgium-stateless\/2019\/07\/325faea4-kim-plastic-zakje-2019-438x340.jpg 438w\" sizes=\"auto, (max-width: 500px) 100vw, 500px\" \/><p id=\"caption-attachment-6044\" class=\"wp-caption-text\">\u00a9KIM &#8211; Plastic zakje (2019)<\/p><\/div>\n<p style=\"text-align: center;\">En d\u00e9couvrir plus sur <a href=\"http:\/\/marsam.graphics\/author\/kim\/\">KIM<\/a><\/p>\n<h2><span data-sheets-value=\"{&quot;1&quot;:2,&quot;2&quot;:&quot;Max Lewko&quot;}\" data-sheets-userformat=\"{&quot;2&quot;:513,&quot;3&quot;:{&quot;1&quot;:0},&quot;12&quot;:0}\">Max Lewko<\/span><\/h2>\n<div id=\"attachment_5860\" style=\"width: 500px\" class=\"wp-caption aligncenter\"><img loading=\"lazy\" decoding=\"async\" aria-describedby=\"caption-attachment-5860\" class=\"wp-image-5860\" src=\"https:\/\/www.greenpeace.org\/static\/planet4-belgium-stateless\/2019\/07\/1bbc7f2c-\u00a9max-lewko-the-lost-city-before.jpg\" alt=\"\u00a9Max Lewko - The Lost City Before\" width=\"490\" height=\"490\" srcset=\"https:\/\/www.greenpeace.org\/static\/planet4-belgium-stateless\/2019\/07\/1bbc7f2c-\u00a9max-lewko-the-lost-city-before.jpg 1702w, https:\/\/www.greenpeace.org\/static\/planet4-belgium-stateless\/2019\/07\/1bbc7f2c-\u00a9max-lewko-the-lost-city-before-150x150.jpg 150w, https:\/\/www.greenpeace.org\/static\/planet4-belgium-stateless\/2019\/07\/1bbc7f2c-\u00a9max-lewko-the-lost-city-before-300x300.jpg 300w, https:\/\/www.greenpeace.org\/static\/planet4-belgium-stateless\/2019\/07\/1bbc7f2c-\u00a9max-lewko-the-lost-city-before-768x768.jpg 768w, https:\/\/www.greenpeace.org\/static\/planet4-belgium-stateless\/2019\/07\/1bbc7f2c-\u00a9max-lewko-the-lost-city-before-1024x1024.jpg 1024w, https:\/\/www.greenpeace.org\/static\/planet4-belgium-stateless\/2019\/07\/1bbc7f2c-\u00a9max-lewko-the-lost-city-before-1366x1366.jpg 1366w, https:\/\/www.greenpeace.org\/static\/planet4-belgium-stateless\/2019\/07\/1bbc7f2c-\u00a9max-lewko-the-lost-city-before-340x340.jpg 340w\" sizes=\"auto, (max-width: 490px) 100vw, 490px\" \/><p id=\"caption-attachment-5860\" class=\"wp-caption-text\">\u00a9Max Lewko &#8211; The Lost City Before<\/p><\/div>\n<div id=\"attachment_5858\" style=\"width: 500px\" class=\"wp-caption aligncenter\"><img loading=\"lazy\" decoding=\"async\" aria-describedby=\"caption-attachment-5858\" class=\"wp-image-5858\" src=\"https:\/\/www.greenpeace.org\/static\/planet4-belgium-stateless\/2019\/07\/3b232c29-\u00a9max-lewko-the-lost-city-after.jpg\" alt=\"\u00a9Max Lewko - The Lost City After\" width=\"490\" height=\"490\" srcset=\"https:\/\/www.greenpeace.org\/static\/planet4-belgium-stateless\/2019\/07\/3b232c29-\u00a9max-lewko-the-lost-city-after.jpg 1677w, https:\/\/www.greenpeace.org\/static\/planet4-belgium-stateless\/2019\/07\/3b232c29-\u00a9max-lewko-the-lost-city-after-150x150.jpg 150w, https:\/\/www.greenpeace.org\/static\/planet4-belgium-stateless\/2019\/07\/3b232c29-\u00a9max-lewko-the-lost-city-after-300x300.jpg 300w, https:\/\/www.greenpeace.org\/static\/planet4-belgium-stateless\/2019\/07\/3b232c29-\u00a9max-lewko-the-lost-city-after-768x768.jpg 768w, https:\/\/www.greenpeace.org\/static\/planet4-belgium-stateless\/2019\/07\/3b232c29-\u00a9max-lewko-the-lost-city-after-1024x1024.jpg 1024w, https:\/\/www.greenpeace.org\/static\/planet4-belgium-stateless\/2019\/07\/3b232c29-\u00a9max-lewko-the-lost-city-after-1366x1366.jpg 1366w, https:\/\/www.greenpeace.org\/static\/planet4-belgium-stateless\/2019\/07\/3b232c29-\u00a9max-lewko-the-lost-city-after-340x340.jpg 340w\" sizes=\"auto, (max-width: 490px) 100vw, 490px\" \/><p id=\"caption-attachment-5858\" class=\"wp-caption-text\">\u00a9Max Lewko &#8211; The Lost City After<\/p><\/div>\n<p style=\"text-align: center;\">En d\u00e9couvrir plus sur <a href=\"http:\/\/www.maxlewko.com\/\">Max Lewko<\/a><\/p>\n<h2><span data-sheets-value=\"{&quot;1&quot;:2,&quot;2&quot;:&quot;O.G. Boiscommun&quot;}\" data-sheets-userformat=\"{&quot;2&quot;:513,&quot;3&quot;:{&quot;1&quot;:0},&quot;12&quot;:0}\">O.G. Boiscommun<\/span><\/h2>\n<div id=\"attachment_5792\" style=\"width: 510px\" class=\"wp-caption aligncenter\"><img loading=\"lazy\" decoding=\"async\" aria-describedby=\"caption-attachment-5792\" class=\"wp-image-5792\" src=\"https:\/\/www.greenpeace.org\/static\/planet4-belgium-stateless\/2019\/07\/a9c847d7-o.g.boiscommun-2019.jpg\" alt=\"\u00a9O.G.Boiscommun (2019)\" width=\"500\" height=\"500\" srcset=\"https:\/\/www.greenpeace.org\/static\/planet4-belgium-stateless\/2019\/07\/a9c847d7-o.g.boiscommun-2019.jpg 3024w, https:\/\/www.greenpeace.org\/static\/planet4-belgium-stateless\/2019\/07\/a9c847d7-o.g.boiscommun-2019-150x150.jpg 150w, https:\/\/www.greenpeace.org\/static\/planet4-belgium-stateless\/2019\/07\/a9c847d7-o.g.boiscommun-2019-300x300.jpg 300w, https:\/\/www.greenpeace.org\/static\/planet4-belgium-stateless\/2019\/07\/a9c847d7-o.g.boiscommun-2019-768x768.jpg 768w, https:\/\/www.greenpeace.org\/static\/planet4-belgium-stateless\/2019\/07\/a9c847d7-o.g.boiscommun-2019-1024x1024.jpg 1024w, https:\/\/www.greenpeace.org\/static\/planet4-belgium-stateless\/2019\/07\/a9c847d7-o.g.boiscommun-2019-1366x1366.jpg 1366w, https:\/\/www.greenpeace.org\/static\/planet4-belgium-stateless\/2019\/07\/a9c847d7-o.g.boiscommun-2019-340x340.jpg 340w\" sizes=\"auto, (max-width: 500px) 100vw, 500px\" \/><p id=\"caption-attachment-5792\" class=\"wp-caption-text\">\u00a9O.G.Boiscommun (2019)<\/p><\/div>\n<p style=\"text-align: center;\">En d\u00e9couvrir plus sur <a href=\"https:\/\/www.facebook.com\/olivier.gboiscommun\">O.G. Boiscommun<\/a><\/p>\n<h2>Pascale Hecquet<\/h2>\n<div id=\"attachment_5936\" style=\"width: 510px\" class=\"wp-caption aligncenter\"><img loading=\"lazy\" decoding=\"async\" aria-describedby=\"caption-attachment-5936\" class=\"wp-image-5936\" src=\"https:\/\/www.greenpeace.org\/static\/planet4-belgium-stateless\/2019\/07\/3145e295-lost_city_pascale_hecquet.jpg\" alt=\"\u00a9Pascale Hecquet - Lost City\" width=\"500\" height=\"500\" srcset=\"https:\/\/www.greenpeace.org\/static\/planet4-belgium-stateless\/2019\/07\/3145e295-lost_city_pascale_hecquet.jpg 1080w, https:\/\/www.greenpeace.org\/static\/planet4-belgium-stateless\/2019\/07\/3145e295-lost_city_pascale_hecquet-150x150.jpg 150w, https:\/\/www.greenpeace.org\/static\/planet4-belgium-stateless\/2019\/07\/3145e295-lost_city_pascale_hecquet-300x300.jpg 300w, https:\/\/www.greenpeace.org\/static\/planet4-belgium-stateless\/2019\/07\/3145e295-lost_city_pascale_hecquet-768x768.jpg 768w, https:\/\/www.greenpeace.org\/static\/planet4-belgium-stateless\/2019\/07\/3145e295-lost_city_pascale_hecquet-1024x1024.jpg 1024w, https:\/\/www.greenpeace.org\/static\/planet4-belgium-stateless\/2019\/07\/3145e295-lost_city_pascale_hecquet-340x340.jpg 340w\" sizes=\"auto, (max-width: 500px) 100vw, 500px\" \/><p id=\"caption-attachment-5936\" class=\"wp-caption-text\">\u00a9Pascale Hecquet &#8211; Lost City<\/p><\/div>\n<p style=\"text-align: center;\">En savoir plus sur <a href=\"http:\/\/www.grifagraf.com\">Pascale Hecquet<\/a><\/p>\n<h2><span data-sheets-value=\"{&quot;1&quot;:2,&quot;2&quot;:&quot;Yan le Pon&quot;}\" data-sheets-userformat=\"{&quot;2&quot;:513,&quot;3&quot;:{&quot;1&quot;:0},&quot;12&quot;:0}\">Quirit<\/span><\/h2>\n<div id=\"attachment_6014\" style=\"width: 510px\" class=\"wp-caption aligncenter\"><img loading=\"lazy\" decoding=\"async\" aria-describedby=\"caption-attachment-6014\" class=\"wp-image-6014\" src=\"https:\/\/www.greenpeace.org\/static\/planet4-belgium-stateless\/2019\/07\/cf3afd5e-quirit.jpg\" alt=\"\u00a9Quirit (2019)\" width=\"500\" height=\"440\" srcset=\"https:\/\/www.greenpeace.org\/static\/planet4-belgium-stateless\/2019\/07\/cf3afd5e-quirit.jpg 1597w, https:\/\/www.greenpeace.org\/static\/planet4-belgium-stateless\/2019\/07\/cf3afd5e-quirit-300x264.jpg 300w, https:\/\/www.greenpeace.org\/static\/planet4-belgium-stateless\/2019\/07\/cf3afd5e-quirit-768x676.jpg 768w, https:\/\/www.greenpeace.org\/static\/planet4-belgium-stateless\/2019\/07\/cf3afd5e-quirit-1024x902.jpg 1024w, https:\/\/www.greenpeace.org\/static\/planet4-belgium-stateless\/2019\/07\/cf3afd5e-quirit-1552x1366.jpg 1552w, https:\/\/www.greenpeace.org\/static\/planet4-belgium-stateless\/2019\/07\/cf3afd5e-quirit-386x340.jpg 386w\" sizes=\"auto, (max-width: 500px) 100vw, 500px\" \/><p id=\"caption-attachment-6014\" class=\"wp-caption-text\">\u00a9Quirit (2019)<\/p><\/div>\n<p style=\"text-align: center;\">En savoir plus sur <a href=\"https:\/\/www.quirit.com\/\">Quirit<\/a><\/p>\n<h2><span data-sheets-value=\"{&quot;1&quot;:2,&quot;2&quot;:&quot;Yan le Pon&quot;}\" data-sheets-userformat=\"{&quot;2&quot;:513,&quot;3&quot;:{&quot;1&quot;:0},&quot;12&quot;:0}\">Yan le Pon<\/span><\/h2>\n<div id=\"attachment_5794\" style=\"width: 510px\" class=\"wp-caption aligncenter\"><img loading=\"lazy\" decoding=\"async\" aria-describedby=\"caption-attachment-5794\" class=\"wp-image-5794\" src=\"https:\/\/www.greenpeace.org\/static\/planet4-belgium-stateless\/2019\/07\/3357d7c4-\u00a9yan-le-pon-2019.jpg\" alt=\"\u00a9Yan Le Pon (2019)\" width=\"500\" height=\"500\" srcset=\"https:\/\/www.greenpeace.org\/static\/planet4-belgium-stateless\/2019\/07\/3357d7c4-\u00a9yan-le-pon-2019.jpg 3543w, https:\/\/www.greenpeace.org\/static\/planet4-belgium-stateless\/2019\/07\/3357d7c4-\u00a9yan-le-pon-2019-150x150.jpg 150w, https:\/\/www.greenpeace.org\/static\/planet4-belgium-stateless\/2019\/07\/3357d7c4-\u00a9yan-le-pon-2019-300x300.jpg 300w, https:\/\/www.greenpeace.org\/static\/planet4-belgium-stateless\/2019\/07\/3357d7c4-\u00a9yan-le-pon-2019-768x768.jpg 768w, https:\/\/www.greenpeace.org\/static\/planet4-belgium-stateless\/2019\/07\/3357d7c4-\u00a9yan-le-pon-2019-1024x1024.jpg 1024w, https:\/\/www.greenpeace.org\/static\/planet4-belgium-stateless\/2019\/07\/3357d7c4-\u00a9yan-le-pon-2019-1366x1366.jpg 1366w, https:\/\/www.greenpeace.org\/static\/planet4-belgium-stateless\/2019\/07\/3357d7c4-\u00a9yan-le-pon-2019-340x340.jpg 340w\" sizes=\"auto, (max-width: 500px) 100vw, 500px\" \/><p id=\"caption-attachment-5794\" class=\"wp-caption-text\">\u00a9Yan Le Pon (2019)<\/p><\/div>\n<p style=\"text-align: center;\">En d\u00e9couvrir sur plus sur <a href=\"http:\/\/yan-board.blogspot.com\/\">Yan le Pon<\/a><\/p>\n<h3>J\u2019ai du talent, je participe au #drawthisinyourstyle challenge !<\/h3>\n<p>Vous \u00eates \u00e9galement sensible \u00e0 la protection des oc\u00e9ans et avez des talents artistiques ? <strong>Participez \u00e9galement au #drawthisinyourstyle challenge !<\/strong> Comment ? C\u2019est simple : partagez votre repr\u00e9sentation de Lost City sur les r\u00e9seaux sociaux et identifiez Greenpeace Belgique dans votre post (<i><a href=\"https:\/\/www.facebook.com\/greenpeace.belgium\" target=\"_blank\" rel=\"noopener noreferrer\">@greenpeace.belgium<\/a> sur Facebook et <a href=\"https:\/\/www.instagram.com\/greenpeace_be\" target=\"_blank\" rel=\"noopener noreferrer\">@greenpeace_be<\/a> sur Instagram<\/i>) sans oublier d\u2019ajouter les #drawthisinyourstyle et #ProtectTheOceans. N\u2019h\u00e9sitez pas \u00e0 nous les partager \u00e9galement via l\u2019adresse email <a href=\"mailto:lost-city@greenpeace.be\">lost-city@greenpeace.be<\/a> pour que nous puissions plus facilement les r\u00e9cup\u00e9rer !<\/p>\n<p><a class=\"cta-blog-button\" href=\"https:\/\/act.greenpeace.org\/page\/41085\/petition\/1?locale=fr-BE&amp;_ga=2.206164315.951889588.1562224028-1714113571.1559638136\" target=\"_blank\" rel=\"noopener noreferrer\">Je participe \u00e0 la protection des oc\u00e9ans<\/a><\/p>\n<p>&nbsp;<\/p>\n<p>&nbsp;<\/p>\n<div class=\"EmptyMessage\">Block content is empty. Check the block&rsquo;s settings or remove it.<\/div>","protected":false},"excerpt":{"rendered":"<p>Lost City, dans les eaux abyssales de l\u2019Atlantique, est encore largement m\u00e9connu et pourtant, d\u00e9j\u00e0 menac\u00e9 par une industrie mini\u00e8re avide d\u2019y extraire de pr\u00e9cieux min\u00e9raux et m\u00e9taux. C\u2019est dans&hellip;<\/p>\n","protected":false},"author":49,"featured_media":5847,"comment_status":"closed","ping_status":"closed","sticky":false,"template":"","format":"standard","meta":{"ep_exclude_from_search":false,"p4_og_title":"","p4_og_description":"","p4_og_image":"","p4_og_image_id":"","p4_seo_canonical_url":"","p4_campaign_name":"","p4_local_project":"","p4_basket_name":"","p4_department":"","footnotes":""},"categories":[105],"tags":[82],"p4-page-type":[116],"class_list":["post-5987","post","type-post","status-publish","format-standard","has-post-thumbnail","hentry","category-preserver-la-beaute-de-notre-planete","tag-oceans","p4-page-type-actualites-blog"],"_links":{"self":[{"href":"https:\/\/www.greenpeace.org\/belgium\/fr\/wp-json\/wp\/v2\/posts\/5987","targetHints":{"allow":["GET"]}}],"collection":[{"href":"https:\/\/www.greenpeace.org\/belgium\/fr\/wp-json\/wp\/v2\/posts"}],"about":[{"href":"https:\/\/www.greenpeace.org\/belgium\/fr\/wp-json\/wp\/v2\/types\/post"}],"author":[{"embeddable":true,"href":"https:\/\/www.greenpeace.org\/belgium\/fr\/wp-json\/wp\/v2\/users\/49"}],"replies":[{"embeddable":true,"href":"https:\/\/www.greenpeace.org\/belgium\/fr\/wp-json\/wp\/v2\/comments?post=5987"}],"version-history":[{"count":10,"href":"https:\/\/www.greenpeace.org\/belgium\/fr\/wp-json\/wp\/v2\/posts\/5987\/revisions"}],"predecessor-version":[{"id":25505,"href":"https:\/\/www.greenpeace.org\/belgium\/fr\/wp-json\/wp\/v2\/posts\/5987\/revisions\/25505"}],"wp:featuredmedia":[{"embeddable":true,"href":"https:\/\/www.greenpeace.org\/belgium\/fr\/wp-json\/wp\/v2\/media\/5847"}],"wp:attachment":[{"href":"https:\/\/www.greenpeace.org\/belgium\/fr\/wp-json\/wp\/v2\/media?parent=5987"}],"wp:term":[{"taxonomy":"category","embeddable":true,"href":"https:\/\/www.greenpeace.org\/belgium\/fr\/wp-json\/wp\/v2\/categories?post=5987"},{"taxonomy":"post_tag","embeddable":true,"href":"https:\/\/www.greenpeace.org\/belgium\/fr\/wp-json\/wp\/v2\/tags?post=5987"},{"taxonomy":"p4-page-type","embeddable":true,"href":"https:\/\/www.greenpeace.org\/belgium\/fr\/wp-json\/wp\/v2\/p4-page-type?post=5987"}],"curies":[{"name":"wp","href":"https:\/\/api.w.org\/{rel}","templated":true}]}}