{"id":59943,"date":"2025-06-05T16:40:25","date_gmt":"2025-06-05T15:40:25","guid":{"rendered":"https:\/\/www.greenpeace.org\/belgium\/?p=59943"},"modified":"2025-06-05T16:51:56","modified_gmt":"2025-06-05T15:51:56","slug":"greenpeace-a-la-conference-des-nations-unies-sur-locean-a-nice","status":"publish","type":"post","link":"https:\/\/www.greenpeace.org\/belgium\/fr\/actualites-blog\/59943\/greenpeace-a-la-conference-des-nations-unies-sur-locean-a-nice\/","title":{"rendered":"Greenpeace \u00e0 la Conf\u00e9rence des Nations Unies sur l&rsquo;Oc\u00e9an \u00e0 Nice"},"content":{"rendered":"\n<p><strong><strong>La Conf\u00e9rence des Nations Unies sur l\u2019Oc\u00e9an (UNOC) se tiendra du 9 au 13 juin, \u00e0 Nice. Elle r\u00e9unira des dizaines de responsables politiques du monde entier afin de discuter de la protection des oc\u00e9ans. Organis\u00e9e par la France et le Costa Rica, cette conf\u00e9rence est le forum le plus important sur la protection des oc\u00e9ans depuis l&rsquo;adoption du trait\u00e9 des Nations Unies sur la haute mer en 2023. Quel est l&rsquo;ordre du jour et comment Greenpeace compte-t-elle avoir de l\u2019impact durant les n\u00e9gociations ? On vous en dit plus dans ce blog.<\/strong><\/strong><\/p>\n\n<figure class=\"wp-block-image size-large\"><img loading=\"lazy\" decoding=\"async\" width=\"1024\" height=\"683\" src=\"https:\/\/www.greenpeace.org\/static\/planet4-belgium-stateless\/2025\/06\/65210f63-gp0stzndr_medium-res-1200px-1024x683.jpg\" alt=\"\" class=\"wp-image-59946\" srcset=\"https:\/\/www.greenpeace.org\/static\/planet4-belgium-stateless\/2025\/06\/65210f63-gp0stzndr_medium-res-1200px-1024x683.jpg 1024w, https:\/\/www.greenpeace.org\/static\/planet4-belgium-stateless\/2025\/06\/65210f63-gp0stzndr_medium-res-1200px-300x200.jpg 300w, https:\/\/www.greenpeace.org\/static\/planet4-belgium-stateless\/2025\/06\/65210f63-gp0stzndr_medium-res-1200px-768x512.jpg 768w, https:\/\/www.greenpeace.org\/static\/planet4-belgium-stateless\/2025\/06\/65210f63-gp0stzndr_medium-res-1200px-510x340.jpg 510w, https:\/\/www.greenpeace.org\/static\/planet4-belgium-stateless\/2025\/06\/65210f63-gp0stzndr_medium-res-1200px.jpg 1200w\" sizes=\"auto, (max-width: 1024px) 100vw, 1024px\" \/><figcaption class=\"wp-element-caption\">Image sous-marine, \u00eele Pinzon, Gal\u00e1pagos. \u00a9 Markus Mauthe \/ Greenpeace<\/figcaption><\/figure>\n\n<p>La conf\u00e9rence r\u00e9unira des responsables politiques du monde entier, du pr\u00e9sident fran\u00e7ais Macron au pr\u00e9sident br\u00e9silien Lula, pour discuter de la protection des oc\u00e9ans, de l&rsquo;exploitation mini\u00e8re en eaux profondes, de la pollution plastique, de la p\u00eache durable et d&rsquo;autres questions urgentes. Bien qu&rsquo;aucune l\u00e9gislation ni aucun accord contraignant<strong><em> <\/em><\/strong>ne s\u2019y conclut, le sommet constitue une plateforme cruciale pour renforcer la coop\u00e9ration internationale dans le cadre des Objectifs de D\u00e9veloppement Durable (ODD). Cet espace de discussion est indispensable, car la coop\u00e9ration mondiale en mati\u00e8re de protection des oc\u00e9ans est de plus en plus mise \u00e0 mal.<\/p>\n\n<h2 class=\"wp-block-heading\"><strong>L\u2019occasion de ratifier le trait\u00e9 des Nations Unies sur la haute mer<\/strong><\/h2>\n\n<p>Ce sommet \u00e9tait consid\u00e9r\u00e9 par un grand nombre de pays comme une date butoir pour ratifier le trait\u00e9 des Nations Unies sur la haute mer. Ce trait\u00e9 a \u00e9t\u00e9 adopt\u00e9 en 2023 et permet de prot\u00e9ger de vastes zones oc\u00e9aniques en dehors des eaux territoriales en cr\u00e9ant des r\u00e9serves marines. Mais avant que le trait\u00e9 n&rsquo;entre en vigueur, 60 pays minimum doivent le ratifier (c&rsquo;est-\u00e0-dire l&rsquo;int\u00e9grer dans leur l\u00e9gislation nationale). A ce jour, cet objectif n&rsquo;a pas encore \u00e9t\u00e9 atteint. Par des actions et des pressions politiques, Greenpeace met tout en \u0153uvre pour obtenir 60 ratifications pendant la conf\u00e9rence \u2013 une v\u00e9ritable course contre la montre !<\/p>\n\n<p><br>En effet, le timing est crucial. Le trait\u00e9 des Nations Unies sur la haute mer doit entrer en vigueur le plus rapidement possible afin de prot\u00e9ger au moins 30 % des oc\u00e9ans d&rsquo;ici 2030, un objectif fix\u00e9 par les scientifiques et adopt\u00e9 par tous les gouvernements durant le Cadre Mondial de la Biodiversit\u00e9 de Kunming-Montr\u00e9al en 2022. \u00c0 l&rsquo;heure actuelle, seuls <a href=\"https:\/\/mpatlas.org\/\">2,7 %<\/a> des oc\u00e9ans sont enti\u00e8rement ou largement prot\u00e9g\u00e9s contre les activit\u00e9s humaines. Pour la haute mer, qui ne rel\u00e8ve pas de la juridiction nationale, ce chiffre est \u00e0 peine de 0,9 %. <a href=\"https:\/\/www.greenpeace.org\/international\/press-release\/70631\/un-biodiversity-target-miss-eight-decades-greenpeace\/\">Selon les calculs de Greenpeace<\/a>, au rythme actuel, il faudrait attendre 2107 pour atteindre l&rsquo;objectif de 30 %.<\/p>\n\n<figure class=\"wp-block-image size-large\"><img loading=\"lazy\" decoding=\"async\" width=\"1024\" height=\"683\" src=\"https:\/\/www.greenpeace.org\/static\/planet4-belgium-stateless\/2025\/06\/080fc794-gp0su3vlk_medium-res-1200px-1024x683.jpg\" alt=\"\" class=\"wp-image-59948\" srcset=\"https:\/\/www.greenpeace.org\/static\/planet4-belgium-stateless\/2025\/06\/080fc794-gp0su3vlk_medium-res-1200px-1024x683.jpg 1024w, https:\/\/www.greenpeace.org\/static\/planet4-belgium-stateless\/2025\/06\/080fc794-gp0su3vlk_medium-res-1200px-300x200.jpg 300w, https:\/\/www.greenpeace.org\/static\/planet4-belgium-stateless\/2025\/06\/080fc794-gp0su3vlk_medium-res-1200px-768x512.jpg 768w, https:\/\/www.greenpeace.org\/static\/planet4-belgium-stateless\/2025\/06\/080fc794-gp0su3vlk_medium-res-1200px-510x340.jpg 510w, https:\/\/www.greenpeace.org\/static\/planet4-belgium-stateless\/2025\/06\/080fc794-gp0su3vlk_medium-res-1200px.jpg 1200w\" sizes=\"auto, (max-width: 1024px) 100vw, 1024px\" \/><figcaption class=\"wp-element-caption\">Amber Bourke dans les eaux bleues \u00e0 quelques kilom\u00e8tres au large de Lord Howe Island, entre l&rsquo;Australie et la Nouvelle Z\u00e9lande. \u00a9 Greenpeace \/ BRIDGET FERGUSON.<\/figcaption><\/figure>\n\n<h2 class=\"wp-block-heading\"><strong>Greenpeace agit sur terre et en mer pour la protection des oc\u00e9ans<\/strong><\/h2>\n\n<p>Une \u00e9quipe internationale de Greenpeace est en route vers Nice. Elle sera rejointe par une \u00e9quipe de scientifiques et de p\u00eacheurs de Tha\u00eflande et du S\u00e9n\u00e9gal avec qui elle suivra le sommet. Nous participerons aux n\u00e9gociations, mais aussi \u00e0 des manifestations et \u00e0 des actions en faveur de la protection des oc\u00e9ans. Pendant ce temps, notre bateau le Rainbow Warrior m\u00e8ne des recherches dans le sud de la mer de Tasman et dans le Lord Howe Rise, entre l&rsquo;Australie et la Nouvelle-Z\u00e9lande.<\/p>\n\n<p>Greenpeace plaide pour que cette zone soit d\u00e9sign\u00e9e en priorit\u00e9 comme r\u00e9serve marine en raison de sa biodiversit\u00e9 unique, de la pr\u00e9sence d&rsquo;esp\u00e8ces vuln\u00e9rables et de l&rsquo;impact d\u00e9vastateur de la p\u00eache et du changement climatique. Un rapport r\u00e9cent de Greenpeace r\u00e9v\u00e8le qu&rsquo;en 2023, pr\u00e8s de <a href=\"https:\/\/www.greenpeace.org.au\/news\/a-devastating-record-new-greenpeace-analysis-reveals-almost-half-a-million-blue-sharks-caught-as-bycatch-in-central-and-western-pacific-in-2023\/\">500 000 requins<\/a> ont \u00e9t\u00e9 tu\u00e9s dans cette r\u00e9gion, en tant que prises accidentelles lors de la p\u00eache \u00e0 la palangre.<\/p>\n\n<figure class=\"wp-block-image size-large\"><img loading=\"lazy\" decoding=\"async\" width=\"1024\" height=\"683\" src=\"https:\/\/www.greenpeace.org\/static\/planet4-belgium-stateless\/2025\/06\/8815aaf9-gp0su26md_medium-res-1200px-1024x683.jpg\" alt=\"\" class=\"wp-image-59950\" srcset=\"https:\/\/www.greenpeace.org\/static\/planet4-belgium-stateless\/2025\/06\/8815aaf9-gp0su26md_medium-res-1200px-1024x683.jpg 1024w, https:\/\/www.greenpeace.org\/static\/planet4-belgium-stateless\/2025\/06\/8815aaf9-gp0su26md_medium-res-1200px-300x200.jpg 300w, https:\/\/www.greenpeace.org\/static\/planet4-belgium-stateless\/2025\/06\/8815aaf9-gp0su26md_medium-res-1200px-768x512.jpg 768w, https:\/\/www.greenpeace.org\/static\/planet4-belgium-stateless\/2025\/06\/8815aaf9-gp0su26md_medium-res-1200px-510x340.jpg 510w, https:\/\/www.greenpeace.org\/static\/planet4-belgium-stateless\/2025\/06\/8815aaf9-gp0su26md_medium-res-1200px.jpg 1200w\" sizes=\"auto, (max-width: 1024px) 100vw, 1024px\" \/><figcaption class=\"wp-element-caption\">Le Rainbow Warrior, le bateau de Greenpeace, arrive \u00e0 Maui dans le cadre de la tourn\u00e9e \u00ab One Ocean, One Earth \u00bb. \u00a9 Tim Aubry \/ Greenpeace<\/figcaption><\/figure>\n\n<h2 class=\"wp-block-heading\"><strong>De grandes attentes pour la Belgique<\/strong><\/h2>\n\n<p>Nous avons \u00e9galement de grandes attentes pour la Belgique lors de ce sommet. Nous comptons sur la ministre de la Mer du Nord, Annelies Verlinden, pour soumettre la ratification belge du trait\u00e9 des Nations Unies sur la haute mer et d\u00e9fendre la candidature de la Belgique pour accueillir le secr\u00e9tariat relatif au trait\u00e9. La Belgique doit en outre se prononcer en faveur d&rsquo;une interdiction de l&rsquo;exploitation mini\u00e8re en eaux profondes. Ce n&rsquo;est qu&rsquo;en mettant un terme \u00e0 cette industrie destructrice que l&rsquo;oc\u00e9an sera vraiment en s\u00e9curit\u00e9.<\/p>\n\n<p>Comme nous, vous aspirez \u00e0 un oc\u00e9an en pleine sant\u00e9 ? Signez notre p\u00e9tition et exigez que la Belgique maintienne son ambition en mati\u00e8re de protection des oc\u00e9ans en cr\u00e9ant un r\u00e9seau de r\u00e9serves marines !<\/p>\n\n<div class=\"wp-block-buttons is-layout-flex wp-block-buttons-is-layout-flex\">\n<div class=\"wp-block-button\"><a class=\"wp-block-button__link wp-element-button\" href=\"https:\/\/act.greenpeace.org\/page\/166640\/petition\/1?locale=nl-BE\">Je signe la p\u00e9tition<\/a><\/div>\n<\/div>\n\n<span class=\"shareSocialArea\">\n<a class=\"shareFacebook\" href=\"https:\/\/www.facebook.com\/sharer\/sharer.php?u=https%3A%2F%2Fwww.greenpeace.org%2Fbelgium%2Ffr%2Fblog%2F59943%2Fgreenpeace-a-la-conference-des-nations-unies-sur-locean-a-nice%2F%3Futm_medium%3Dshare%26utm_content%3Dpostid-59943%26utm_source%3Dfacebook\" target=\"_blank\" rel=\"noopener noreferrer\">Je partage sur Facebook<\/a>\n<a class=\"shareTwitter\" href=\"https:\/\/x.com\/intent\/post?related=&#038;text=Greenpeace%20%C3%A0%20la%20Conf%C3%A9rence%20des%20Nations%20Unies%20sur%20l%27Oc%C3%A9an%20%C3%A0%20Nice%20-%20La%20Conf%C3%A9rence%20des%20Nations%20Unies%20sur%20l%E2%80%99Oc%C3%A9an%20%28UNOC%29%20se%20tiendra%20du%209%20au%2013%20juin%2C%20%C3%A0%20Nice.%20Elle%20r%C3%A9unira%20des%20dizaines%20de%20responsables%20politiques%20du%20monde%20entier%20afin%20de%20discuter%20de%20la%20protection%20des%20oc%C3%A9ans.%20Organis%C3%A9e%20par%20la%20France%20et%20le%20Costa%20Rica%2C%20cette%20conf%C3%A9rence%20est%20le%20forum%20le%20plus%20important%20sur%20la%20protection%20des%20oc%C3%A9ans%20depuis%20l%27adoption%20du%20trait%C3%A9%20des%20Nations%20Unies%20sur%20la%20haute%20mer%20en%202023.%20Quel%20est%20l%27ordre%20du%20jour%20et%20comment%20Greenpeace%20compte-t-elle%20avoir%20de%20l%E2%80%99impact%20durant%20les%20n%C3%A9gociations%20%3F%20On%20vous%20en%20dit%20plus%20dans%20ce%20blog.&#038;url=https%3A%2F%2Fwww.greenpeace.org%2Fbelgium%2Ffr%2Fblog%2F59943%2Fgreenpeace-a-la-conference-des-nations-unies-sur-locean-a-nice%2F%3Futm_medium%3Dshare%26utm_content%3Dpostid-59943%26utm_source%3Dtwitter\" target=\"_blank\" rel=\"noopener noreferrer\">Je partage sur Twitter<\/a>\n<a class=\"shareWhatsapp\" href=\"https:\/\/wa.me\/?text=La%20Conf%C3%A9rence%20des%20Nations%20Unies%20sur%20l%E2%80%99Oc%C3%A9an%20%28UNOC%29%20se%20tiendra%20du%209%20au%2013%20juin%2C%20%C3%A0%20Nice.%20Elle%20r%C3%A9unira%20des%20dizaines%20de%20responsables%20politiques%20du%20monde%20entier%20afin%20de%20discuter%20de%20la%20protection%20des%20oc%C3%A9ans.%20Organis%C3%A9e%20par%20la%20France%20et%20le%20Costa%20Rica%2C%20cette%20conf%C3%A9rence%20est%20le%20forum%20le%20plus%20important%20sur%20la%20protection%20des%20oc%C3%A9ans%20depuis%20l%27adoption%20du%20trait%C3%A9%20des%20Nations%20Unies%20sur%20la%20haute%20mer%20en%202023.%20Quel%20est%20l%27ordre%20du%20jour%20et%20comment%20Greenpeace%20compte-t-elle%20avoir%20de%20l%E2%80%99impact%20durant%20les%20n%C3%A9gociations%20%3F%20On%20vous%20en%20dit%20plus%20dans%20ce%20blog.%20https%3A%2F%2Fwww.greenpeace.org%2Fbelgium%2Ffr%2Fblog%2F59943%2Fgreenpeace-a-la-conference-des-nations-unies-sur-locean-a-nice%2F%3Futm_medium%3Dshare%26utm_content%3Dpostid-59943%26utm_source%3Dwhatsapp\" target=\"_blank\" rel=\"noopener noreferrer\">Je partage sur Whatsapp<\/a>\n<\/span>\n","protected":false},"excerpt":{"rendered":"<p>La Conf\u00e9rence des Nations Unies sur l\u2019Oc\u00e9an (UNOC) se tiendra du 9 au 13 juin, \u00e0 Nice. Elle r\u00e9unira des dizaines de responsables politiques du monde entier afin de discuter de la protection des oc\u00e9ans. Organis\u00e9e par la France et le Costa Rica, cette conf\u00e9rence est le forum le plus important sur la protection des oc\u00e9ans depuis l&rsquo;adoption du trait\u00e9 des Nations Unies sur la haute mer en 2023. Quel est l&rsquo;ordre du jour et comment Greenpeace compte-t-elle avoir de l\u2019impact durant les n\u00e9gociations ? On vous en dit plus dans ce blog.<\/p>\n","protected":false},"author":105,"featured_media":59946,"comment_status":"closed","ping_status":"closed","sticky":false,"template":"","format":"standard","meta":{"ep_exclude_from_search":false,"p4_og_title":"Greenpeace \u00e0 la Conf\u00e9rence des Nations Unies sur l'Oc\u00e9an \u00e0 Nice","p4_og_description":"La Conf\u00e9rence des Nations Unies sur l\u2019Oc\u00e9an (UNOC) se tiendra du 9 au 13 juin, \u00e0 Nice. Elle r\u00e9unira des dizaines de responsables politiques du monde entier afin de discuter de la protection des oc\u00e9ans. Organis\u00e9e par la France et le Costa Rica, cette conf\u00e9rence est le forum le plus important sur la protection des oc\u00e9ans depuis l'adoption du trait\u00e9 des Nations Unies sur la haute mer en 2023. Quel est l'ordre du jour et comment Greenpeace compte-t-elle avoir de l\u2019impact durant les n\u00e9gociations ? On vous en dit plus dans ce blog.","p4_og_image":"https:\/\/www.greenpeace.org\/static\/planet4-belgium-stateless\/2025\/06\/65210f63-gp0stzndr_medium-res-1200px.jpg","p4_og_image_id":"59946","p4_seo_canonical_url":"","p4_campaign_name":"not set","p4_local_project":"not set","p4_basket_name":"not set","p4_department":"","footnotes":""},"categories":[171,168,176],"tags":[],"p4-page-type":[116],"class_list":["post-59943","post","type-post","status-publish","format-standard","has-post-thumbnail","hentry","category-biodiversite","category-campagnes","category-oceans","p4-page-type-actualites-blog"],"_links":{"self":[{"href":"https:\/\/www.greenpeace.org\/belgium\/fr\/wp-json\/wp\/v2\/posts\/59943","targetHints":{"allow":["GET"]}}],"collection":[{"href":"https:\/\/www.greenpeace.org\/belgium\/fr\/wp-json\/wp\/v2\/posts"}],"about":[{"href":"https:\/\/www.greenpeace.org\/belgium\/fr\/wp-json\/wp\/v2\/types\/post"}],"author":[{"embeddable":true,"href":"https:\/\/www.greenpeace.org\/belgium\/fr\/wp-json\/wp\/v2\/users\/105"}],"replies":[{"embeddable":true,"href":"https:\/\/www.greenpeace.org\/belgium\/fr\/wp-json\/wp\/v2\/comments?post=59943"}],"version-history":[{"count":4,"href":"https:\/\/www.greenpeace.org\/belgium\/fr\/wp-json\/wp\/v2\/posts\/59943\/revisions"}],"predecessor-version":[{"id":59957,"href":"https:\/\/www.greenpeace.org\/belgium\/fr\/wp-json\/wp\/v2\/posts\/59943\/revisions\/59957"}],"wp:featuredmedia":[{"embeddable":true,"href":"https:\/\/www.greenpeace.org\/belgium\/fr\/wp-json\/wp\/v2\/media\/59946"}],"wp:attachment":[{"href":"https:\/\/www.greenpeace.org\/belgium\/fr\/wp-json\/wp\/v2\/media?parent=59943"}],"wp:term":[{"taxonomy":"category","embeddable":true,"href":"https:\/\/www.greenpeace.org\/belgium\/fr\/wp-json\/wp\/v2\/categories?post=59943"},{"taxonomy":"post_tag","embeddable":true,"href":"https:\/\/www.greenpeace.org\/belgium\/fr\/wp-json\/wp\/v2\/tags?post=59943"},{"taxonomy":"p4-page-type","embeddable":true,"href":"https:\/\/www.greenpeace.org\/belgium\/fr\/wp-json\/wp\/v2\/p4-page-type?post=59943"}],"curies":[{"name":"wp","href":"https:\/\/api.w.org\/{rel}","templated":true}]}}