{"id":59964,"date":"2025-06-09T20:58:32","date_gmt":"2025-06-09T19:58:32","guid":{"rendered":"https:\/\/www.greenpeace.org\/belgium\/?p=59964"},"modified":"2025-11-19T17:46:21","modified_gmt":"2025-11-19T16:46:21","slug":"la-belgique-ratifie-le-traite-de-lonu-sur-la-haute-mer","status":"publish","type":"post","link":"https:\/\/www.greenpeace.org\/belgium\/fr\/communique-de-presse\/59964\/la-belgique-ratifie-le-traite-de-lonu-sur-la-haute-mer\/","title":{"rendered":"La Belgique ratifie le trait\u00e9 de l\u2019ONU sur la haute mer"},"content":{"rendered":"\n<p><strong>La Belgique a ratifi\u00e9 le trait\u00e9 lors de l\u2019ouverture de la conf\u00e9rence des Nations Unies sur l\u2019Oc\u00e9an qui d\u00e9butait aujourd\u2019hui \u00e0 Nice, en France. Il s\u2019agit d\u2019une \u00e9tape importante dans la lutte pour la protection des oc\u00e9ans. Cet accord international permet de prot\u00e9ger de vastes zones oc\u00e9aniques situ\u00e9es au-del\u00e0 des fronti\u00e8res nationales, sous forme de r\u00e9serves marines. La Belgique figure parmi les 18 nouveaux pays qui ont ratifi\u00e9 le trait\u00e9 aujourd\u2019hui. Cela porte \u00e0 49 le nombre de pays qui l\u2019ont fait. [1] Le trait\u00e9 entrera en vigueur d\u00e8s que 60 pays l&rsquo;auront ratifi\u00e9.<\/strong><\/p>\n\n<p><em>\u201cLa ratification du trait\u00e9 par la Belgique constitue un pas de plus vers la cr\u00e9ation d&rsquo;un r\u00e9seau mondial de r\u00e9serves marines\u201d<\/em>&nbsp;salue Ruth-Marie Henckes, charg\u00e9e de campagne oc\u00e9an chez Greenpeace Belgique.&nbsp;<em>\u201cElles permettront \u00e0 l&rsquo;oc\u00e9an de se r\u00e9g\u00e9n\u00e9rer apr\u00e8s de nombreuses ann\u00e9es de surp\u00eache, de pollution et de destruction. Ces r\u00e9serves marines sont fondamentales non seulement pour la vie sous-marine, mais aussi pour l\u2019humanit\u00e9. Rappelons que l\u2019oc\u00e9an est un producteur d\u2019oxyg\u00e8ne, qu\u2019il r\u00e9gule le climat et qu\u2019il fournit du travail et de la nourriture \u00e0 3 milliards d\u2019\u00eatres humains.\u201d&nbsp;<\/em><\/p>\n\n<p><strong>Conf\u00e9rence des Nations unies sur l\u2019Oc\u00e9an<\/strong><\/p>\n\n<p>Notre ministre de la mer, Annelies Verlinden a annonc\u00e9 la ratification belge, ainsi que la candidature de notre pays pour accueillir le secr\u00e9tariat du trait\u00e9, lors de la journ\u00e9e d\u2019ouverture de conf\u00e9rence des nations unies sur l\u2019Oc\u00e9an. Ce sommet international est vu par beaucoup comme une date butoir pour ratifier le trait\u00e9, afin que sa mise en \u0153uvre soit assez rapide pour respecter l\u2019objectif de protection d\u2019au moins 30 % de la surface des oc\u00e9ans d&rsquo;ici 2030. Il s\u2019agit l\u00e0 d\u2019un des piliers de l\u2019Accord de Kunming-Montr\u00e9al adopt\u00e9 en 2022. [2]<\/p>\n\n<p><em>\u201cNous appelons la Belgique \u00e0 maintenir sa position ambitieuse pour la phase d\u2019entr\u00e9e en vigueur de l\u2019accord, en plaidant en faveur de la cr\u00e9ation de r\u00e9serves marines dans les zones oc\u00e9aniques les plus vuln\u00e9rables et les plus riches en biodiversit\u00e9\u201d<\/em>, poursuit Ruth-Marie Henckes.<em>&nbsp;\u201cNotre pays doit \u00e9galement absolument rejoindre ceux qui s\u2019opposent \u00e0 l&rsquo;exploitation mini\u00e8re en eaux profondes. Il ne sera pas possible de mettre l\u2019oc\u00e9an en s\u00e9curit\u00e9 sans mettre un terme \u00e0 cette industrie destructrice.\u201d<\/em><\/p>\n\n<p>18 pays ont d\u00e9pos\u00e9 aujourd&rsquo;hui leur ratification du trait\u00e9 sur la haute mer. Les h\u00f4tes du sommet, le pr\u00e9sident fran\u00e7ais Macron et le pr\u00e9sident costaricain Chaves Robles, ont appel\u00e9 les autres leaders \u00e0 se joindre \u00e0 eux pour soutenir le moratoire sur l&rsquo;exploitation mini\u00e8re en eaux profondes. La Slov\u00e9nie, la Lettonie et Chypre ont annonc\u00e9 leur soutien au moratoire.<\/p>\n\n<p><strong>Zones \u00e0 prot\u00e9ger en priorit\u00e9<\/strong><\/p>\n\n<p>Apr\u00e8s l\u2019entr\u00e9e en vigueur du trait\u00e9, il faudra choisir les zones qui b\u00e9n\u00e9ficieront d&rsquo;une protection prioritaire. Greenpeace propose pour cela&nbsp;<a href=\"https:\/\/www.greenpeace.org\/international\/publication\/62121\/30x30-from-global-ocean-treaty-to-protection-at-sea\/\" target=\"_blank\" rel=\"noreferrer noopener\">trois r\u00e9serves marines<\/a>, prioritaires en raison de leur riche biodiversit\u00e9, de la pr\u00e9sence d&rsquo;esp\u00e8ces vuln\u00e9rables et de l&rsquo;impact d\u00e9vastateur de la p\u00eache et de la crise climatique sur celles-ci. Il s\u2019agit :<\/p>\n\n<ul class=\"wp-block-list\">\n<li>de la mer des Sargasses dans l&rsquo;oc\u00e9an Atlantique,<\/li>\n\n\n\n<li>des montagnes sous-marines Emperor dans le nord-ouest de l&rsquo;oc\u00e9an Pacifique,<\/li>\n\n\n\n<li>de la mer de Tasmanie m\u00e9ridionale et Lord Howe Rise entre l&rsquo;Australie et la Nouvelle-Z\u00e9lande.<\/li>\n<\/ul>\n\n<p>Le&nbsp;<em>Rainbow Warrior<\/em>, navire de Greenpeace, m\u00e8ne actuellement une exp\u00e9dition dans cette derni\u00e8re zone, afin d&rsquo;attirer l&rsquo;attention sur les dangers de la p\u00eache \u00e0 la palangre et du chalutage de fond. Un rapport r\u00e9cent de Greenpeace r\u00e9v\u00e8le qu&rsquo;en 2023,&nbsp;<a href=\"https:\/\/www.greenpeace.org.au\/news\/a-devastating-record-new-greenpeace-analysis-reveals-almost-half-a-million-blue-sharks-caught-as-bycatch-in-central-and-western-pacific-in-2023\/\" target=\"_blank\" rel=\"noreferrer noopener\">500 000 requins<\/a>&nbsp;ont \u00e9t\u00e9 tu\u00e9s dans cette r\u00e9gion, victimes de prises accidentelles lors de la p\u00eache \u00e0 la palangre.<\/p>\n\n<p><strong>Notes<\/strong><\/p>\n\n<p>[1] Les<a href=\"https:\/\/highseasalliance.org\/treaty-ratification\/\" target=\"_blank\" rel=\"noreferrer noopener\">&nbsp;pays qui ont d\u00e9j\u00e0 ratifi\u00e9 le trait\u00e9 sur la haute mer<\/a>&nbsp;sont : l&rsquo;Albanie, Antigua-et-Barbuda, les Bahamas, le Bangladesh, la Barbade, la Belgique, le Belize, le Chili, le Costa Rica, Cuba, Chypre, le Danemark, la France, Fidji, la Finlande, la Gr\u00e8ce, la Guin\u00e9e-Bissau, la Hongrie, la C\u00f4te d&rsquo;Ivoire, la Jama\u00efque, la Jordanie, la Croatie, la Lettonie, le Liberia, le Malawi, les Maldives, Malte, les \u00celes Marshall, la Mauritanie, Maurice, la Micron\u00e9sie, Monaco, Palau, le Panama, le Portugal, les Seychelles, Singapour, l&rsquo;Espagne, Sainte-Lucie, la Slov\u00e9nie, les \u00celes Salomon, Tuvalu, le Timor-Leste, la Roumanie, la Norv\u00e8ge, la Dominique, Vanuatu, le Vietnam et la Cor\u00e9e du Sud. L&rsquo;Union europ\u00e9enne a \u00e9galement ratifi\u00e9 le trait\u00e9.<\/p>\n\n<p>[2] En 2022, lors de la Conf\u00e9rence des Nations unies sur la biodiversit\u00e9 (COP15), les pays ont convenu de prot\u00e9ger au moins 30 % des oc\u00e9ans d&rsquo;ici 2030, un objectif soutenu depuis des ann\u00e9es par les scientifiques. \u00c0 l&rsquo;heure actuelle, seuls<a href=\"https:\/\/mpatlas.org\/\" target=\"_blank\" rel=\"noreferrer noopener\">&nbsp;2,7 %<\/a>&nbsp;des oc\u00e9ans mondiaux sont totalement ou largement prot\u00e9g\u00e9s contre les activit\u00e9s humaines. Pour la haute mer, qui ne rel\u00e8ve pas de la juridiction nationale, ce chiffre n&rsquo;est m\u00eame que de 0,9 %. Selon les<a href=\"https:\/\/www.greenpeace.org\/international\/press-release\/70631\/un-biodiversity-target-miss-eight-decades-greenpeace\/\" target=\"_blank\" rel=\"noreferrer noopener\">&nbsp;calculs de Greenpeace<\/a>, au rythme actuel, il faudrait attendre 2107 pour atteindre l&rsquo;objectif de 30 %.<\/p>\n","protected":false},"excerpt":{"rendered":"<p>La Belgique a ratifi\u00e9 le trait\u00e9 lors de l\u2019ouverture de la conf\u00e9rence des Nations Unies sur l\u2019Oc\u00e9an qui d\u00e9butait aujourd\u2019hui \u00e0 Nice, en France. Il s\u2019agit d\u2019une \u00e9tape importante dans&hellip;<\/p>\n","protected":false},"author":80,"featured_media":59948,"comment_status":"closed","ping_status":"closed","sticky":false,"template":"","format":"standard","meta":{"ep_exclude_from_search":false,"p4_og_title":"La Belgique ratifie le trait\u00e9 de l\u2019ONU sur la haute mer","p4_og_description":"La Belgique a ratifi\u00e9 le trait\u00e9 lors de l\u2019ouverture de la conf\u00e9rence des Nations Unies sur l\u2019Oc\u00e9an qui d\u00e9butait aujourd\u2019hui \u00e0 Nice, en France. Il s\u2019agit d\u2019une \u00e9tape importante dans la lutte pour la protection des oc\u00e9ans. Cet accord international permet de prot\u00e9ger de vastes zones oc\u00e9aniques situ\u00e9es au-del\u00e0 des fronti\u00e8res nationales, sous forme de r\u00e9serves marines. La Belgique figure parmi les 18 nouveaux pays qui ont ratifi\u00e9 le trait\u00e9 aujourd\u2019hui. Cela porte \u00e0 49 le nombre de pays qui l\u2019ont fait. [1] Le trait\u00e9 entrera en vigueur d\u00e8s que 60 pays l'auront ratifi\u00e9.","p4_og_image":"https:\/\/www.greenpeace.org\/static\/planet4-belgium-stateless\/2025\/06\/080fc794-gp0su3vlk_medium-res-1200px.jpg","p4_og_image_id":"59948","p4_seo_canonical_url":"","p4_campaign_name":"","p4_local_project":"","p4_basket_name":"","p4_department":"","footnotes":""},"categories":[171,168,176,151],"tags":[],"p4-page-type":[117],"class_list":["post-59964","post","type-post","status-publish","format-standard","has-post-thumbnail","hentry","category-biodiversite","category-campagnes","category-oceans","category-presse","p4-page-type-communique-de-presse"],"_links":{"self":[{"href":"https:\/\/www.greenpeace.org\/belgium\/fr\/wp-json\/wp\/v2\/posts\/59964","targetHints":{"allow":["GET"]}}],"collection":[{"href":"https:\/\/www.greenpeace.org\/belgium\/fr\/wp-json\/wp\/v2\/posts"}],"about":[{"href":"https:\/\/www.greenpeace.org\/belgium\/fr\/wp-json\/wp\/v2\/types\/post"}],"author":[{"embeddable":true,"href":"https:\/\/www.greenpeace.org\/belgium\/fr\/wp-json\/wp\/v2\/users\/80"}],"replies":[{"embeddable":true,"href":"https:\/\/www.greenpeace.org\/belgium\/fr\/wp-json\/wp\/v2\/comments?post=59964"}],"version-history":[{"count":2,"href":"https:\/\/www.greenpeace.org\/belgium\/fr\/wp-json\/wp\/v2\/posts\/59964\/revisions"}],"predecessor-version":[{"id":59966,"href":"https:\/\/www.greenpeace.org\/belgium\/fr\/wp-json\/wp\/v2\/posts\/59964\/revisions\/59966"}],"wp:featuredmedia":[{"embeddable":true,"href":"https:\/\/www.greenpeace.org\/belgium\/fr\/wp-json\/wp\/v2\/media\/59948"}],"wp:attachment":[{"href":"https:\/\/www.greenpeace.org\/belgium\/fr\/wp-json\/wp\/v2\/media?parent=59964"}],"wp:term":[{"taxonomy":"category","embeddable":true,"href":"https:\/\/www.greenpeace.org\/belgium\/fr\/wp-json\/wp\/v2\/categories?post=59964"},{"taxonomy":"post_tag","embeddable":true,"href":"https:\/\/www.greenpeace.org\/belgium\/fr\/wp-json\/wp\/v2\/tags?post=59964"},{"taxonomy":"p4-page-type","embeddable":true,"href":"https:\/\/www.greenpeace.org\/belgium\/fr\/wp-json\/wp\/v2\/p4-page-type?post=59964"}],"curies":[{"name":"wp","href":"https:\/\/api.w.org\/{rel}","templated":true}]}}