{"id":60020,"date":"2025-06-20T10:21:18","date_gmt":"2025-06-20T09:21:18","guid":{"rendered":"https:\/\/www.greenpeace.org\/belgium\/?p=60020"},"modified":"2025-06-23T10:55:49","modified_gmt":"2025-06-23T09:55:49","slug":"plus-de-justice-le-combat-commence-par-linterieur-the-jedis-learning-in-greenpeace-belgium","status":"publish","type":"post","link":"https:\/\/www.greenpeace.org\/belgium\/fr\/actualites-blog\/60020\/plus-de-justice-le-combat-commence-par-linterieur-the-jedis-learning-in-greenpeace-belgium\/","title":{"rendered":"Plus de justice ? Le combat commence par l\u2019int\u00e9rieur (the JEDIS learning in Greenpeace Belgium)"},"content":{"rendered":"\n<h2 class=\"wp-block-heading\"><strong>La justice est profond\u00e9ment ancr\u00e9e dans notre ADN<\/strong><\/h2>\n\n<p>Depuis sa naissance, Greenpeace a une mission centr\u00e9e sur la justice. Qu&rsquo;il s&rsquo;agisse des manifestations contre les essais nucl\u00e9aires en Alaska dans les ann\u00e9es 1960 ou de la lutte actuelle pour la justice climatique, nous nous effor\u00e7ons toujours de changer le syst\u00e8me dans son ensemble. La destruction \u00e9cologique va quasiment toujours de pair avec l&rsquo;injustice. Prot\u00e9ger la plan\u00e8te signifie donc aussi porter un regard critique sur les structures qui sont \u00e0 l&rsquo;origine des probl\u00e8mes.<\/p>\n\n<p>Et Greenpeace elle-m\u00eame ? Nous avons constat\u00e9 que notre organisation n\u2019\u00e9tait pas toujours un lieu s\u00fbr et inclusif. Souvent, les personnes noires, autochtones, racis\u00e9es, LGBTQIA2S+ et handicap\u00e9es, en particulier, ne s\u2019y sentaient pas \u00e0 leur place. Nous avons entendu des t\u00e9moignages d&rsquo;exclusion, de micro agressions et de sentiment de ne pas \u00eatre \u00e9cout\u00e9. Comme beaucoup d&rsquo;autres organisations, nous avons d\u00fb oser nous regarder en face. Comment pouvons-nous lutter pour la justice climatique alors qu&rsquo;il existe des injustices au sein m\u00eame de notre organisation ?<\/p>\n\n<p>Ce constat a retenti comme un signal d\u2019alarme. Greenpeace v\u00e9hicule donc elle aussi, parfois inconsciemment, des sch\u00e9mas et des structures que nous combattons justement par ailleurs.&nbsp;<\/p>\n\n<p>Nous ne pouvions pas l\u2019ignorer. Pas si nous voulons vraiment changer, tant au sein de notre organisation qu&rsquo;\u00e0 l&rsquo;ext\u00e9rieur.<\/p>\n\n<h2 class=\"wp-block-heading\"><strong>Commencer par le d\u00e9but : apprendre<\/strong><\/h2>\n\n<p>Nous avons lanc\u00e9 en 2022 un important programme de formation qui traite les questions de justice, d\u2019\u00e9galit\u00e9, de diversit\u00e9, d\u2019inclusion et de s\u00e9curit\u00e9, que nous avons baptis\u00e9 JEDIS : (Justice, Equity, Diversity, Inclusion &amp; Safety). Cette trajectoire JEDIS vise \u00e0 \u00e9liminer les in\u00e9galit\u00e9s au sein de notre organisation et en dehors. Il s&rsquo;agit d&rsquo;un engagement \u00e0 r\u00e9partir plus \u00e9quitablement le pouvoir, \u00e0 cr\u00e9er des lieux de travail plus s\u00fbrs et plus inclusifs, et \u00e0 construire nos campagnes \u00e0 partir de perspectives diverses, en laissant la place \u00e0 la voix et \u00e0 l&rsquo;exp\u00e9rience de chacun\u00b7ne. C\u2019est la seule fa\u00e7on d\u2019initier un v\u00e9ritable changement.<\/p>\n\n<p>La trajectoire JEDIS n&rsquo;est pas une check list, une formalit\u00e9 \u00e0 remplir. Il s\u2019agit d\u2019un parcours parfois douloureux mais porteur d\u2019espoir, qui emm\u00e8ne notre organisation l\u00e0 o\u00f9 nous voulons \u00eatre.<\/p>\n\n<h2 class=\"wp-block-heading\"><strong>Etablir un plan d\u2019action<\/strong><\/h2>\n\n<p>Sous la supervision de notre expert JEDIS interne Shanthuru Premkumar, nous avons commenc\u00e9 notre parcours en \u00e9coutant d\u2019abord attentivement. Nous avons identifi\u00e9 nos lacunes, discut\u00e9 avec des coll\u00e8gues de toutes les \u00e9quipes et recueilli des commentaires au sein et \u00e0 l&rsquo;ext\u00e9rieur de Greenpeace. Nous avons appris et continu\u00e9 \u00e0 apprendre.<\/p>\n\n<p>Entre 2022 et 2024, nous avons pris de nombreuses mesures, telles que :<\/p>\n\n<ul class=\"wp-block-list\">\n<li>Des formations sur les pr\u00e9jug\u00e9s inconscients, les micro-agressions et le langage inclusif afin de mieux communiquer entre nous sans blesser inconsciemment.<\/li>\n\n\n\n<li>Un club de lecture autour du livre<em> Me and White Supremacy<\/em>&nbsp; de Layla Saad afin de discuter ensemble des privil\u00e8ges.<\/li>\n\n\n\n<li>La participation \u00e0 des manifestations pour soutenir les mouvements antiracistes, f\u00e9ministes et queer, car la solidarit\u00e9 est tout aussi importante en dehors de notre organisation qu&rsquo;en son sein.<\/li>\n\n\n\n<li>La cr\u00e9ation d&rsquo;espaces s\u00fbrs et de r\u00e9unions pour les coll\u00e8gues BIPOC afin d&rsquo;offrir un environnement s\u00fbr o\u00f9 les coll\u00e8gues de couleur peuvent partager leurs exp\u00e9riences sans crainte d&rsquo;\u00eatre jug\u00e9s et o\u00f9 iels peuvent trouver force et soutien.<\/li>\n\n\n\n<li>Des discussions approfondies sur le colonialisme en Belgique, car comprendre l&rsquo;impact historique et actuel du colonialisme aide \u00e0 mieux reconna\u00eetre et combattre les in\u00e9galit\u00e9s raciales, y compris au sein de notre propre organisation et de nos campagnes.<\/li>\n\n\n\n<li>Un accompagnement des personnes dirigeantes dans ce processus, car un v\u00e9ritable changement n\u00e9cessite des responsables qui osent \u00e9couter, r\u00e9fl\u00e9chir et agir de mani\u00e8re inclusive.<\/li>\n<\/ul>\n\n<p><em>\u201cNous avons enfin trouv\u00e9 les mots pour exprimer ce qui nous pr\u00e9occupait depuis longtemps. Pour certains d&rsquo;entre nous, cela a sonn\u00e9 comme une permission d\u2019enfin pouvoir parler.\u201d<\/em> &#8211; <strong>Membre du personnel de Greenpeace Belgique<\/strong><\/p>\n\n<div class=\"wp-block-buttons is-layout-flex wp-block-buttons-is-layout-flex\">\n<div class=\"wp-block-button\"><a class=\"wp-block-button__link wp-element-button\" href=\"https:\/\/www.greenpeace.org\/static\/planet4-belgium-stateless\/2025\/06\/74a23a8d-jedis-report.pdf\" target=\"_blank\" rel=\"noreferrer noopener\">Lire notre rapport complet<\/a><\/div>\n<\/div>\n\n<figure class=\"wp-block-image size-large\"><img loading=\"lazy\" decoding=\"async\" width=\"1024\" height=\"736\" src=\"https:\/\/www.greenpeace.org\/static\/planet4-belgium-stateless\/2025\/06\/3f23a985-gp0stwg2c_medium-res-1200px-1024x736.jpg\" alt=\"\" class=\"wp-image-60023\" srcset=\"https:\/\/www.greenpeace.org\/static\/planet4-belgium-stateless\/2025\/06\/3f23a985-gp0stwg2c_medium-res-1200px-1024x736.jpg 1024w, https:\/\/www.greenpeace.org\/static\/planet4-belgium-stateless\/2025\/06\/3f23a985-gp0stwg2c_medium-res-1200px-300x216.jpg 300w, https:\/\/www.greenpeace.org\/static\/planet4-belgium-stateless\/2025\/06\/3f23a985-gp0stwg2c_medium-res-1200px-768x552.jpg 768w, https:\/\/www.greenpeace.org\/static\/planet4-belgium-stateless\/2025\/06\/3f23a985-gp0stwg2c_medium-res-1200px-473x340.jpg 473w, https:\/\/www.greenpeace.org\/static\/planet4-belgium-stateless\/2025\/06\/3f23a985-gp0stwg2c_medium-res-1200px.jpg 1200w\" sizes=\"auto, (max-width: 1024px) 100vw, 1024px\" \/><figcaption class=\"wp-element-caption\"><em>\u00a9 Greenpeace \/ Marten van Dijl. Shanthuru Premkumar lors de la Pride \u00e0 Bruxelles en 2023.<\/em><\/figcaption><\/figure>\n\n<h2 class=\"wp-block-heading\"><strong>Qu&rsquo;est-ce qui a chang\u00e9 ?<\/strong><\/h2>\n\n<p>Ce chantier a fait \u00e9voluer notre culture. Pas partout, pas toujours ni parfaitement. Des choses se sont produites. Des employ\u00e9\u00b7es ont d\u00e9clar\u00e9 se sentir plus en s\u00e9curit\u00e9 pour s&rsquo;exprimer. Les conversations sont devenues plus honn\u00eates. Des termes comme \u2018intersectionnalit\u00e9\u2019 sont apparus dans nos conversations, non seulement pendant les formations, mais aussi lors des r\u00e9unions, qu\u2019elles soient consacr\u00e9es \u00e0 des projets ou \u00e0 des campagnes.&nbsp;<\/p>\n\n<p>Nous avons commenc\u00e9 \u00e0 identifier les angles morts au sein de notre travail. Nous avons \u00e9tabli des liens de plus en plus clairs entre la destruction \u00e9cologique et les syst\u00e8mes d&rsquo;oppression : colonialisme, patriarcat et capitalisme.<\/p>\n\n<p>Nous abordons d\u00e9sormais nos campagnes avec un regard plus conscient et intersectionnel. Cela a chang\u00e9 notre fa\u00e7on de penser, de planifier et de communiquer. Le JEDIS n&rsquo;est pas quelque chose que nous ajoutons apr\u00e8s coup, c&rsquo;est quelque chose que nous int\u00e9grons d\u00e8s le d\u00e9but dans nos projets.<\/p>\n\n<p>Nous posons sur notre travail un regard critique, et nous le questionnons en profondeur. Ces questions nous aident \u00e0 d\u00e9couvrir nos manquements, \u00e0 revoir nos hypoth\u00e8ses et \u00e0 cr\u00e9er des campagnes qui ont non seulement un impact, mais qui sont \u00e9galement plus justes et plus inclusives. Nous nous demandons :<\/p>\n\n<ul class=\"wp-block-list\">\n<li>Qui sont les oubli\u00e9\u00b7es de nos histoires ?&nbsp;<\/li>\n\n\n\n<li>Racontons-nous une histoire juste ? De quelle perspective ?&nbsp;<\/li>\n\n\n\n<li>D\u00e9celons-nous des in\u00e9galit\u00e9s dans l&rsquo;impact que nous souhaitons et les solutions que nous proposons?<\/li>\n\n\n\n<li>Notre travail est-il vraiment accessible \u00e0 tous\u00b7tes ?<\/li>\n<\/ul>\n\n<h2 class=\"wp-block-heading\"><strong>Les d\u00e9fis<\/strong><\/h2>\n\n<p>Cette route n\u2019est pas simple. Porter un regard critique sur soi et sur son organisation est douloureux. Les projets JEDIS peuvent \u00eatre per\u00e7us comme des t\u00e2ches suppl\u00e9mentaires qui s&rsquo;ajoutent \u00e0 la charge de travail. Il y a eu des r\u00e9sistances, parfois feutr\u00e9es, parfois tr\u00e8s ouvertes. Certains ateliers ont \u00e9t\u00e9 quitt\u00e9s pr\u00e9matur\u00e9ment par des coll\u00e8gues. Certain\u00b7es ont \u00e9mis des&nbsp; inqui\u00e9tudes quant \u00e0 l\u2019impact de tout cela sur les dons et les soutiens dont b\u00e9n\u00e9ficient l&rsquo;organisation.<\/p>\n\n<p>L&rsquo;introspection peut \u00eatre difficile, surtout lorsqu&rsquo;elle touche \u00e0 des exp\u00e9riences personnelles. Pourtant, nous avons constat\u00e9 que ce sont pr\u00e9cis\u00e9ment ces discussions qui nous ont rapproch\u00e9s.<\/p>\n\n<p>Les in\u00e9galit\u00e9s persistent. Les privil\u00e8ges diff\u00e8rent. Il est important d&rsquo;en \u00eatre conscient\u00b7e \u00e0 tout moment. Pour celles et ceux qui jouissent de nombreux privil\u00e8ges, cela peut \u00eatre d\u00e9rangeant, mais cela fait partie du processus.<\/p>\n\n<p><em>\u201cC&rsquo;est comme si nous \u00e9tions en train de gravir une montagne. Mais avec des gros d\u00e9calages. Plusieurs d&rsquo;entre nous sont encore au pied de la montagne. D&rsquo;autres portent un poids suppl\u00e9mentaire en raison de ce qu&rsquo;iels ont d\u00e9j\u00e0 v\u00e9cu.\u201d \u2014 <\/em><strong>Membre du personnel de Greenpeace Belgique<\/strong><\/p>\n\n<h2 class=\"wp-block-heading\"><strong>L\u2019importance des JEDIS<\/strong><\/h2>\n\n<p>Nous ne faisons pas cela pour \u00eatre tendance ou <em>wok<\/em>e mais parce que c&rsquo;est indispensable pour entrer en action. La crise climatique est avant tout une crise de justice. Les personnes les moins responsables des d\u00e9r\u00e8glements climatiques, telles que les peuples autochtones, les personnes de couleur et les personnes en situation de pauvret\u00e9, sont souvent celles qui en subissent le plus les cons\u00e9quences, tout en \u00e9tant celles qui sont le moins entendues.&nbsp;<\/p>\n\n<p>Notre trajectoire JEDIS nous rappelle que prot\u00e9ger la nature, c&rsquo;est aussi prot\u00e9ger les personnes. Cela n\u00e9cessite une autre vision du pouvoir, du leadership et de la solidarit\u00e9. Non pas dans une optique de perfection mais en acceptant d\u2019\u00e9voluer constamment. Pas seulement en th\u00e9orie, mais surtout dans nos actions concr\u00e8tes.<\/p>\n\n<p>Ce que tout cela nous appris (et continue \u00e0 nous apprendre) :&nbsp;<\/p>\n\n<ul class=\"wp-block-list\">\n<li>Grandir prend du temps. L&rsquo;inclusion demande de l&rsquo;\u00e9nergie et de l&rsquo;humilit\u00e9.<\/li>\n\n\n\n<li>Ce qui se joue ici est un changement en profondeur des structures, pas juste une aspiration \u00e0 \u00eatre gentil les un\u00b7es envers les autres.<\/li>\n\n\n\n<li>Oser se sentir mal \u00e0 l&rsquo;aise fait partie du processus, \u00e0 condition que cela se fasse dans le respect et le soin de tout le monde.<\/li>\n\n\n\n<li>Ces histoires sont celles qui cr\u00e9ent des liens et font la diff\u00e9rence.<\/li>\n<\/ul>\n\n<h2 class=\"wp-block-heading\"><strong>Et l\u2019apr\u00e8s ?<\/strong><\/h2>\n\n<p>Nous n\u2019y sommes pas encore. JEDIS n&rsquo;est pas un projet avec une deadline fixe, c&rsquo;est une mission permanente qui continue de nous stimuler et de nous guider. C&rsquo;est pourquoi nous poursuivons nos efforts, avec des mesures concr\u00e8tes :<\/p>\n\n<ul class=\"wp-block-list\">\n<li><strong>Int\u00e9grer JEDIS dans chaque fonction<\/strong><\/li>\n<\/ul>\n\n<p>La justice, l&rsquo;\u00e9galit\u00e9, la diversit\u00e9, l&rsquo;inclusion et la s\u00e9curit\u00e9 ne doivent pas \u00eatre la t\u00e2che d&rsquo;un petit nombre de personnes. Elles doivent faire partie des responsabilit\u00e9s de chacun, \u00eatre int\u00e9gr\u00e9es dans chaque r\u00f4le et chaque \u00e9quipe, des campagnes aux ressources humaines, de la communication \u00e0 la logistique.<\/p>\n\n<ul class=\"wp-block-list\">\n<li><strong>Communiquer clairement sur JEDIS et pourquoi c&rsquo;est important<\/strong><\/li>\n<\/ul>\n\n<p>Nous voulons que tout le monde, au sein et \u00e0 l&rsquo;ext\u00e9rieur de notre organisation, comprenne ce que nous d\u00e9fendons. Pas de jargon ni de promesses vagues, mais des explications claires et accessibles sur nos choix, nos objectifs et nos difficult\u00e9s.<\/p>\n\n<ul class=\"wp-block-list\">\n<li><strong>Rendre nos campagnes plus inclusives<\/strong><\/li>\n<\/ul>\n\n<p>JEDIS doit \u00eatre visible dans ce que nous faisons et dans la mani\u00e8re dont nous le faisons. Nous continuons \u00e0 examiner nos campagnes d&rsquo;un \u0153il critique : quelle histoire racontons-nous, qui a la parole, et qui en est encore absent ?<\/p>\n\n<ul class=\"wp-block-list\">\n<li><strong>Et surtout : rester \u00e0 l\u2019\u00e9coute<\/strong><\/li>\n<\/ul>\n\n<p>Les un\u00b7es les autres, nos coll\u00e8gues, les communaut\u00e9s avec lesquelles nous travaillons et les personnes victimes d&rsquo;injustices. Ce n&rsquo;est qu&rsquo;en \u00e9coutant vraiment que nous pourrons continuer \u00e0 grandir et \u00e0 changer.<\/p>\n\n<h2 class=\"wp-block-heading\"><strong>Pourquoi communiquer l\u00e0-dessus ?<\/strong><\/h2>\n\n<p>Parce que le mouvement environnemental doit devenir plus grand, plus courageux et plus inclusif pour surmonter cette crise. Le v\u00e9ritable changement commence par l&rsquo;honn\u00eatet\u00e9.<\/p>\n\n<p>Nous sommes fi\u00e8r\u00b7es des mesures que nous avons prises. Mais nous reconnaissons \u00e9galement qu&rsquo;il en reste encore beaucoup \u00e0 prendre. Nous sommes reconnaissant\u00b7es envers celles et ceux qui ont accompli ce travail, m\u00eame lorsque cela a \u00e9t\u00e9 difficile.<\/p>\n\n<div class=\"wp-block-buttons is-layout-flex wp-block-buttons-is-layout-flex\">\n<div class=\"wp-block-button\"><a class=\"wp-block-button__link wp-element-button\" href=\"https:\/\/www.greenpeace.org\/static\/planet4-belgium-stateless\/2025\/06\/74a23a8d-jedis-report.pdf\" target=\"_blank\" rel=\"noreferrer noopener\">Lire notre rapport complet <\/a><\/div>\n<\/div>\n\n<figure class=\"wp-block-table\"><table class=\"has-fixed-layout\"><tbody><tr><td><strong><em>En 2024, Daria Popovici, Ana Amelia Carneiro Da Fonseca et I-I Chan, sous la direction de Shanthuru Premkumar, ont apport\u00e9 un regard critique et pr\u00e9cieux sur nos efforts. Iels nous ont aid\u00e9s \u00e0 \u00e9valuer en profondeur la trajcetoire JEDIS : ce que cela implique, ce que nous avons d\u00e9j\u00e0 accompli et les axes d&rsquo;am\u00e9lioration possibles. Ces r\u00e9flexions ont servi de base \u00e0 ce blog. Nous les remercions pour leur leadership, leurs id\u00e9es et leur ouverture d&rsquo;esprit.<\/em><\/strong><\/td><\/tr><\/tbody><\/table><\/figure>\n\n<span class=\"shareSocialArea\">\n<a class=\"shareFacebook\" href=\"https:\/\/wa.me\/?text=Depuis%20sa%20naissance%2C%20Greenpeace%20a%20une%20mission%20centr%C3%A9e%20sur%20la%20justice.%20Qu%27il%20s%27agisse%20des%20manifestations%20contre%20les%20essais%20nucl%C3%A9aires%20en%20Alaska%20dans%20les%20ann%C3%A9es%201960%20ou%20de%20la%20lutte%20actuelle%20pour%20la%20justice%20climatique%2C%20nous%20nous%20effor%C3%A7ons%20toujours%20de%20changer%20le%20syst%C3%A8me%20dans%20son%20ensemble.%20La%20destruction%20%C3%A9cologique%20va%20quasiment%20toujours%20de%20pair%20avec%20l%27injustice.%20Prot%C3%A9ger%20la%20plan%C3%A8te%20signifie%20donc%20aussi%20porter%20un%20regard%20critique%20sur%20les%20structures%20qui%20sont%20%C3%A0%20l%27origine%20des%20probl%C3%A8mes.%20https%3A%2F%2Fwww.greenpeace.org%2Fbelgium%2Ffr%2Fblog%2F60020%2Fplus-de-justice-le-combat-commence-par-linterieur-the-jedis-learning-in-greenpeace-belgium%2F%3Futm_medium%3Dshare%26utm_content%3Dpostid-60020%26utm_source%3Dwhatsapp\" target=\"_blank\" rel=\"noopener noreferrer\">Je partage sur Facebook<\/a>\n<a class=\"shareTwitter\" href=\"https:\/\/www.facebook.com\/sharer\/sharer.php?u=https%3A%2F%2Fwww.greenpeace.org%2Fbelgium%2Ffr%2Fblog%2F60020%2Fplus-de-justice-le-combat-commence-par-linterieur-the-jedis-learning-in-greenpeace-belgium%2F%3Futm_medium%3Dshare%26utm_content%3Dpostid-60020%26utm_source%3Dfacebook\" target=\"_blank\" rel=\"noopener noreferrer\">Je partage sur Twitter<\/a>\n<a class=\"shareWhatsapp\" href=\"https:\/\/x.com\/intent\/post?related=&#038;text=Plus%20de%20justice%20%3F%20Le%20combat%20commence%20par%20l%E2%80%99int%C3%A9rieur%20%28the%20JEDIS%20learning%20in%20Greenpeace%20Belgium%29%20-%20Depuis%20sa%20naissance%2C%20Greenpeace%20a%20une%20mission%20centr%C3%A9e%20sur%20la%20justice.%20Qu%27il%20s%27agisse%20des%20manifestations%20contre%20les%20essais%20nucl%C3%A9aires%20en%20Alaska%20dans%20les%20ann%C3%A9es%201960%20ou%20de%20la%20lutte%20actuelle%20pour%20la%20justice%20climatique%2C%20nous%20nous%20effor%C3%A7ons%20toujours%20de%20changer%20le%20syst%C3%A8me%20dans%20son%20ensemble.%20La%20destruction%20%C3%A9cologique%20va%20quasiment%20toujours%20de%20pair%20avec%20l%27injustice.%20Prot%C3%A9ger%20la%20plan%C3%A8te%20signifie%20donc%20aussi%20porter%20un%20regard%20critique%20sur%20les%20structures%20qui%20sont%20%C3%A0%20l%27origine%20des%20probl%C3%A8mes.&#038;url=https%3A%2F%2Fwww.greenpeace.org%2Fbelgium%2Ffr%2Fblog%2F60020%2Fplus-de-justice-le-combat-commence-par-linterieur-the-jedis-learning-in-greenpeace-belgium%2F%3Futm_medium%3Dshare%26utm_content%3Dpostid-60020%26utm_source%3Dtwitter\n\" target=\"_blank\" rel=\"noopener noreferrer\">Je partage sur Whatsapp<\/a>\n<\/span>\n","protected":false},"excerpt":{"rendered":"<p>Depuis sa naissance, Greenpeace a une mission centr\u00e9e sur la justice. Qu&rsquo;il s&rsquo;agisse des manifestations contre les essais nucl\u00e9aires en Alaska dans les ann\u00e9es 1960 ou de la lutte actuelle pour la justice climatique, nous nous effor\u00e7ons toujours de changer le syst\u00e8me dans son ensemble. La destruction \u00e9cologique va quasiment toujours de pair avec l&rsquo;injustice. Prot\u00e9ger la plan\u00e8te signifie donc aussi porter un regard critique sur les structures qui sont \u00e0 l&rsquo;origine des probl\u00e8mes.<\/p>\n","protected":false},"author":105,"featured_media":60023,"comment_status":"closed","ping_status":"closed","sticky":false,"template":"","format":"standard","meta":{"ep_exclude_from_search":false,"p4_og_title":"Plus de justice ? Le combat commence par l\u2019int\u00e9rieur (the JEDIS learning in Greenpeace Belgium)","p4_og_description":"Depuis sa naissance, Greenpeace a une mission centr\u00e9e sur la justice. Qu'il s'agisse des manifestations contre les essais nucl\u00e9aires en Alaska dans les ann\u00e9es 1960 ou de la lutte actuelle pour la justice climatique, nous nous effor\u00e7ons toujours de changer le syst\u00e8me dans son ensemble. La destruction \u00e9cologique va quasiment toujours de pair avec l'injustice. Prot\u00e9ger la plan\u00e8te signifie donc aussi porter un regard critique sur les structures qui sont \u00e0 l'origine des probl\u00e8mes.","p4_og_image":"https:\/\/www.greenpeace.org\/static\/planet4-belgium-stateless\/2025\/06\/3f23a985-gp0stwg2c_medium-res-1200px.jpg","p4_og_image_id":"60023","p4_seo_canonical_url":"","p4_campaign_name":"not set","p4_local_project":"not set","p4_basket_name":"not set","p4_department":"","footnotes":""},"categories":[191,189],"tags":[],"p4-page-type":[116],"class_list":["post-60020","post","type-post","status-publish","format-standard","has-post-thumbnail","hentry","category-inclusivite","category-qui-sommes-nous","p4-page-type-actualites-blog"],"_links":{"self":[{"href":"https:\/\/www.greenpeace.org\/belgium\/fr\/wp-json\/wp\/v2\/posts\/60020","targetHints":{"allow":["GET"]}}],"collection":[{"href":"https:\/\/www.greenpeace.org\/belgium\/fr\/wp-json\/wp\/v2\/posts"}],"about":[{"href":"https:\/\/www.greenpeace.org\/belgium\/fr\/wp-json\/wp\/v2\/types\/post"}],"author":[{"embeddable":true,"href":"https:\/\/www.greenpeace.org\/belgium\/fr\/wp-json\/wp\/v2\/users\/105"}],"replies":[{"embeddable":true,"href":"https:\/\/www.greenpeace.org\/belgium\/fr\/wp-json\/wp\/v2\/comments?post=60020"}],"version-history":[{"count":5,"href":"https:\/\/www.greenpeace.org\/belgium\/fr\/wp-json\/wp\/v2\/posts\/60020\/revisions"}],"predecessor-version":[{"id":60209,"href":"https:\/\/www.greenpeace.org\/belgium\/fr\/wp-json\/wp\/v2\/posts\/60020\/revisions\/60209"}],"wp:featuredmedia":[{"embeddable":true,"href":"https:\/\/www.greenpeace.org\/belgium\/fr\/wp-json\/wp\/v2\/media\/60023"}],"wp:attachment":[{"href":"https:\/\/www.greenpeace.org\/belgium\/fr\/wp-json\/wp\/v2\/media?parent=60020"}],"wp:term":[{"taxonomy":"category","embeddable":true,"href":"https:\/\/www.greenpeace.org\/belgium\/fr\/wp-json\/wp\/v2\/categories?post=60020"},{"taxonomy":"post_tag","embeddable":true,"href":"https:\/\/www.greenpeace.org\/belgium\/fr\/wp-json\/wp\/v2\/tags?post=60020"},{"taxonomy":"p4-page-type","embeddable":true,"href":"https:\/\/www.greenpeace.org\/belgium\/fr\/wp-json\/wp\/v2\/p4-page-type?post=60020"}],"curies":[{"name":"wp","href":"https:\/\/api.w.org\/{rel}","templated":true}]}}