{"id":60442,"date":"2025-07-02T10:34:40","date_gmt":"2025-07-02T09:34:40","guid":{"rendered":"https:\/\/www.greenpeace.org\/belgium\/?p=60442"},"modified":"2025-11-19T17:46:16","modified_gmt":"2025-11-19T16:46:16","slug":"des-actions-contre-les-procedures-baillons-sont-menees-en-europe-alors-quun-proces-historique-intente-par-greenpeace-debute-a-amsterdam","status":"publish","type":"post","link":"https:\/\/www.greenpeace.org\/belgium\/fr\/communique-de-presse\/60442\/des-actions-contre-les-procedures-baillons-sont-menees-en-europe-alors-quun-proces-historique-intente-par-greenpeace-debute-a-amsterdam\/","title":{"rendered":"Des actions contre les proc\u00e9dures-b\u00e2illons sont men\u00e9es en Europe alors qu\u2019un proc\u00e8s historique intent\u00e9 par Greenpeace d\u00e9bute \u00e0 Amsterdam"},"content":{"rendered":"\n<p><em>2 juillet 2025, Amsterdam, Pays-Bas<\/em><strong>&nbsp;<\/strong>\u2013<strong>&nbsp;Ce mercredi a lieu la premi\u00e8re audience pr\u00e9liminaire dans le cas qui oppose Greenpeace International \u00e0 la compagnie p\u00e9troli\u00e8re am\u00e9ricaine Energy Transfer. Il s&rsquo;agit du premier test majeur de la nouvelle directive europ\u00e9enne visant \u00e0 lutter contre l&rsquo;utilisation de proc\u00e9dures-baillons (ou \u2018SLAPP\u2019 en anglais) et \u00e0 mieux prot\u00e9ger la libert\u00e9 d&rsquo;expression. Parall\u00e8lement, trente organisations dans onze pays europ\u00e9ens appellent leurs gouvernements \u00e0 transposer rapidement la directive dans leur l\u00e9gislation nationale. En Belgique, une d\u00e9l\u00e9gation du groupe de travail \u2018anti-SLAPP\u2019 s&rsquo;entretient aujourd&rsquo;hui avec le cabinet de la ministre de la Justice Annelies Verlinden.<\/strong><\/p>\n\n<p>La multinationale Energy Transfer, qui p\u00e8se plusieurs milliards de dollars, a men\u00e9 deux proc\u00e9dures-b\u00e2illons contre Greenpeace aux Etats-Unis. La premi\u00e8re a \u00e9chou\u00e9 mais la deuxi\u00e8me est toujours en cours. Un jury du Dakota du Nord a condamn\u00e9 Greenpeace International et Greenpeace USA \u00e0 payer plus de 660 millions de dollars de dommages et int\u00e9r\u00eats \u00e0 Energy Transfer. Greenpeace a fait appel de cette d\u00e9cision.&nbsp;<\/p>\n\n<figure class=\"wp-block-image\"><img decoding=\"async\" src=\"https:\/\/lh7-rt.googleusercontent.com\/docsz\/AD_4nXcKIASkFQF4_v4wKl8AbzKgszbmmK4RwBGNQ7hVwVEF8DdkAkvYjPsWLZx1GWmFjVa-ESl0igXl5k8oqyffPNXT3OHuTnfXLQJkboukHOHPno00yCde8vyYozkNUO-Q0969KKyR?key=XjIxMxiXfN0vMrRK4h2BtA\" alt=\"\"\/><figcaption class=\"wp-element-caption\">Des activistes de Greenpeace International et d\u2019organisations alli\u00e9es ont men\u00e9 une action aujourd&rsquo;hui devant le tribunal d&rsquo;Amsterdam, d\u00e9ployant une banderole indiquant\u00a0<em>\u201cEnergy Transfer, bienvenue en Europe, ou la libert\u00e9 d\u2019expression existe toujours\u201d<\/em>.<\/figcaption><\/figure>\n\n<p><em>\u201cLes proc\u00e9dures-b\u00e2illons constituent une menace directe pour la libert\u00e9 d&rsquo;expression et le droit de protester pacifiquement\u201d&nbsp;<\/em>explique Mads Flarup Christensen, directeur de Greenpeace International&nbsp;<em>. \u201cL\u2019affaire que nous menons ici face \u00e0 Energy Transfer pourrait marquer un tournant dans la lutte contre les poursuites judiciaires destin\u00e9es \u00e0 intimider, et prouver que les entreprises ne peuvent pas obtenir gain de cause via un harc\u00e8lement judiciaire.\u201d<\/em><\/p>\n\n<p>La coalition europ\u00e9enne contre les proc\u00e9dures-baillons (<em>Coalition Against SLAPPs in Europe&nbsp;<\/em>ou CASE), a recens\u00e9 un total de&nbsp;<a href=\"https:\/\/www.the-case.eu\/resources\/a-2024-report-on-slapps-in-europe-mapping-trends-and-cases\/\" target=\"_blank\" rel=\"noreferrer noopener\">1049 proc\u00e9dures-baillons<\/a>&nbsp;en Europe entre 2010 et 2023. Elle concerne des organisations, des journalistes, des activistes, etc. Les \u00c9tats membres de l&rsquo;UE ont jusqu&rsquo;au 7 mai 2026 pour transposer&nbsp;<a href=\"https:\/\/eur-lex.europa.eu\/eli\/dir\/2024\/1069\/oj\" target=\"_blank\" rel=\"noreferrer noopener\">la directive anti-SLAPP<\/a>&nbsp;dans leur l\u00e9gislation nationale, mais jusqu&rsquo;\u00e0 pr\u00e9sent, peu de progr\u00e8s ont \u00e9t\u00e9 r\u00e9alis\u00e9s. Trente organisations demandent donc aujourd\u2019hui \u00e0 travers l\u2019Europe \u00e0 leurs pays respectifs de mettre en \u0153uvre la directive.<\/p>\n\n<p><em>\u201cCela fait plus d&rsquo;un an que la directive \u2018anti-SLAPP\u2019 a \u00e9t\u00e9 adopt\u00e9e, mais sa mise en \u0153uvre dans la pratique est effroyablement lente\u201d<\/em>&nbsp;d\u00e9plore Charlie Holt, de Global Climate Legal Defense et membre de CASE.&nbsp;<em>\u201cLe proc\u00e8s intent\u00e9 par Greenpeace International aux Pays-Bas fait figure de premier test majeur pour cette directive. Si cette protection ne s&rsquo;applique pas dans une affaire qui abuse aussi clairement et agressivement du droit, alors quand le fera-t-elle ? Tant qu&rsquo;un signal juridique fort ne sera pas envoy\u00e9, notre d\u00e9mocratie restera vuln\u00e9rable \u00e0 ce genre d\u2019intimidation judiciaire.\u201d<\/em><\/p>\n\n<p><strong>Les proc\u00e9dures-b\u00e2illons en Belgique<\/strong><\/p>\n\n<p>Des exemples de proc\u00e9dures-b\u00e2illons existent aussi en Belgique. Rappelons le cas du journaliste ind\u00e9pendant David Leloup, attaqu\u00e9 \u00e0 de nombreuses reprises alors qu\u2019il enqu\u00eatait sur l\u2019affaire de corruption Nethis\/Publifin. La&nbsp;<a href=\"https:\/\/www.rtbf.be\/article\/comment-la-rtbf-reagit-elle-lorsqu-elle-fait-l-objet-de-pressions-11135128\" target=\"_blank\" rel=\"noreferrer noopener\">RTBF<\/a>,&nbsp;<a href=\"https:\/\/www.rtbf.be\/article\/la-justice-donne-raison-au-journal-le-soir-et-autorise-la-publication-d-informations-sur-le-bourgmestre-de-verviers-maxime-degey-11565360\" target=\"_blank\" rel=\"noreferrer noopener\">Le Soir&nbsp;<\/a>ou&nbsp;<a href=\"https:\/\/www.rtbf.be\/article\/l-etat-belge-deboute-pour-sa-plainte-contre-sudinfo-liee-a-des-articles-sur-le-qatargate-11454428\" target=\"_blank\" rel=\"noreferrer noopener\">SudInfo<\/a>&nbsp;ont \u00e9galement fait l\u2019objet de proc\u00e9dures-b\u00e2illons. Dans un autre registre, deux organisations de d\u00e9fense des droits des animaux&nbsp;<a href=\"https:\/\/www.linkedin.com\/posts\/jo-baert-36184380_in-de-juristenkrant-nr-508-van-30-april-activity-7327246821641121792-0fWB\/?utm_source=social_share_send&amp;utm_medium=member_desktop_web&amp;rcm=ACoAAAD08wEBU3OjLvOhc11VS74UFtj_IbFwClw\" target=\"_blank\" rel=\"noreferrer noopener\">ont r\u00e9cemment \u00e9t\u00e9 poursuivies<\/a>&nbsp;pour diffamation et atteinte \u00e0 l&rsquo;honneur apr\u00e8s avoir publi\u00e9 des textes critiques.<\/p>\n\n<p><em>\u201cLes entreprises qui lancent ce genre d&rsquo;affaires n\u2019ont la plupart du temps m\u00eame pas pour objectif de les gagner\u201d<\/em>&nbsp;explique Nadia Cornejo, porte-parole de Greenpeace Belgique.&nbsp;<em>\u201cLe but est d&rsquo;intimider, de faire taire et de ruiner financi\u00e8rement les voix critiques. Et l\u2019effet d\u00e9passe souvent les cibles des ces affaires. Cela peut dissuader des initiatives \u00e9manant d\u2019autres m\u00e9dias, organisations ou citoyen\u00b7nes.\u201d<\/em><\/p>\n\n<figure class=\"wp-block-image\"><img decoding=\"async\" src=\"https:\/\/lh7-rt.googleusercontent.com\/docsz\/AD_4nXdQFfUiO6ZvxZmkyPEqqR7kamK1ua10f1-DDWKEMWbIm8jf9vxRhhZwIRYVeZPZ13lQnGDsQXIvDIRhrg9zf9b9ZFEjxUbVdfiO1HITJJ0RqkMmrTU6H-4_lmZ8WnXrtUsrE7mc?key=XjIxMxiXfN0vMrRK4h2BtA\" alt=\"\"\/><figcaption class=\"wp-element-caption\">Dans de nombreux pays europ\u00e9ens, des statues de figures c\u00e9l\u00e8bres de la r\u00e9sistance ont \u00e9t\u00e9 symboliquement baillonn\u00e9es, notamment celle du pr\u00eatre Daens \u00e0 Alost.<\/figcaption><\/figure>\n\n<p>Une d\u00e9l\u00e9gation du&nbsp;<a href=\"https:\/\/www.slapp.be\/en\/about-us\" target=\"_blank\" rel=\"noreferrer noopener\">groupe de travail belge \u2018anti-SLAPP\u2019<\/a>, auquel participe Greenpeace Belgique, se rend aujourd&rsquo;hui au cabinet de la ministre f\u00e9d\u00e9rale de la Justice, Annelies Verlinden. Elle demande une transposition ambitieuse de la directive europ\u00e9enne anti-SLAPP dans la l\u00e9gislation belge, conform\u00e9ment au<a href=\"https:\/\/www.slapp.be\/slappadd\/modelwet.pdf\" target=\"_blank\" rel=\"noreferrer noopener\">&nbsp;mod\u00e8le de loi<\/a>&nbsp;\u00e9labor\u00e9 par le groupe de travail.<\/p>\n","protected":false},"excerpt":{"rendered":"<p>Ce mercredi a lieu la premi\u00e8re audience pr\u00e9liminaire dans le cas qui oppose Greenpeace International \u00e0 la compagnie p\u00e9troli\u00e8re am\u00e9ricaine Energy Transfer. Il s&rsquo;agit du premier test majeur de la nouvelle directive europ\u00e9enne visant \u00e0 lutter contre l&rsquo;utilisation de proc\u00e9dures-baillons (ou \u2018SLAPP\u2019 en anglais) et \u00e0 mieux prot\u00e9ger la libert\u00e9 d&rsquo;expression. Parall\u00e8lement, trente organisations dans onze pays europ\u00e9ens appellent leurs gouvernements \u00e0 transposer rapidement la directive dans leur l\u00e9gislation nationale. En Belgique, une d\u00e9l\u00e9gation du groupe de travail \u2018anti-SLAPP\u2019 s&rsquo;entretient aujourd&rsquo;hui avec le cabinet de la ministre de la Justice Annelies Verlinden.<\/p>\n","protected":false},"author":80,"featured_media":60443,"comment_status":"closed","ping_status":"closed","sticky":false,"template":"","format":"standard","meta":{"ep_exclude_from_search":false,"p4_og_title":"Des actions contre les proc\u00e9dures-b\u00e2illons sont men\u00e9es en Europe alors qu\u2019un proc\u00e8s historique intent\u00e9 par Greenpeace d\u00e9bute \u00e0 Amsterdam","p4_og_description":"Ce mercredi a lieu la premi\u00e8re audience pr\u00e9liminaire dans le cas qui oppose Greenpeace International \u00e0 la compagnie p\u00e9troli\u00e8re am\u00e9ricaine Energy Transfer. Il s'agit du premier test majeur de la nouvelle directive europ\u00e9enne visant \u00e0 lutter contre l'utilisation de proc\u00e9dures-baillons (ou \u2018SLAPP\u2019 en anglais) et \u00e0 mieux prot\u00e9ger la libert\u00e9 d'expression. Parall\u00e8lement, trente organisations dans onze pays europ\u00e9ens appellent leurs gouvernements \u00e0 transposer rapidement la directive dans leur l\u00e9gislation nationale. En Belgique, une d\u00e9l\u00e9gation du groupe de travail \u2018anti-SLAPP\u2019 s'entretient aujourd'hui avec le cabinet de la ministre de la Justice Annelies Verlinden.","p4_og_image":"","p4_og_image_id":"","p4_seo_canonical_url":"","p4_campaign_name":"","p4_local_project":"","p4_basket_name":"","p4_department":"","footnotes":""},"categories":[168,172,181,151],"tags":[],"p4-page-type":[117],"class_list":["post-60442","post","type-post","status-publish","format-standard","has-post-thumbnail","hentry","category-campagnes","category-energie","category-energies-fossiles","category-presse","p4-page-type-communique-de-presse"],"_links":{"self":[{"href":"https:\/\/www.greenpeace.org\/belgium\/fr\/wp-json\/wp\/v2\/posts\/60442","targetHints":{"allow":["GET"]}}],"collection":[{"href":"https:\/\/www.greenpeace.org\/belgium\/fr\/wp-json\/wp\/v2\/posts"}],"about":[{"href":"https:\/\/www.greenpeace.org\/belgium\/fr\/wp-json\/wp\/v2\/types\/post"}],"author":[{"embeddable":true,"href":"https:\/\/www.greenpeace.org\/belgium\/fr\/wp-json\/wp\/v2\/users\/80"}],"replies":[{"embeddable":true,"href":"https:\/\/www.greenpeace.org\/belgium\/fr\/wp-json\/wp\/v2\/comments?post=60442"}],"version-history":[{"count":2,"href":"https:\/\/www.greenpeace.org\/belgium\/fr\/wp-json\/wp\/v2\/posts\/60442\/revisions"}],"predecessor-version":[{"id":60446,"href":"https:\/\/www.greenpeace.org\/belgium\/fr\/wp-json\/wp\/v2\/posts\/60442\/revisions\/60446"}],"wp:featuredmedia":[{"embeddable":true,"href":"https:\/\/www.greenpeace.org\/belgium\/fr\/wp-json\/wp\/v2\/media\/60443"}],"wp:attachment":[{"href":"https:\/\/www.greenpeace.org\/belgium\/fr\/wp-json\/wp\/v2\/media?parent=60442"}],"wp:term":[{"taxonomy":"category","embeddable":true,"href":"https:\/\/www.greenpeace.org\/belgium\/fr\/wp-json\/wp\/v2\/categories?post=60442"},{"taxonomy":"post_tag","embeddable":true,"href":"https:\/\/www.greenpeace.org\/belgium\/fr\/wp-json\/wp\/v2\/tags?post=60442"},{"taxonomy":"p4-page-type","embeddable":true,"href":"https:\/\/www.greenpeace.org\/belgium\/fr\/wp-json\/wp\/v2\/p4-page-type?post=60442"}],"curies":[{"name":"wp","href":"https:\/\/api.w.org\/{rel}","templated":true}]}}