{"id":60624,"date":"2025-07-23T16:39:20","date_gmt":"2025-07-23T15:39:20","guid":{"rendered":"https:\/\/www.greenpeace.org\/belgium\/?p=60624"},"modified":"2025-11-19T17:46:08","modified_gmt":"2025-11-19T16:46:08","slug":"arret-historique-de-la-cour-internationale-de-justice-en-matiere-de-climat","status":"publish","type":"post","link":"https:\/\/www.greenpeace.org\/belgium\/fr\/communique-de-presse\/60624\/arret-historique-de-la-cour-internationale-de-justice-en-matiere-de-climat\/","title":{"rendered":"Arr\u00eat historique de la cour internationale de justice en mati\u00e8re de climat"},"content":{"rendered":"\n<h2 class=\"wp-block-heading\"><strong><em>\u201cUn tournant majeur pour la justice climatique partout dans le monde\u201d<\/em><\/strong><\/h2>\n\n<p><strong>La plus haute juridiction du monde vient de rendre un avis consultatif historique sur les obligations des \u00c9tats face \u00e0 l&rsquo;urgence climatique. [1] La d\u00e9cision de la Cour internationale de justice (CIJ) apporte des protections qui renforcent les responsabilit\u00e9s des \u00c9tats en vertu du droit international, au-del\u00e0 de l&rsquo;Accord de Paris. Elle pr\u00e9voit plusieurs obligations suppl\u00e9mentaires essentielles, notamment le devoir de pr\u00e9venir les dommages importants \u00e0 l&rsquo;environnement.<\/strong><\/p>\n\n<p>La d\u00e9cision de la Cour oblige les \u00c9tats \u00e0 encadrer par des r\u00e9glementations les entreprises dont les \u00e9missions causent des dommages, et cela quel que soit le lieu o\u00f9 ces dommages se produisent. Fait important, la Cour a estim\u00e9 que le droit \u00e0 un environnement propre, sain et durable est fondamental pour tous les autres droits humains, et que l&rsquo;\u00e9quit\u00e9 interg\u00e9n\u00e9rationnelle doit guider l&rsquo;interpr\u00e9tation de toutes les obligations en mati\u00e8re de climat.<\/p>\n\n<p><em>\u201cL&rsquo;avis de la CIJ marque un tournant pour la justice climatique<\/em>\u201d se r\u00e9jouit Nadia Cornejo, porte-parole de Greenpeace Belgique.<em> \u201cCela ouvrira la voie \u00e0 de nouvelles affaires climat partout dans le monde. Nous esp\u00e9rons que cela permettra enfin de rendre justice aux victimes du d\u00e9r\u00e8glement climatique ici et ailleurs, qui le plus souvent subissent les cons\u00e9quences les plus graves de cette crise sans avoir contribu\u00e9 \u00e0 ses causes. Le message de la Cour est clair : les pollueurs doivent cesser d&rsquo;\u00e9mettre et payer pour les dommages qu&rsquo;ils ont caus\u00e9s.\u201d<\/em><\/p>\n\n<p>La d\u00e9cision pr\u00e9cise \u00e9galement que les manquements aux obligations en mati\u00e8re de climat donnent lieu \u00e0 des r\u00e9parations compl\u00e8tes : il s&rsquo;agit notamment de mettre fin aux actions qui cr\u00e9ent les dommages et d&rsquo;accorder une compensation financi\u00e8re pour toute perte ou tout dommage connexe. Il peut s&rsquo;agir d&rsquo;une indemnisation pour les dommages caus\u00e9s au climat et m\u00eame de la n\u00e9cessit\u00e9 d&rsquo;un arr\u00eat imm\u00e9diat des \u00e9missions de gaz \u00e0 effet de serre au-del\u00e0 d&rsquo;un seuil de s\u00e9curit\u00e9 fond\u00e9 sur des donn\u00e9es scientifiques. Plus important encore, la Cour a formul\u00e9 des conclusions importantes qui garantiront la justice climatique pour les g\u00e9n\u00e9rations futures dans les communaut\u00e9s les plus touch\u00e9es par le changement climatique, leur offrant ainsi un niveau de protection historique.<\/p>\n\n<p><strong>Les contentieux climatiques en Belgique<\/strong><\/p>\n\n<p>L\u2019avis de la CIJ donne de nouveaux arguments dans les contentieux climatiques en cours dans notre pays. La clarification des obligations des Etats en mati\u00e8re de climat renforce ainsi la <a href=\"https:\/\/affaireclimat.cdn.prismic.io\/affaireclimat\/df045502-906f-4797-a46d-622dbfe03ec8_SP52019923113012320+fr.pdf\" target=\"_blank\" rel=\"noreferrer noopener\">d\u00e9cision rendue en 2023 par la cour d\u2019appel de Bruxelles<\/a> dans le cadre de l\u2019<em>affaire climat<\/em>, qui condamne l\u2019Etat f\u00e9d\u00e9ral, la r\u00e9gion flamande et la r\u00e9gion bruxelloise pour inaction climatique.<\/p>\n\n<p>Ce nouvel arr\u00eat donnera \u00e9galement des arguments juridiques de poids \u00e0 l\u2019agriculteur Hugues Falys, qui a <a href=\"https:\/\/www.thefarmercase.be\/laffaire\/\" target=\"_blank\" rel=\"noreferrer noopener\">port\u00e9 plainte contre TotalEnergies en 2024<\/a> pour sa responsabilit\u00e9 dans la crise climatique, ayant impact\u00e9 ses activit\u00e9s d\u2019agriculteur.&nbsp;<\/p>\n\n<p>\u201c<em>La Cour a tranch\u00e9. L\u2019impunit\u00e9 des Etats ou des entreprises qui ne respectent pas leurs obligations climatiques ne sera pas sans cons\u00e9quence.<\/em> <em>Les petits Etats insulaires, les communaut\u00e9s et les citoyens, comme Hugues Falys, victimes du d\u00e9r\u00e8glement climatique, sont confirm\u00e9s dans leur droit \u00e0 la r\u00e9paration\u201d, <\/em>conclut Nadia Cornejo.<\/p>\n\n<p><strong>Note<\/strong><\/p>\n\n<p>[1] <a href=\"https:\/\/www.icj-cij.org\/case\/187\" target=\"_blank\" rel=\"noreferrer noopener\">Obligations of States in respect of Climate Change Request for Advisory Opinion<\/a><\/p>\n","protected":false},"excerpt":{"rendered":"<p>La plus haute juridiction du monde vient de rendre un avis consultatif historique sur les obligations des \u00c9tats face \u00e0 l&rsquo;urgence climatique. [1] La d\u00e9cision de la Cour internationale de justice (CIJ) apporte des protections qui renforcent les responsabilit\u00e9s des \u00c9tats en vertu du droit international, au-del\u00e0 de l&rsquo;Accord de Paris. Elle pr\u00e9voit plusieurs obligations suppl\u00e9mentaires essentielles, notamment le devoir de pr\u00e9venir les dommages importants \u00e0 l&rsquo;environnement.<\/p>\n","protected":false},"author":80,"featured_media":60625,"comment_status":"closed","ping_status":"closed","sticky":false,"template":"","format":"standard","meta":{"ep_exclude_from_search":false,"p4_og_title":"Arr\u00eat historique de la cour internationale de justice en mati\u00e8re de climat","p4_og_description":"La plus haute juridiction du monde vient de rendre un avis consultatif historique sur les obligations des \u00c9tats face \u00e0 l'urgence climatique. [1] La d\u00e9cision de la Cour internationale de justice (CIJ) apporte des protections qui renforcent les responsabilit\u00e9s des \u00c9tats en vertu du droit international, au-del\u00e0 de l'Accord de Paris. Elle pr\u00e9voit plusieurs obligations suppl\u00e9mentaires essentielles, notamment le devoir de pr\u00e9venir les dommages importants \u00e0 l'environnement.","p4_og_image":"https:\/\/www.greenpeace.org\/static\/planet4-belgium-stateless\/2025\/07\/f124a786-gp0su0rl9_low-res-with-credit-line-800px.jpg","p4_og_image_id":"60625","p4_seo_canonical_url":"","p4_campaign_name":"","p4_local_project":"","p4_basket_name":"","p4_department":"","footnotes":""},"categories":[168,169,173,151],"tags":[],"p4-page-type":[117],"class_list":["post-60624","post","type-post","status-publish","format-standard","has-post-thumbnail","hentry","category-campagnes","category-climat","category-justice-climatique","category-presse","p4-page-type-communique-de-presse"],"_links":{"self":[{"href":"https:\/\/www.greenpeace.org\/belgium\/fr\/wp-json\/wp\/v2\/posts\/60624","targetHints":{"allow":["GET"]}}],"collection":[{"href":"https:\/\/www.greenpeace.org\/belgium\/fr\/wp-json\/wp\/v2\/posts"}],"about":[{"href":"https:\/\/www.greenpeace.org\/belgium\/fr\/wp-json\/wp\/v2\/types\/post"}],"author":[{"embeddable":true,"href":"https:\/\/www.greenpeace.org\/belgium\/fr\/wp-json\/wp\/v2\/users\/80"}],"replies":[{"embeddable":true,"href":"https:\/\/www.greenpeace.org\/belgium\/fr\/wp-json\/wp\/v2\/comments?post=60624"}],"version-history":[{"count":1,"href":"https:\/\/www.greenpeace.org\/belgium\/fr\/wp-json\/wp\/v2\/posts\/60624\/revisions"}],"predecessor-version":[{"id":60627,"href":"https:\/\/www.greenpeace.org\/belgium\/fr\/wp-json\/wp\/v2\/posts\/60624\/revisions\/60627"}],"wp:featuredmedia":[{"embeddable":true,"href":"https:\/\/www.greenpeace.org\/belgium\/fr\/wp-json\/wp\/v2\/media\/60625"}],"wp:attachment":[{"href":"https:\/\/www.greenpeace.org\/belgium\/fr\/wp-json\/wp\/v2\/media?parent=60624"}],"wp:term":[{"taxonomy":"category","embeddable":true,"href":"https:\/\/www.greenpeace.org\/belgium\/fr\/wp-json\/wp\/v2\/categories?post=60624"},{"taxonomy":"post_tag","embeddable":true,"href":"https:\/\/www.greenpeace.org\/belgium\/fr\/wp-json\/wp\/v2\/tags?post=60624"},{"taxonomy":"p4-page-type","embeddable":true,"href":"https:\/\/www.greenpeace.org\/belgium\/fr\/wp-json\/wp\/v2\/p4-page-type?post=60624"}],"curies":[{"name":"wp","href":"https:\/\/api.w.org\/{rel}","templated":true}]}}