{"id":61115,"date":"2025-09-19T21:56:59","date_gmt":"2025-09-19T20:56:59","guid":{"rendered":"https:\/\/www.greenpeace.org\/belgium\/?p=61115"},"modified":"2025-11-19T17:46:02","modified_gmt":"2025-11-19T16:46:02","slug":"lhistorique-traite-de-lonu-sur-la-haute-mer-peut-enfin-entrer-en-vigueur","status":"publish","type":"post","link":"https:\/\/www.greenpeace.org\/belgium\/fr\/communique-de-presse\/61115\/lhistorique-traite-de-lonu-sur-la-haute-mer-peut-enfin-entrer-en-vigueur\/","title":{"rendered":"L\u2019historique trait\u00e9 de l\u2019ONU sur la haute mer peut enfin entrer en vigueur"},"content":{"rendered":"\n<p><strong>Une \u00e9tape cl\u00e9 vient d\u2019\u00eatre franchie lors de l&rsquo;Assembl\u00e9e g\u00e9n\u00e9rale des Nations unies qui se tient \u00e0 New York. Le trait\u00e9 des Nations unies sur la haute mer a \u00e9t\u00e9 ratifi\u00e9 par 60 pays et peut donc, enfin, entrer en vigueur. Greenpeace appelle les gouvernements du monde entier \u00e0 le mettre rapidement en \u0153uvre.<\/strong><\/p>\n\n<p>\u00c0 l&rsquo;heure actuelle, seuls<a href=\"https:\/\/mpatlas.org\/countries\/HS\/\"> 0,9 % des hautes mers<\/a> sont enti\u00e8rement ou hautement prot\u00e9g\u00e9es. Le trait\u00e9 des Nations unies sur la haute mer permet de cr\u00e9er des r\u00e9serves marines dans les eaux internationales. Ces r\u00e9serves marines ont un r\u00f4le crucial \u00e0 jouer dans notre lutte contre le d\u00e9r\u00e8glement climatique et \u00e9galement dans la protection de la s\u00e9curit\u00e9 alimentaire de milliards de personnes.<\/p>\n\n<p><em>\u201cIl s&rsquo;agit d\u2019un moment historique, qui prouve que les pays sont capables de travailler ensemble \u00e0 la sauvegarde de la plan\u00e8te bleue\u201d <\/em>salue <strong>Mads Christensen, directeur de Greenpeace International<\/strong>.<em> \u201cMais nous ne devons surtout pas nous reposer sur nos lauriers. Les scientifiques sont tr\u00e8s clair<\/em><em>\u00b7e<\/em><em>s : au moins 30 % des oc\u00e9ans doivent \u00eatre prot\u00e9g\u00e9s d&rsquo;ici 2030. Le temps presse. Les gouvernements doivent d\u00e9sormais \u00e9laborer des plans pour les premi\u00e8res r\u00e9serves dans le cadre du trait\u00e9. Nos oc\u00e9ans ne peuvent pas attendre, l\u2019humanit\u00e9 non plus.\u201d<\/em><\/p>\n\n<p>Le trait\u00e9 entrera en vigueur dans 120 jours. Cela ouvrira la voie \u00e0 la premi\u00e8re COP (Conf\u00e9rence des Parties) sur les oc\u00e9ans, probablement en 2026. Greenpeace appelle les gouvernements \u00e0 \u00e9laborer entre-temps des propositions de r\u00e9serves marines sur la base de recherches scientifiques solides et en concertation avec les peuples autochtones et les communaut\u00e9s locales.<\/p>\n\n<p><strong>Pionni\u00e8re, la Belgique ?&nbsp;<\/strong><\/p>\n\n<p>La Belgique a ratifi\u00e9 le trait\u00e9 en juin dernier. Notre pays s\u2019\u00e9tait \u00e9galement port\u00e9 candidat pour accueillir le nouveau secr\u00e9tariat de cette convention.<\/p>\n\n<p><em>\u201cA de nombreux \u00e9gards, la Belgique aime se profiler comme leader en mati\u00e8re de protection des oc\u00e9ans\u201d <\/em>explique Ruth-Marie Henckes, charg\u00e9e de la campagne Oc\u00e9an chez Greenpeace Belgique. \u201c<em>Mais si notre pays veut \u00eatre s\u00e9rieux, il doit se montrer r\u00e9ellement ambitieux et rejoindre ceux qui soutiennent le moratoire contre l\u2019exploitation mini\u00e8re en eaux profondes. Cette industrie destructrice menace de causer des dommages irr\u00e9parables \u00e0 l&rsquo;oc\u00e9an.\u201d&nbsp;<\/em><\/p>\n\n<p>Pr\u00e8s de 4,5 millions de personnes, dont plus de 30 000 Belges, ont d\u00e9j\u00e0 sign\u00e9<a href=\"https:\/\/www.greenpeace.org\/international\/act\/stop-deep-sea-mining\/\"> la p\u00e9tition de Greenpeace contre l&rsquo;exploitation mini\u00e8re en eaux profondes.<\/a><\/p>\n","protected":false},"excerpt":{"rendered":"<p>Une \u00e9tape cl\u00e9 vient d\u2019\u00eatre franchie lors de l&rsquo;Assembl\u00e9e g\u00e9n\u00e9rale des Nations unies qui se tient \u00e0 New York. Le trait\u00e9 des Nations unies sur la haute mer a \u00e9t\u00e9 ratifi\u00e9 par 60 pays et peut donc, enfin, entrer en vigueur. Greenpeace appelle les gouvernements du monde entier \u00e0 le mettre rapidement en \u0153uvre.<\/p>\n","protected":false},"author":80,"featured_media":61116,"comment_status":"open","ping_status":"closed","sticky":false,"template":"","format":"standard","meta":{"ep_exclude_from_search":false,"p4_og_title":"L\u2019historique trait\u00e9 de l\u2019ONU sur la haute mer peut enfin entrer en vigueur","p4_og_description":"Une \u00e9tape cl\u00e9 vient d\u2019\u00eatre franchie lors de l'Assembl\u00e9e g\u00e9n\u00e9rale des Nations unies qui se tient \u00e0 New York. Le trait\u00e9 des Nations unies sur la haute mer a \u00e9t\u00e9 ratifi\u00e9 par 60 pays et peut donc, enfin, entrer en vigueur. Greenpeace appelle les gouvernements du monde entier \u00e0 le mettre rapidement en \u0153uvre.","p4_og_image":"https:\/\/www.greenpeace.org\/static\/planet4-belgium-stateless\/2025\/09\/cbb105e7-gp0su4bxr_low-res-with-credit-line-800px.jpg","p4_og_image_id":"61116","p4_seo_canonical_url":"","p4_campaign_name":"","p4_local_project":"","p4_basket_name":"","p4_department":"","footnotes":""},"categories":[171,168,176,151],"tags":[],"p4-page-type":[117],"class_list":["post-61115","post","type-post","status-publish","format-standard","has-post-thumbnail","hentry","category-biodiversite","category-campagnes","category-oceans","category-presse","p4-page-type-communique-de-presse"],"_links":{"self":[{"href":"https:\/\/www.greenpeace.org\/belgium\/fr\/wp-json\/wp\/v2\/posts\/61115","targetHints":{"allow":["GET"]}}],"collection":[{"href":"https:\/\/www.greenpeace.org\/belgium\/fr\/wp-json\/wp\/v2\/posts"}],"about":[{"href":"https:\/\/www.greenpeace.org\/belgium\/fr\/wp-json\/wp\/v2\/types\/post"}],"author":[{"embeddable":true,"href":"https:\/\/www.greenpeace.org\/belgium\/fr\/wp-json\/wp\/v2\/users\/80"}],"replies":[{"embeddable":true,"href":"https:\/\/www.greenpeace.org\/belgium\/fr\/wp-json\/wp\/v2\/comments?post=61115"}],"version-history":[{"count":1,"href":"https:\/\/www.greenpeace.org\/belgium\/fr\/wp-json\/wp\/v2\/posts\/61115\/revisions"}],"predecessor-version":[{"id":61118,"href":"https:\/\/www.greenpeace.org\/belgium\/fr\/wp-json\/wp\/v2\/posts\/61115\/revisions\/61118"}],"wp:featuredmedia":[{"embeddable":true,"href":"https:\/\/www.greenpeace.org\/belgium\/fr\/wp-json\/wp\/v2\/media\/61116"}],"wp:attachment":[{"href":"https:\/\/www.greenpeace.org\/belgium\/fr\/wp-json\/wp\/v2\/media?parent=61115"}],"wp:term":[{"taxonomy":"category","embeddable":true,"href":"https:\/\/www.greenpeace.org\/belgium\/fr\/wp-json\/wp\/v2\/categories?post=61115"},{"taxonomy":"post_tag","embeddable":true,"href":"https:\/\/www.greenpeace.org\/belgium\/fr\/wp-json\/wp\/v2\/tags?post=61115"},{"taxonomy":"p4-page-type","embeddable":true,"href":"https:\/\/www.greenpeace.org\/belgium\/fr\/wp-json\/wp\/v2\/p4-page-type?post=61115"}],"curies":[{"name":"wp","href":"https:\/\/api.w.org\/{rel}","templated":true}]}}