{"id":613,"date":"2018-02-28T13:58:00","date_gmt":"2018-02-28T13:58:00","guid":{"rendered":"https:\/\/www.greenpeace.org\/belgium\/blog\/613\/pacte-energetique-plus-de-chiffre-mais-des-decisions-politiques\/"},"modified":"2019-11-06T10:23:34","modified_gmt":"2019-11-06T08:23:34","slug":"pacte-energetique-plus-de-chiffre-mais-des-decisions-politiques","status":"publish","type":"post","link":"https:\/\/www.greenpeace.org\/belgium\/fr\/actualites-blog\/613\/pacte-energetique-plus-de-chiffre-mais-des-decisions-politiques\/","title":{"rendered":"Pacte \u00e9nerg\u00e9tique: Plus de chiffre mais des d\u00e9cisions politiques!"},"content":{"rendered":"<div class=\"post-content\">\n<div>\n<p><strong>Les discussions publiques autour de la sortie du nucl\u00e9aire semblent sans fin. Les choses sont pourtant assez simples.\u00a0 Les choix politiques sont pourtant urgents et les solutions bien pr\u00e9sentes. Nous vous pr\u00e9sentons nos principaux arguments.<\/strong><\/p>\n<h2>Pacte \u00e9nerg\u00e9tique: Il manquait un z\u00e9ro!<\/h2>\n<p>Il y a quelques jours la Ministre f\u00e9d\u00e9rale de l\u2019\u00e9nergie, Madame Marghem annon\u00e7ait dans les m\u00e9dias que plus rien n\u2019emp\u00eachait la sortie du nucl\u00e9aire et la transition vers un syst\u00e8me bas\u00e9 sur 100% d\u2019\u00e9nergie renouvelables car \u00e7a ne co\u00fbterait pas plus cher. Elle s\u2019appuyait pour ce dire sur une \u00e9tude command\u00e9e au professeur Albrecht qui mettait en exergue une seule diff\u00e9rence de 15 millions d\u2019\u20ac entre le maintien de 2GW et la sortie totale du nucl\u00e9aire en 2025.<\/p>\n<p>Catastrophe! 24h plus tard, l\u2019\u00e9tude \u00e0 17000\u20ac omettait un z\u00e9ro! Il ne s\u2019agissait pas de 15 mais bien 150 millions d\u2019euros de diff\u00e9rence. Cette saga de mauvais go\u00fbt n\u2019en finit plus et ses diff\u00e9rents acteurs se ridiculisent un peu plus \u00e0 chaque nouvel \u00e9pisode. On pourrait en rire s\u2019il n\u2019\u00e9tait pas question l\u00e0-derri\u00e8re de choix de soci\u00e9t\u00e9 fondamentaux et de responsabilit\u00e9 consid\u00e9rable dans le chef de ceux qui ralentissent les d\u00e9cisions politiques \u00e0 prendre.<\/p>\n<h3>De quoi parle-t-on?<\/h3>\n<p>Le secteur \u00e9nerg\u00e9tique est \u00e0 un croisement important. Nous devons sortir du nucl\u00e9aire car cette \u00e9nergie est dangereuse, polluante et ch\u00e8re. C\u2019est une \u00e9nergie du pass\u00e9 qui bloque le d\u00e9veloppement des \u00e9nergies propres et renouvelables. Et, plus que jamais les technologies existent pour nous permettre de passer \u00e0 un syst\u00e8me \u00e9nerg\u00e9tique bas\u00e9 sur des \u00e9nergies plus propres et consommer moins en am\u00e9liorant notre efficacit\u00e9 \u00e9nerg\u00e9tique et \u00e9lectrique. Ce secteur est \u00e9galement amen\u00e9 \u00e0 \u00eatre sollicit\u00e9 de mani\u00e8re consid\u00e9rable afin de contribuer \u00e0 la mutation du secteur des transports vers une \u00e9lectrification accrue du parc automobile. La lutte contre le d\u00e9r\u00e8glement climatique impose, en effet, de sortir au plus vite des \u00e9nergies fossiles dans tous les secteurs.<\/p>\n<p>Sortir du nucl\u00e9aire en Belgique a du sens car il nous permettra d\u2019entamer un \u00ab energiewende \u00bb \u00e0 l\u2019allemande en ayant appris des erreurs et des failles. Notre position au c\u0153ur de l\u2019Europe occidentale nous offre des opportunit\u00e9s \u00e9normes pour que cette transition soit une r\u00e9ussite, d\u2019un point de vue environnemental, soci\u00e9tal et \u00e9conomique aussi. Le citoyen sera impliqu\u00e9 car il a un r\u00f4le \u00e0 jouer comme prosumer (un rapport r\u00e9alis\u00e9 \u00e0 l\u2019\u00e9chelle europ\u00e9enne met en \u00e9vidence l\u2019importance de leur r\u00f4le dans la transition). On pourra m\u00eame faire mieux et d\u00e9velopper l\u2019autoconsommation collective \u00e0 l\u2019\u00e9chelle d\u2019un quartier, d\u2019un zoning industriel avec des smart grids. Avec l\u2019arriv\u00e9e des batteries de stockage des v\u00e9hicules, \u00e7a changera aussi la donne. On rechargera et on d\u00e9chargera l\u2019\u00e9lectricit\u00e9. L\u2019exc\u00e9dent servira \u00e0 compl\u00e9ter les besoins d\u2019un m\u00e9nage. Les batteries qui ne serviront plus pour les voitures (car trop vieilles) pourront servir pour les maisons (\u00e7a diminuera les besoins en m\u00e9taux rares.)<\/p>\n<p>Nous devons d\u00e9velopper les ER car au plus elles seront pr\u00e9sentes dans notre syst\u00e8me \u00e9nerg\u00e9tique, au moins nous aurons besoin de gaz ; nous devrons certes construire des centrales pour effectuer la transition vers un scenario 100% renouvelable mais nous devrons moins les actionner. Et la technologie s\u2019am\u00e9liorant sans cesse, les \u00e9missions en provenance des centrales au gaz diminuent \u00e9galement (compar\u00e9 \u00e0 de la biomasse par exemple). Nous devons accro\u00eetre notre interconnexion avec les pays limitrophes (les interconnections Allegro, Brabo, Nemo) pour renforcer la stabilit\u00e9 du r\u00e9seau mais aussi pour une question de prix de l\u2019\u00e9lectricit\u00e9. Et pour que \u00e7a contribue \u00e0 ce que les entreprises restent chez nous.<\/p>\n<p>Mais pour cela, nous avons besoin de courage politique. De d\u00e9cision sur le chemin et sur les investissements \u00e0 faire. Et sur les objectifs et sur le timing. Les citoyens sont pr\u00eats, les entreprises aussi. Tout le monde est conscient des enjeux et de l\u2019urgence de mettre en place ce changement.<\/p>\n<p>Ce changement est urgent et n\u00e9cessaire mais sera extr\u00eamement positif aussi s\u2019il est global, int\u00e9gr\u00e9 et inclusif. En terme d\u2019investissements, de d\u00e9veloppement de nouveau secteurs \u00e9conomiques, vecteur d\u2019emplois et de nouvelles connaissances (know-how). En plus d\u2019\u00eatre imp\u00e9ratif pour ne pas laisser une plan\u00e8te invivable \u00e0 nos enfants. Le politique mesure-t-il l\u2019ampleur de sa responsabilit\u00e9\u00a0?<\/p>\n<\/div>\n<\/div>\n","protected":false},"excerpt":{"rendered":"<p>Les discussions publiques autour de la sortie du nucl\u00e9aire semblent sans fin. Les choses sont pourtant assez simples.\u00a0 Les choix politiques sont pourtant urgents et les solutions bien pr\u00e9sentes. Nous vous pr\u00e9sentons nos principaux arguments.<\/p>\n","protected":false},"author":49,"featured_media":2618,"comment_status":"closed","ping_status":"closed","sticky":false,"template":"","format":"standard","meta":{"ep_exclude_from_search":false,"p4_og_title":"","p4_og_description":"","p4_og_image":"","p4_og_image_id":"","p4_seo_canonical_url":"","p4_campaign_name":"","p4_local_project":"","p4_basket_name":"","p4_department":"","footnotes":""},"categories":[106],"tags":[70,86],"p4-page-type":[116],"class_list":["post-613","post","type-post","status-publish","format-standard","has-post-thumbnail","hentry","category-il-est-encore-temps","tag-energie","tag-climat","p4-page-type-actualites-blog"],"_links":{"self":[{"href":"https:\/\/www.greenpeace.org\/belgium\/fr\/wp-json\/wp\/v2\/posts\/613","targetHints":{"allow":["GET"]}}],"collection":[{"href":"https:\/\/www.greenpeace.org\/belgium\/fr\/wp-json\/wp\/v2\/posts"}],"about":[{"href":"https:\/\/www.greenpeace.org\/belgium\/fr\/wp-json\/wp\/v2\/types\/post"}],"author":[{"embeddable":true,"href":"https:\/\/www.greenpeace.org\/belgium\/fr\/wp-json\/wp\/v2\/users\/49"}],"replies":[{"embeddable":true,"href":"https:\/\/www.greenpeace.org\/belgium\/fr\/wp-json\/wp\/v2\/comments?post=613"}],"version-history":[{"count":2,"href":"https:\/\/www.greenpeace.org\/belgium\/fr\/wp-json\/wp\/v2\/posts\/613\/revisions"}],"predecessor-version":[{"id":2620,"href":"https:\/\/www.greenpeace.org\/belgium\/fr\/wp-json\/wp\/v2\/posts\/613\/revisions\/2620"}],"wp:featuredmedia":[{"embeddable":true,"href":"https:\/\/www.greenpeace.org\/belgium\/fr\/wp-json\/wp\/v2\/media\/2618"}],"wp:attachment":[{"href":"https:\/\/www.greenpeace.org\/belgium\/fr\/wp-json\/wp\/v2\/media?parent=613"}],"wp:term":[{"taxonomy":"category","embeddable":true,"href":"https:\/\/www.greenpeace.org\/belgium\/fr\/wp-json\/wp\/v2\/categories?post=613"},{"taxonomy":"post_tag","embeddable":true,"href":"https:\/\/www.greenpeace.org\/belgium\/fr\/wp-json\/wp\/v2\/tags?post=613"},{"taxonomy":"p4-page-type","embeddable":true,"href":"https:\/\/www.greenpeace.org\/belgium\/fr\/wp-json\/wp\/v2\/p4-page-type?post=613"}],"curies":[{"name":"wp","href":"https:\/\/api.w.org\/{rel}","templated":true}]}}