{"id":61424,"date":"2025-11-05T18:14:33","date_gmt":"2025-11-05T17:14:33","guid":{"rendered":"https:\/\/www.greenpeace.org\/belgium\/?p=61424"},"modified":"2025-11-05T18:16:35","modified_gmt":"2025-11-05T17:16:35","slug":"que-va-til-se-jouer-au-sommet-mondial-du-climat-au-bresil","status":"publish","type":"post","link":"https:\/\/www.greenpeace.org\/belgium\/fr\/actualites-blog\/61424\/que-va-til-se-jouer-au-sommet-mondial-du-climat-au-bresil\/","title":{"rendered":"Que va-t\u2019il se jouer au sommet mondial du climat au Br\u00e9sil ?"},"content":{"rendered":"\n<p><strong><strong><strong>Une nouvelle \u2018COP climat\u2019 se d\u00e9roule du 10 au 21 novembre aux portes de l\u2019Amazonie, \u00e0 Bel\u00e9m, au Br\u00e9sil. Quels sont les enjeux de ce 30\u00e8me sommet mondial du climat ? Qu\u2019y fait exactement Greenpeace ? On vous explique.<\/strong><\/strong><\/strong><\/p>\n\n<p>Apr\u00e8s une&nbsp;<a href=\"https:\/\/www.greenpeace.org\/belgium\/fr\/blog\/58591\/que-va-til-se-jouer-au-sommet-mondial-du-climat-a-bakou\/\">COP 29<\/a>&nbsp;principalement d\u00e9di\u00e9e au \u2018financement climat\u2019, qui avait abouti \u00e0 un&nbsp;<a href=\"https:\/\/www.greenpeace.org\/belgium\/fr\/communique-de-presse\/58694\/cop29-un-nouvel-objectif-de-financement-climat-douloureusement-insuffisant\/\">tr\u00e8s d\u00e9cevant engagement financier<\/a>&nbsp;des pays riches envers les pays du Sud pour faire face \u00e0 la crise climatique, les n\u00e9gociateurs du monde entier sont de retour pour une nouvelle COP climat.<\/p>\n\n<p>Greenpeace y est aussi pr\u00e9sente avec une d\u00e9l\u00e9gation internationale. Nous sommes sur place pour faire entendre la voix de celles et ceux qui se battent pour la justice climatique et environnementale. Greenpeace assiste aux n\u00e9gociations et est \u00e9galement active aux c\u00f4t\u00e9s de la soci\u00e9t\u00e9 civile,&nbsp; lors de mobilisations et d\u2019actions en marge du sommet. Le&nbsp;<strong>Rainbow Warrior<\/strong>, le bateau mythique de Greenpeace a d\u2019ailleurs navigu\u00e9 jusqu\u2019\u00e0 Belem.&nbsp;<\/p>\n\n<figure class=\"wp-block-image size-large\"><img loading=\"lazy\" decoding=\"async\" width=\"1024\" height=\"683\" src=\"https:\/\/www.greenpeace.org\/static\/planet4-belgium-stateless\/2025\/11\/e430327d-gp1swd7q_pressmedia-2500px-1024x683.jpg\" alt=\"\" class=\"wp-image-61427\" srcset=\"https:\/\/www.greenpeace.org\/static\/planet4-belgium-stateless\/2025\/11\/e430327d-gp1swd7q_pressmedia-2500px-1024x683.jpg 1024w, https:\/\/www.greenpeace.org\/static\/planet4-belgium-stateless\/2025\/11\/e430327d-gp1swd7q_pressmedia-2500px-300x200.jpg 300w, https:\/\/www.greenpeace.org\/static\/planet4-belgium-stateless\/2025\/11\/e430327d-gp1swd7q_pressmedia-2500px-768x512.jpg 768w, https:\/\/www.greenpeace.org\/static\/planet4-belgium-stateless\/2025\/11\/e430327d-gp1swd7q_pressmedia-2500px-1536x1024.jpg 1536w, https:\/\/www.greenpeace.org\/static\/planet4-belgium-stateless\/2025\/11\/e430327d-gp1swd7q_pressmedia-2500px-2048x1366.jpg 2048w, https:\/\/www.greenpeace.org\/static\/planet4-belgium-stateless\/2025\/11\/e430327d-gp1swd7q_pressmedia-2500px-510x340.jpg 510w\" sizes=\"auto, (max-width: 1024px) 100vw, 1024px\" \/><figcaption class=\"wp-element-caption\">2021 : le Rainbow Warrior se rend \u00e0 la COP26 avec une banderole \u00ab Stop Failing Us \u00bb (Arr\u00eatez de nous d\u00e9cevoir) \u00a9 Kristian Buus \/ Greenpeace<\/figcaption><\/figure>\n\n<div class=\"wp-block-buttons is-layout-flex wp-block-buttons-is-layout-flex\">\n<div class=\"wp-block-button\"><a class=\"wp-block-button__link wp-element-button\" href=\"https:\/\/act.greenpeace.org\/page\/160071\/data\/1?locale=fr-BE&amp;_gl=1*1cxkf7*_up*MQ..*_ga*NTMxMTE1NTg4LjE3NjIzNjIzNzg.*_ga_DL3VF3VVNE*czE3NjIzNjIzNzckbzEkZzAkdDE3NjIzNjIzNzckajYwJGwwJGgw\">Comprendre les COP climat gr\u00e2ce \u00e0 notre brochure<\/a><\/div>\n<\/div>\n\n<h2 class=\"wp-block-heading\"><strong>Les pays doivent pr\u00e9senter leurs objectifs pour 2035<\/strong><\/h2>\n\n<p>La COP de Belem, ou COP 30, a lieu exactement 10 ans apr\u00e8s les Accords de Paris. Les pays signataires ont alors promis de tout faire pour limiter le r\u00e9chauffement climatique terrestre en de\u00e7\u00e0 d\u20191,5\u00b0c. Pour atteindre cet objectif, ils s\u2019engageaient \u00e9galement \u00e0 fournir un plan d\u2019action national (ou NDC :&nbsp;&nbsp;<em>nationally determined contribution<\/em>) tous les 5 ans, avec des ambitions pour les 10 ann\u00e9es \u00e0 venir. La COP de cette ann\u00e9e est donc la date butoir pour tous les pays pour rendre leur plan d\u2019ambition \u00e0 l\u2019horizon 2035. Ces plans doivent d\u00e9tailler les actions prises pour diminuer les \u00e9missions de gaz \u00e0 effet de serre, s\u2019adapter au d\u00e9r\u00e8glement climatique, et contribuer \u2013 dans le cas des pays riches \u2013 aux efforts d\u2019adaptation des pays du Sud.&nbsp;<\/p>\n\n<p>A ce stade,&nbsp;<a href=\"https:\/\/www.climatewatchdata.org\/ndc-tracker\">seuls 64 pays&nbsp;<\/a>ont d\u00e9j\u00e0 fourni leurs plans. Au total, cela repr\u00e9sente \u00e0 peine 31% des \u00e9missions mondiales. Il manque encore 132 plans, dont celui de l\u2019Union Europ\u00e9enne (qui compte comme une seule \u201cpartie\u201d lors des COP). L\u2019UE est actuellement en proie \u00e0 un blocage li\u00e9 aux d\u00e9saccords internes&nbsp;<a href=\"https:\/\/www.greenpeace.org\/eu-unit\/issues\/climate-energy\/47626\/eu-climate-target-dodgy-accounting-and-offshore-carbon-laundering\/\">sur les objectifs 2040<\/a>\u2026&nbsp; Un pi\u00e8tre et inacceptable exemple envoy\u00e9 au monde entier.&nbsp;<\/p>\n\n<figure class=\"wp-block-image size-large\"><img loading=\"lazy\" decoding=\"async\" width=\"1024\" height=\"732\" src=\"https:\/\/www.greenpeace.org\/static\/planet4-belgium-stateless\/2025\/11\/67b7dcab-gp0su5udf_pressmedia-2500px-1024x732.jpg\" alt=\"\" class=\"wp-image-61429\" srcset=\"https:\/\/www.greenpeace.org\/static\/planet4-belgium-stateless\/2025\/11\/67b7dcab-gp0su5udf_pressmedia-2500px-1024x732.jpg 1024w, https:\/\/www.greenpeace.org\/static\/planet4-belgium-stateless\/2025\/11\/67b7dcab-gp0su5udf_pressmedia-2500px-300x214.jpg 300w, https:\/\/www.greenpeace.org\/static\/planet4-belgium-stateless\/2025\/11\/67b7dcab-gp0su5udf_pressmedia-2500px-768x549.jpg 768w, https:\/\/www.greenpeace.org\/static\/planet4-belgium-stateless\/2025\/11\/67b7dcab-gp0su5udf_pressmedia-2500px-1536x1097.jpg 1536w, https:\/\/www.greenpeace.org\/static\/planet4-belgium-stateless\/2025\/11\/67b7dcab-gp0su5udf_pressmedia-2500px-2048x1463.jpg 2048w, https:\/\/www.greenpeace.org\/static\/planet4-belgium-stateless\/2025\/11\/67b7dcab-gp0su5udf_pressmedia-2500px-1912x1366.jpg 1912w, https:\/\/www.greenpeace.org\/static\/planet4-belgium-stateless\/2025\/11\/67b7dcab-gp0su5udf_pressmedia-2500px-476x340.jpg 476w\" sizes=\"auto, (max-width: 1024px) 100vw, 1024px\" \/><figcaption class=\"wp-element-caption\">Greenpeace adresse un message aux d\u00e9l\u00e9gu\u00e9s nationaux lors de la premi\u00e8re journ\u00e9e de la conf\u00e9rence sur le climat en juin 2025 \u00e0 Bonn.\u00a9 Marie Jacquemin \/ Greenpeace<\/figcaption><\/figure>\n\n<p>Lors de la COP, les plans nationaux font l\u2019objet d\u2019une analyse, pour juger leur alignement sur la trajectoire pr\u00e9vue par les Accords de Paris. Tout laisse \u00e0 penser qu\u2019un \u00e9cart cons\u00e9quent sera divulgu\u00e9 entre les ambitions nationales et la trajectoire globale n\u00e9cessaire pour contenir le r\u00e9chauffement climatique terrestre en dessous de 1,5\u00b0C, en sachant qu\u2019 un d\u00e9passement \u00e0 tout le moins temporaire est presque in\u00e9vitable. Inacceptable pour Greenpeace, qui exige que les trajectoires soient corrig\u00e9es au plus vite, et que chaque pays \u2013 en particulier les riches pollueurs historiques \u2013 fixent un agenda de sortie claire et concret de sortie des \u00e9nergies fossiles qui permettent une r\u00e9duction drastique et rapide de leurs \u00e9missions de gaz \u00e0 effet de serre dans la prochaine d\u00e9cennie.<\/p>\n\n<h2 class=\"wp-block-heading\"><strong><strong>L\u2019Amazonie au centre des regards<\/strong><\/strong><\/h2>\n\n<p>Cette ann\u00e9e la COP se d\u00e9roule \u00e0 la lisi\u00e8re de l\u2019Amazonie. Durant les n\u00e9gociations, tous les regards sont donc tourn\u00e9s vers cette for\u00eat, essentielle \u00e0 l\u2019\u00e9quilibre climatique et \u00e0 la biodiversit\u00e9 mondiale. La for\u00eat amazonienne repr\u00e9sente \u00e0 elle seule&nbsp;<a href=\"https:\/\/ipam.org.br\/cartilhas-ipam\/a-importancia-das-florestas-em-pe\/\">plus d\u2019un tiers des for\u00eats tropicales de la plan\u00e8te<\/a>,&nbsp;<a href=\"https:\/\/eng-other-pub.sp-amazon.org\/241017%20Statement%20on%20Biodiversity_Digital%20(English).pdf\">abrite 10% des esp\u00e8ces connues<\/a>, contient&nbsp;<a href=\"https:\/\/www.jpl.nasa.gov\/images\/pia26119-global-accounting-of-earths-river-storage-and-flow\/\">38% de l\u2019eau douce<\/a>&nbsp;disponible sur terre&nbsp; et stocke des&nbsp;<a href=\"https:\/\/site-antigo.socioambiental.org\/pt-br\/noticias-socioambientais\/novo-estudo-faz-balanco-geral-do-estoque-de-carbono-na-amazonia\">milliards de tonnes de carbone<\/a>, ce qui en fait un alli\u00e9 indispensable dans la lutte contre le d\u00e9r\u00e8glement climatique.<\/p>\n\n<figure class=\"wp-block-image size-large\"><img loading=\"lazy\" decoding=\"async\" width=\"1024\" height=\"683\" src=\"https:\/\/www.greenpeace.org\/static\/planet4-belgium-stateless\/2025\/11\/0d95724f-gp0su6o28_pressmedia-2500px-1024x683.jpg\" alt=\"\" class=\"wp-image-61431\" srcset=\"https:\/\/www.greenpeace.org\/static\/planet4-belgium-stateless\/2025\/11\/0d95724f-gp0su6o28_pressmedia-2500px-1024x683.jpg 1024w, https:\/\/www.greenpeace.org\/static\/planet4-belgium-stateless\/2025\/11\/0d95724f-gp0su6o28_pressmedia-2500px-300x200.jpg 300w, https:\/\/www.greenpeace.org\/static\/planet4-belgium-stateless\/2025\/11\/0d95724f-gp0su6o28_pressmedia-2500px-768x512.jpg 768w, https:\/\/www.greenpeace.org\/static\/planet4-belgium-stateless\/2025\/11\/0d95724f-gp0su6o28_pressmedia-2500px-1536x1024.jpg 1536w, https:\/\/www.greenpeace.org\/static\/planet4-belgium-stateless\/2025\/11\/0d95724f-gp0su6o28_pressmedia-2500px-2048x1366.jpg 2048w, https:\/\/www.greenpeace.org\/static\/planet4-belgium-stateless\/2025\/11\/0d95724f-gp0su6o28_pressmedia-2500px-510x340.jpg 510w\" sizes=\"auto, (max-width: 1024px) 100vw, 1024px\" \/><figcaption class=\"wp-element-caption\">Greenpeace Br\u00e9sil a men\u00e9 une \u00e9tude a\u00e9rienne dans la r\u00e9gion amazonienne afin de surveiller la d\u00e9forestation et les incendies de for\u00eat. \u00a9 Marizilda Cruppe \/ Greenpeace<\/figcaption><\/figure>\n\n<p>A l\u2019instar des autres for\u00eats tropicales de la plan\u00e8te, l\u2019Amazonie est aujourd\u2019hui largement menac\u00e9e et sous pression. On estime&nbsp;<a href=\"https:\/\/www.science.org\/doi\/10.1126\/science.abp8622\">que 17% de la for\u00eat amazonienne a d\u00e9j\u00e0 disparu<\/a>. En 2024, les feux de for\u00eats ont \u00e9t\u00e9 la cause principale de perte de for\u00eat tropicale primaire au Br\u00e9sil. Acc\u00e9l\u00e9r\u00e9s par les vagues de chaleur et les s\u00e9cheresses, ces feux sont surtout d\u2019origine humaine, intentionnellement provoqu\u00e9s par l\u2019agro-d\u2019industrie pour pour \u00e9tendre son d\u00e9veloppement.&nbsp;<\/p>\n\n<p>La COP est donc l\u2019occasion de remettre \u00e0 l\u2019avant-plan les engagements mondiaux en faveur de la protection des for\u00eats tropicales. Pour Greenpeace, le sommet doit aboutir \u00e0 des engagements concrets, assortis de financements et de r\u00e8gles claires pour stopper la d\u00e9forestation et la d\u00e9gradation des for\u00eats. Cela passera par la mise en place d\u2019un plan d\u2019action international qui ent\u00e9rine le r\u00f4le et les droits des peuples autochtones et des communaut\u00e9s locales, qui d\u00e9pendent des for\u00eats pour leur survie et en sont les premiers protecteurs. Ces communaut\u00e9s doivent avoir un acc\u00e8s direct aux financements destin\u00e9s \u00e0 prot\u00e9ger la for\u00eat.<\/p>\n\n<h2 class=\"wp-block-heading\"><strong>Faire payer les pollueurs, un m\u00e9canisme indispensable \u00e0 la justice climatique<\/strong><\/h2>\n\n<p>La derni\u00e8re COP, qui s\u2019est d\u00e9roul\u00e9e \u00e0 Bakou, avait accouch\u00e9 d\u2019un nouvel objectif de \u2018financement climat\u2019 de 300 milliards de dollars \u00e0 destination des pays du Sud. Ce montant, en total d\u00e9calage avec l\u2019objectif financier n\u00e9cessaire, mesur\u00e9 \u00e0 au moins 1300 milliards de dollars, a \u00e9t\u00e9 v\u00e9cu comme une v\u00e9ritable insulte par les pays du Sud. Pour Greenpeace, ce financement climat doit absolument \u00eatre remis sur la table d\u00e8s cette ann\u00e9e. Outre le montant qui doit \u00eatre revu \u00e0 la hausse, le type de financement doit \u00e9galement \u00eatre revu. Contrairement \u00e0 sa formule actuelle, largement ouverte aux financements priv\u00e9s et aux m\u00e9canismes de pr\u00eat, le financement climat doit reposer sur de l\u2019argent public. Et cet argent doit \u00eatre notamment obtenu en vertu du principe de pollueur-payeur, via des m\u00e9canismes fiscaux qui mettent directement la main aux portefeuille des responsables de la crise climatique, \u00e0 commencer par l\u2019industrie des \u00e9nergies fossiles !<\/p>\n\n<figure class=\"wp-block-image size-large\"><img loading=\"lazy\" decoding=\"async\" width=\"1024\" height=\"768\" src=\"https:\/\/www.greenpeace.org\/static\/planet4-belgium-stateless\/2025\/11\/fce0e58e-gp0su538m_pressmedia-2500px-1024x768.jpg\" alt=\"\" class=\"wp-image-61433\" srcset=\"https:\/\/www.greenpeace.org\/static\/planet4-belgium-stateless\/2025\/11\/fce0e58e-gp0su538m_pressmedia-2500px-1024x768.jpg 1024w, https:\/\/www.greenpeace.org\/static\/planet4-belgium-stateless\/2025\/11\/fce0e58e-gp0su538m_pressmedia-2500px-300x225.jpg 300w, https:\/\/www.greenpeace.org\/static\/planet4-belgium-stateless\/2025\/11\/fce0e58e-gp0su538m_pressmedia-2500px-768x576.jpg 768w, https:\/\/www.greenpeace.org\/static\/planet4-belgium-stateless\/2025\/11\/fce0e58e-gp0su538m_pressmedia-2500px-1536x1152.jpg 1536w, https:\/\/www.greenpeace.org\/static\/planet4-belgium-stateless\/2025\/11\/fce0e58e-gp0su538m_pressmedia-2500px-2048x1536.jpg 2048w, https:\/\/www.greenpeace.org\/static\/planet4-belgium-stateless\/2025\/11\/fce0e58e-gp0su538m_pressmedia-2500px-1821x1366.jpg 1821w, https:\/\/www.greenpeace.org\/static\/planet4-belgium-stateless\/2025\/11\/fce0e58e-gp0su538m_pressmedia-2500px-453x340.jpg 453w\" sizes=\"auto, (max-width: 1024px) 100vw, 1024px\" \/><figcaption class=\"wp-element-caption\">Projection de Greenpeace \u00e0 Houston pendant la CERAWeek, le \u00ab Super Bowl \u00bb de l\u2019industrie des \u00e9nergies fossiles. \u00a9 Ollie Harrop \/ Greenpeace<\/figcaption><\/figure>\n\n<div class=\"wp-block-buttons is-layout-flex wp-block-buttons-is-layout-flex\">\n<div class=\"wp-block-button\"><a class=\"wp-block-button__link wp-element-button\" href=\"https:\/\/act.greenpeace.org\/page\/160071\/data\/1?locale=fr-BE&amp;_gl=1*gi7ahl*_up*MQ..*_ga*NTMxMTE1NTg4LjE3NjIzNjIzNzg.*_ga_DL3VF3VVNE*czE3NjIzNjIzNzckbzEkZzAkdDE3NjIzNjIzNzckajYwJGwwJGgw\">Comprendre les COP climat gr\u00e2ce \u00e0 notre brochure<\/a><\/div>\n<\/div>\n\n<figure class=\"wp-block-image\"><img alt=\"\"\/><\/figure>\n\n<h2 class=\"wp-block-heading\">Intertitre<\/h2>\n\n<p>Texte<\/p>\n\n<div class=\"wp-block-buttons is-layout-flex wp-block-buttons-is-layout-flex\"><\/div>\n\n<span class=\"shareSocialArea\">\n<a class=\"shareFacebook\" href=\"https:\/\/www.facebook.com\/sharer\/sharer.php?u=https%3A%2F%2Fwww.greenpeace.org%2Fbelgium%2Ffr%2Fblog%2F61424%2Fque-va-til-se-jouer-au-sommet-mondial-du-climat-au-bresil%2F%3Futm_medium%3Dshare%26utm_content%3Dpostid-61424%26utm_source%3Dfacebook\" target=\"_blank\" rel=\"noopener noreferrer\">Je partage sur Facebook<\/a>\n<a class=\"shareTwitter\" href=\"https:\/\/x.com\/intent\/post?related=&#038;text=Que%20va-t%E2%80%99il%20se%20jouer%20au%20sommet%20mondial%20du%20climat%20au%20Br%C3%A9sil%20%3F%20-%20Une%20nouvelle%20%E2%80%98COP%20climat%E2%80%99%20se%20d%C3%A9roule%20du%2010%20au%2021%20novembre%20aux%20portes%20de%20l%E2%80%99Amazonie%2C%20%C3%A0%20Bel%C3%A9m%2C%20au%20Br%C3%A9sil.%20Quels%20sont%20les%20enjeux%20de%20ce%2030%C3%A8me%20sommet%20mondial%20du%20climat%20%3F%20Qu%E2%80%99y%20fait%20exactement%20Greenpeace%20%3F%20On%20vous%20explique.&#038;url=https%3A%2F%2Fwww.greenpeace.org%2Fbelgium%2Ffr%2Fblog%2F61424%2Fque-va-til-se-jouer-au-sommet-mondial-du-climat-au-bresil%2F%3Futm_medium%3Dshare%26utm_content%3Dpostid-61424%26utm_source%3Dtwitter\" target=\"_blank\" rel=\"noopener noreferrer\">Je partage sur Twitter<\/a>\n<a class=\"shareWhatsapp\" href=\"https:\/\/wa.me\/?text=Une%20nouvelle%20%E2%80%98COP%20climat%E2%80%99%20se%20d%C3%A9roule%20du%2010%20au%2021%20novembre%20aux%20portes%20de%20l%E2%80%99Amazonie%2C%20%C3%A0%20Bel%C3%A9m%2C%20au%20Br%C3%A9sil.%20Quels%20sont%20les%20enjeux%20de%20ce%2030%C3%A8me%20sommet%20mondial%20du%20climat%20%3F%20Qu%E2%80%99y%20fait%20exactement%20Greenpeace%20%3F%20On%20vous%20explique.%20https%3A%2F%2Fwww.greenpeace.org%2Fbelgium%2Ffr%2Fblog%2F61424%2Fque-va-til-se-jouer-au-sommet-mondial-du-climat-au-bresil%2F%3Futm_medium%3Dshare%26utm_content%3Dpostid-61424%26utm_source%3Dwhatsapp\" target=\"_blank\" rel=\"noopener noreferrer\">Je partage sur Whatsapp<\/a>\n<\/span>\n","protected":false},"excerpt":{"rendered":"<p>Une nouvelle \u2018COP climat\u2019 se d\u00e9roule du 10 au 21 novembre aux portes de l\u2019Amazonie, \u00e0 Bel\u00e9m, au Br\u00e9sil. Quels sont les enjeux de ce 30\u00e8me sommet mondial du climat ? Qu\u2019y fait exactement Greenpeace ? On vous explique.<\/p>\n","protected":false},"author":105,"featured_media":61435,"comment_status":"closed","ping_status":"closed","sticky":false,"template":"","format":"standard","meta":{"ep_exclude_from_search":false,"p4_og_title":"Que va-t\u2019il se jouer au sommet mondial du climat au Br\u00e9sil ?","p4_og_description":"Une nouvelle \u2018COP climat\u2019 se d\u00e9roule du 10 au 21 novembre aux portes de l\u2019Amazonie, \u00e0 Bel\u00e9m, au Br\u00e9sil. Quels sont les enjeux de ce 30\u00e8me sommet mondial du climat ? Qu\u2019y fait exactement Greenpeace ? On vous explique.","p4_og_image":"","p4_og_image_id":"","p4_seo_canonical_url":"","p4_campaign_name":"not set","p4_local_project":"not set","p4_basket_name":"not set","p4_department":"","footnotes":""},"categories":[150,171,168,169,175],"tags":[],"p4-page-type":[116],"class_list":["post-61424","post","type-post","status-publish","format-standard","has-post-thumbnail","hentry","category-actualites","category-biodiversite","category-campagnes","category-climat","category-forets","p4-page-type-actualites-blog"],"_links":{"self":[{"href":"https:\/\/www.greenpeace.org\/belgium\/fr\/wp-json\/wp\/v2\/posts\/61424","targetHints":{"allow":["GET"]}}],"collection":[{"href":"https:\/\/www.greenpeace.org\/belgium\/fr\/wp-json\/wp\/v2\/posts"}],"about":[{"href":"https:\/\/www.greenpeace.org\/belgium\/fr\/wp-json\/wp\/v2\/types\/post"}],"author":[{"embeddable":true,"href":"https:\/\/www.greenpeace.org\/belgium\/fr\/wp-json\/wp\/v2\/users\/105"}],"replies":[{"embeddable":true,"href":"https:\/\/www.greenpeace.org\/belgium\/fr\/wp-json\/wp\/v2\/comments?post=61424"}],"version-history":[{"count":3,"href":"https:\/\/www.greenpeace.org\/belgium\/fr\/wp-json\/wp\/v2\/posts\/61424\/revisions"}],"predecessor-version":[{"id":61440,"href":"https:\/\/www.greenpeace.org\/belgium\/fr\/wp-json\/wp\/v2\/posts\/61424\/revisions\/61440"}],"wp:featuredmedia":[{"embeddable":true,"href":"https:\/\/www.greenpeace.org\/belgium\/fr\/wp-json\/wp\/v2\/media\/61435"}],"wp:attachment":[{"href":"https:\/\/www.greenpeace.org\/belgium\/fr\/wp-json\/wp\/v2\/media?parent=61424"}],"wp:term":[{"taxonomy":"category","embeddable":true,"href":"https:\/\/www.greenpeace.org\/belgium\/fr\/wp-json\/wp\/v2\/categories?post=61424"},{"taxonomy":"post_tag","embeddable":true,"href":"https:\/\/www.greenpeace.org\/belgium\/fr\/wp-json\/wp\/v2\/tags?post=61424"},{"taxonomy":"p4-page-type","embeddable":true,"href":"https:\/\/www.greenpeace.org\/belgium\/fr\/wp-json\/wp\/v2\/p4-page-type?post=61424"}],"curies":[{"name":"wp","href":"https:\/\/api.w.org\/{rel}","templated":true}]}}