{"id":61648,"date":"2025-12-23T11:17:20","date_gmt":"2025-12-23T10:17:20","guid":{"rendered":"https:\/\/www.greenpeace.org\/belgium\/?p=61648"},"modified":"2026-01-05T15:04:50","modified_gmt":"2026-01-05T14:04:50","slug":"double-victoire-pas-dexploitation-miniere-en-eaux-profondes-en-norvege-ni-dans-les-iles-cook","status":"publish","type":"post","link":"https:\/\/www.greenpeace.org\/belgium\/fr\/actualites-blog\/61648\/double-victoire-pas-dexploitation-miniere-en-eaux-profondes-en-norvege-ni-dans-les-iles-cook\/","title":{"rendered":"Double victoire\u00a0: pas d\u2019exploitation mini\u00e8re en eaux profondes en Norv\u00e8ge ni dans les \u00eeles Cook\u00a0!\u00a0"},"content":{"rendered":"\n<p><strong><strong><strong><strong>L\u2019ann\u00e9e\u00a02026 marquera-t-elle la fin d\u00e9finitive des projets d\u2019exploitation mini\u00e8re en eaux profondes\u00a0? Nous n\u2019avons pas de boule de cristal, mais les quelques victoires engrang\u00e9es fin\u00a02025 nous permettent d\u2019esp\u00e9rer que nous parviendrons \u00e0 \u00e9touffer cette industrie dans l\u2019\u0153uf\u00a0! La Norv\u00e8ge et les \u00eeles Cook ont annonc\u00e9 une pause de longue dur\u00e9e dans l\u2019exploitation mini\u00e8re en eaux profondes. Dans ce blog, nous revenons sur la port\u00e9e capitale de ces victoires pour la protection des oc\u00e9ans.<\/strong><\/strong><\/strong><\/strong><\/p>\n\n<p>L\u2019exploitation mini\u00e8re en eaux profondes est une nouvelle industrie qui vise \u00e0 extraire des m\u00e9taux tels que le cobalt et le nickel du fond de l\u2019oc\u00e9an, \u00e0 des kilom\u00e8tres de profondeur. Cette activit\u00e9 comporte de nombreux risques (\u00e0 ce sujet, lire ce <a href=\"https:\/\/www.greenpeace.org\/belgium\/fr\/actualites-blog\/59112\/lexploitation-miniere-en-eaux-profondes-ne-fera-quaggraver-les-problemes-de-notre-planete-5-raisons-pour-le-comprendre\/\">billet<\/a>). Une <a href=\"https:\/\/www.vrt.be\/vrtnws\/nl\/2025\/12\/08\/studie-over-impact-diepzeemijnbouw-een-derde-van-het-leven-in-de\/\">nouvelle \u00e9tude<\/a>, l\u2019une des plus importantes r\u00e9alis\u00e9e \u00e0 ce jour, montre que les machines utilis\u00e9es d\u00e9truisent plus d\u2019un tiers de la vie marine. Or, les grands fonds marins sont source de vie et de protection, par leurs nombreuses esp\u00e8ces \u00e9tranges et leur capacit\u00e9 de stockage du carbone. C\u2019est pourquoi plus de 900&nbsp;scientifiques, 40&nbsp;pays et de nombreuses entreprises demandent un moratoire sur l\u2019exploitation mini\u00e8re en eaux profondes.<\/p>\n\n<h2 class=\"wp-block-heading\">La <strong><strong>Norv\u00e8ge<\/strong><\/strong><\/h2>\n\n<p>En Norv\u00e8ge, les responsables politiques ont compris que les risques \u00e9taient trop importants. Ces derni\u00e8res ann\u00e9es, la faisabilit\u00e9 de l\u2019extraction de m\u00e9taux dans l\u2019Arctique a \u00e9t\u00e9 \u00e9tudi\u00e9e. Ces projets sont d\u00e9sormais gel\u00e9s au moins jusqu\u2019\u00e0 la fin de l\u2019ann\u00e9e&nbsp;2029. Cet accord r\u00e9sulte des n\u00e9gociations budg\u00e9taires du nouveau gouvernement norv\u00e9gien et met fin \u00e0 toutes les activit\u00e9s d\u2019exploration (recherche et prospection) et d\u2019exploitation (extraction mini\u00e8re et production) des m\u00e9taux dans les eaux profondes.&nbsp;<\/p>\n\n<p>La Norv\u00e8ge va \u00e9galement suspendre tous les financements publics allou\u00e9s \u00e0 la recherche gouvernementale sur les min\u00e9raux. Il s\u2019agit d\u2019un changement de cap important. La Norv\u00e8ge \u00e9tait l\u2019un des plus grands promoteurs de l\u2019exploitation mini\u00e8re en eaux profondes. Aujourd\u2019hui, elle a d\u00e9cid\u00e9 de mettre un terme \u00e0 toutes ses activit\u00e9s dans ce domaine. L\u2019industrie elle-m\u00eame a confirm\u00e9 que cette d\u00e9cision sonnait le glas de l\u2019exploitation mini\u00e8re en eaux profondes en Norv\u00e8ge. Il s\u2019agit sans conteste d\u2019une \u00e9tape importante pour la protection des oc\u00e9ans&nbsp;!<\/p>\n\n<h2 class=\"wp-block-heading\">Les <strong><strong>\u00eeles Cook<\/strong><\/strong><\/h2>\n\n<p>Les \u00eeles Cook ont \u00e9galement d\u00e9cid\u00e9 postposer l\u2019exploitation mini\u00e8re en eaux profondes dans les eaux nationales <a href=\"https:\/\/www.greenpeace.org\/aotearoa\/story\/cook-islands-seabed-mining-decision-delayed-following-local-opposition\/\">jusqu\u2019en 2032 au moins<\/a>. Bien que certaines entreprises aient d\u00e9j\u00e0 obtenu des permis de prospection, elles ne pourront pas entamer l\u2019exploitation commerciale des gisements dans un avenir proche. Pour ce faire, elles devront d\u2019abord obtenir une extension de leur permis.<\/p>\n\n<p>Cette d\u00e9cision intervient peu de temps apr\u00e8s <a href=\"https:\/\/www.greenpeace.org\/aotearoa\/press-release\/pacific-activists-protest-deep-sea-mining-as-u-s-exploration-vessel-enters-port\/\">une action men\u00e9e par des militants locaux<\/a> qui ont manifest\u00e9 en kayak \u00e0 proximit\u00e9 d\u2019un navire d\u2019exploitation mini\u00e8re en eaux profondes, avec le soutien de Greenpeace. Sous le slogan \u00ab&nbsp;Don&rsquo;t mine the Moana&nbsp;\u00bb, ils ont d\u00e9nonc\u00e9 le n\u00e9ocolonialisme maritime. Pour les communaut\u00e9s indig\u00e8nes du Pacifique, l\u2019oc\u00e9an n\u2019est pas seulement une source de s\u00e9curit\u00e9 alimentaire. C\u2019est \u00e9galement un \u00e9l\u00e9ment culturel essentiel.&nbsp;<\/p>\n\n<p>Les militants autochtones avertissent que l\u2019exploitation mini\u00e8re en eaux profondes n\u2019apportera pas une prosp\u00e9rit\u00e9 durable aux populations locales, mais profitera principalement aux grandes entreprises et aux puissances mondiales qui veulent piller les eaux profondes \u00e0 des fins lucratives.<\/p>\n\n<figure class=\"wp-block-image size-full\"><img loading=\"lazy\" decoding=\"async\" width=\"800\" height=\"557\" src=\"https:\/\/www.greenpeace.org\/static\/planet4-belgium-stateless\/2025\/12\/1cc21d07-image.png\" alt=\"\" class=\"wp-image-61649\" srcset=\"https:\/\/www.greenpeace.org\/static\/planet4-belgium-stateless\/2025\/12\/1cc21d07-image.png 800w, https:\/\/www.greenpeace.org\/static\/planet4-belgium-stateless\/2025\/12\/1cc21d07-image-300x209.png 300w, https:\/\/www.greenpeace.org\/static\/planet4-belgium-stateless\/2025\/12\/1cc21d07-image-768x535.png 768w, https:\/\/www.greenpeace.org\/static\/planet4-belgium-stateless\/2025\/12\/1cc21d07-image-488x340.png 488w\" sizes=\"auto, (max-width: 800px) 100vw, 800px\" \/><figcaption class=\"wp-element-caption\">\u00a9 Robin Hammond \/ Greenpeace<\/figcaption><\/figure>\n\n<h2 class=\"wp-block-heading\"><strong>Et la Belgique?&nbsp;<\/strong><\/h2>\n\n<p>L\u2019industrie mini\u00e8re en eaux profondes est \u00e9galement sous pression en Belgique. La soci\u00e9t\u00e9 belge DEME a annonc\u00e9 la semaine derni\u00e8re qu\u2019elle vendait sa concession mini\u00e8re dans les eaux nationales des \u00eeles Cook, apr\u00e8s des ann\u00e9es d\u2019investissements vains. Cette vente montre une fois de plus que l\u2019exploitation mini\u00e8re en eaux profondes est un puits sans fond qui pr\u00e9sente des risques \u00e9normes. DEME d\u00e9tient encore une concession pour l\u2019exploitation mini\u00e8re en eaux profondes dans les eaux internationales, qui b\u00e9n\u00e9ficie du soutien officiel de la Belgique. La Belgique est donc en partie responsable du <a href=\"https:\/\/www.greenpeace.org\/belgium\/fr\/actualites-blog\/59655\/a-qui-appartient-locean\/\">n\u00e9ocolonialisme maritime<\/a>.<\/p>\n\n<p>La Belgique tente de s\u2019imposer comme chef de file en mati\u00e8re de protection des oc\u00e9ans et d\u2019accueillir \u00e0 Bruxelles <a href=\"https:\/\/diplomatie.belgium.be\/fr\/actualites\/la-belgique-depose-officiellement-sa-candidature-pour-accueillir-le-secretariat-du-bbnj\">le secr\u00e9tariat du nouveau trait\u00e9 des Nations Unies sur la haute mer<\/a>. Mais sa position sur l\u2019exploitation mini\u00e8re en eaux profondes nuit \u00e0 sa cr\u00e9dibilit\u00e9 comme d\u00e9fenseur des oc\u00e9ans. 40 pays et pr\u00e8s de 1&nbsp;000&nbsp;scientifiques r\u00e9clament d\u2019ores et d\u00e9j\u00e0 un moratoire sur l\u2019exploitation mini\u00e8re en eaux profondes. Il est grand temps que la Belgique se prononce clairement contre cette industrie polluante.&nbsp;<\/p>\n\n<div class=\"wp-block-buttons is-layout-flex wp-block-buttons-is-layout-flex\">\n<div class=\"wp-block-button\"><a class=\"wp-block-button__link wp-element-button\" href=\"https:\/\/act.greenpeace.org\/page\/140383\/petition\/1?locale=fr-BE&amp;_gl=1*yjdrd0*_up*MQ..*_ga*MjA1MTk0NjExNy4xNzY2NDg1NjMy*_ga_DL3VF3VVNE*czE3NjY0ODU2MzEkbzEkZzEkdDE3NjY0ODU2MzUkajU2JGwwJGgxMjgxNDkxMDkz\">Signez la p\u00e9tition et stoppez l\u2019exploitation mini\u00e8re en eaux profondes&nbsp;!<\/a><\/div>\n<\/div>\n\n<span class=\"shareSocialArea\">\n<a class=\"shareFacebook\" href=\"https:\/\/www.facebook.com\/sharer\/sharer.php?u=https%3A%2F%2Fwww.greenpeace.org%2Fbelgium%2Ffr%2F%3Fp%3D61648%3Futm_medium%3Dshare%26utm_content%3Dpostid-61648%26utm_source%3Dfacebook\" target=\"_blank\" rel=\"noopener noreferrer\">Je partage sur Facebook<\/a>\n<a class=\"shareTwitter\" href=\"https:\/\/x.com\/intent\/post?related=&#038;text=Double%20victoire%C2%A0%3A%20pas%20d%E2%80%99exploitation%20mini%C3%A8re%20en%20eaux%20profondes%20en%20Norv%C3%A8ge%20ni%20dans%20les%20%C3%AEles%20Cook%C2%A0%21%C2%A0%20-%20L%E2%80%99ann%C3%A9e%C2%A02026%20marquera-t-elle%20la%20fin%20d%C3%A9finitive%20des%20projets%20d%E2%80%99exploitation%20mini%C3%A8re%20en%20eaux%20profondes%C2%A0%3F%20Nous%20n%E2%80%99avons%20pas%20de%20boule%20de%20cristal%2C%20mais%20les%20quelques%20victoires%20engrang%C3%A9es%20fin%C2%A02025%20nous%20permettent%20d%E2%80%99esp%C3%A9rer%20que%20nous%20parviendrons%20%C3%A0%20%C3%A9touffer%20cette%20industrie%20dans%20l%E2%80%99%C5%93uf%C2%A0%21%20La%20Norv%C3%A8ge%20et%20les%20%C3%AEles%20Cook%20ont%20annonc%C3%A9%20une%20pause%20de%20longue%20dur%C3%A9e%20dans%20l%E2%80%99exploitation%20mini%C3%A8re%20en%20eaux%20profondes.%20Dans%20ce%20billet%2C%20nous%20revenons%20sur%20la%20port%C3%A9e%20capitale%20de%20ces%20victoires%20pour%20la%20protection%20des%20oc%C3%A9ans.&#038;url=https%3A%2F%2Fwww.greenpeace.org%2Fbelgium%2Ffr%2F%3Fp%3D61648%3Futm_medium%3Dshare%26utm_content%3Dpostid-61648%26utm_source%3Dtwitter\" target=\"_blank\" rel=\"noopener noreferrer\">Je partage sur Twitter<\/a>\n<a class=\"shareWhatsapp\" href=\"https:\/\/wa.me\/?text=L%E2%80%99ann%C3%A9e%C2%A02026%20marquera-t-elle%20la%20fin%20d%C3%A9finitive%20des%20projets%20d%E2%80%99exploitation%20mini%C3%A8re%20en%20eaux%20profondes%C2%A0%3F%20Nous%20n%E2%80%99avons%20pas%20de%20boule%20de%20cristal%2C%20mais%20les%20quelques%20victoires%20engrang%C3%A9es%20fin%C2%A02025%20nous%20permettent%20d%E2%80%99esp%C3%A9rer%20que%20nous%20parviendrons%20%C3%A0%20%C3%A9touffer%20cette%20industrie%20dans%20l%E2%80%99%C5%93uf%C2%A0%21%20La%20Norv%C3%A8ge%20et%20les%20%C3%AEles%20Cook%20ont%20annonc%C3%A9%20une%20pause%20de%20longue%20dur%C3%A9e%20dans%20l%E2%80%99exploitation%20mini%C3%A8re%20en%20eaux%20profondes.%20Dans%20ce%20billet%2C%20nous%20revenons%20sur%20la%20port%C3%A9e%20capitale%20de%20ces%20victoires%20pour%20la%20protection%20des%20oc%C3%A9ans.%20https%3A%2F%2Fwww.greenpeace.org%2Fbelgium%2Ffr%2F%3Fp%3D61648%3Futm_medium%3Dshare%26utm_content%3Dpostid-61648%26utm_source%3Dwhatsapp\" target=\"_blank\" rel=\"noopener noreferrer\">Je partage sur Whatsapp<\/a>\n<\/span>\n\n<p><\/p>\n","protected":false},"excerpt":{"rendered":"<p>L\u2019ann\u00e9e\u00a02026 marquera-t-elle la fin d\u00e9finitive des projets d\u2019exploitation mini\u00e8re en eaux profondes\u00a0? Nous n\u2019avons pas de boule de cristal, mais les quelques victoires engrang\u00e9es fin\u00a02025 nous permettent d\u2019esp\u00e9rer que nous parviendrons \u00e0 \u00e9touffer cette industrie dans l\u2019\u0153uf\u00a0! La Norv\u00e8ge et les \u00eeles Cook ont annonc\u00e9 une pause de longue dur\u00e9e dans l\u2019exploitation mini\u00e8re en eaux profondes. Dans ce billet, nous revenons sur la port\u00e9e capitale de ces victoires pour la protection des oc\u00e9ans.<\/p>\n","protected":false},"author":50,"featured_media":61557,"comment_status":"closed","ping_status":"closed","sticky":false,"template":"","format":"standard","meta":{"ep_exclude_from_search":false,"p4_og_title":"Double victoire\u00a0: pas d\u2019exploitation mini\u00e8re en eaux profondes en Norv\u00e8ge ni dans les \u00eeles Cook\u00a0!\u00a0","p4_og_description":"L\u2019ann\u00e9e\u00a02026 marquera-t-elle la fin d\u00e9finitive des projets d\u2019exploitation mini\u00e8re en eaux profondes\u00a0? Nous n\u2019avons pas de boule de cristal, mais les quelques victoires engrang\u00e9es fin\u00a02025 nous permettent d\u2019esp\u00e9rer que nous parviendrons \u00e0 \u00e9touffer cette industrie dans l\u2019\u0153uf\u00a0! La Norv\u00e8ge et les \u00eeles Cook ont annonc\u00e9 une pause de longue dur\u00e9e dans l\u2019exploitation mini\u00e8re en eaux profondes. Dans ce billet, nous revenons sur la port\u00e9e capitale de ces victoires pour la protection des oc\u00e9ans.","p4_og_image":"https:\/\/www.greenpeace.org\/static\/planet4-belgium-stateless\/2025\/12\/6893362b-gp0su2epj_low-res-800px.jpg","p4_og_image_id":"61557","p4_seo_canonical_url":"","p4_campaign_name":"not set","p4_local_project":"not set","p4_basket_name":"not set","p4_department":"","footnotes":""},"categories":[150,171,176],"tags":[82],"p4-page-type":[116],"class_list":["post-61648","post","type-post","status-publish","format-standard","has-post-thumbnail","hentry","category-actualites","category-biodiversite","category-oceans","tag-oceans","p4-page-type-actualites-blog"],"_links":{"self":[{"href":"https:\/\/www.greenpeace.org\/belgium\/fr\/wp-json\/wp\/v2\/posts\/61648","targetHints":{"allow":["GET"]}}],"collection":[{"href":"https:\/\/www.greenpeace.org\/belgium\/fr\/wp-json\/wp\/v2\/posts"}],"about":[{"href":"https:\/\/www.greenpeace.org\/belgium\/fr\/wp-json\/wp\/v2\/types\/post"}],"author":[{"embeddable":true,"href":"https:\/\/www.greenpeace.org\/belgium\/fr\/wp-json\/wp\/v2\/users\/50"}],"replies":[{"embeddable":true,"href":"https:\/\/www.greenpeace.org\/belgium\/fr\/wp-json\/wp\/v2\/comments?post=61648"}],"version-history":[{"count":5,"href":"https:\/\/www.greenpeace.org\/belgium\/fr\/wp-json\/wp\/v2\/posts\/61648\/revisions"}],"predecessor-version":[{"id":61671,"href":"https:\/\/www.greenpeace.org\/belgium\/fr\/wp-json\/wp\/v2\/posts\/61648\/revisions\/61671"}],"wp:featuredmedia":[{"embeddable":true,"href":"https:\/\/www.greenpeace.org\/belgium\/fr\/wp-json\/wp\/v2\/media\/61557"}],"wp:attachment":[{"href":"https:\/\/www.greenpeace.org\/belgium\/fr\/wp-json\/wp\/v2\/media?parent=61648"}],"wp:term":[{"taxonomy":"category","embeddable":true,"href":"https:\/\/www.greenpeace.org\/belgium\/fr\/wp-json\/wp\/v2\/categories?post=61648"},{"taxonomy":"post_tag","embeddable":true,"href":"https:\/\/www.greenpeace.org\/belgium\/fr\/wp-json\/wp\/v2\/tags?post=61648"},{"taxonomy":"p4-page-type","embeddable":true,"href":"https:\/\/www.greenpeace.org\/belgium\/fr\/wp-json\/wp\/v2\/p4-page-type?post=61648"}],"curies":[{"name":"wp","href":"https:\/\/api.w.org\/{rel}","templated":true}]}}