{"id":62208,"date":"2026-03-16T06:00:00","date_gmt":"2026-03-16T05:00:00","guid":{"rendered":"https:\/\/www.greenpeace.org\/belgium\/?p=62208"},"modified":"2026-03-13T17:05:49","modified_gmt":"2026-03-13T16:05:49","slug":"nouvelle-etude-la-transition-energetique-est-possible-sans-exploiter-les-ecosystemes-les-plus-precieux","status":"publish","type":"post","link":"https:\/\/www.greenpeace.org\/belgium\/fr\/communique-de-presse\/62208\/nouvelle-etude-la-transition-energetique-est-possible-sans-exploiter-les-ecosystemes-les-plus-precieux\/","title":{"rendered":"Nouvelle \u00e9tude : La transition \u00e9nerg\u00e9tique est possible sans exploiter les \u00e9cosyst\u00e8mes les plus pr\u00e9cieux"},"content":{"rendered":"\n<p><strong>La transition \u00e9nerg\u00e9tique peut \u00eatre r\u00e9alis\u00e9e sans d\u00e9truire nos \u00e9cosyst\u00e8mes les plus pr\u00e9cieux. C&rsquo;est ce qui ressort d&rsquo;un rapport publi\u00e9 par Greenpeace International et l&rsquo;<\/strong><strong><em>Institute for Sustainable Futures<\/em><\/strong><strong> de l&rsquo;Universit\u00e9 de technologie de Sydney. [1] L\u2019objectif de 1,5 \u00b0C est r\u00e9alisable si nous utilisons les min\u00e9raux en priorit\u00e9 pour la transition \u00e9nerg\u00e9tique, si nous misons d\u00e8s maintenant sur l&rsquo;\u00e9conomie circulaire, le recyclage, la technologie des batteries et si nous r\u00e9formons notre syst\u00e8me de transport. Et dans ces domaines, l&rsquo;Europe dispose de tous les atouts.<\/strong><\/p>\n\n<p>L\u2019\u00e9tude<a href=\"https:\/\/www.greenpeace.org\/static\/planet4-international-stateless\/2026\/02\/677b279a-beyond-extraction_energy-transition-with-less-minerals_2026.pdf\"> <em>Beyond Extraction: Pathways for a 1.5\u00b0C-aligned Energy Transition with less Minerals<\/em> <\/a>analyse les besoins en min\u00e9raux pour diff\u00e9rents sc\u00e9narios \u00e9nerg\u00e9tiques conformes \u00e0 l&rsquo;objectif de limitation du r\u00e9chauffement climatique \u00e0 1,5 \u00b0C, fix\u00e9 par l&rsquo;accord de Paris sur le climat. [2]&nbsp; En outre, le rapport rassemble des donn\u00e9es sur les zones susceptibles de receler des r\u00e9serves min\u00e9rales et sur les zones pr\u00e9sentant un int\u00e9r\u00eat \u00e9cologique.<\/p>\n\n<p><em>\u201cCette \u00e9tude montre qu&rsquo;une transition \u00e9nerg\u00e9tique ambitieuse ne signifie pas que nous devons sacrifier des \u00e9cosyst\u00e8mes importants, ni sur terre ni en mer. Nous sommes toutefois confront\u00e9s \u00e0 un choix : une \u00e9conomie du jetable ou un mod\u00e8le circulaire. Les combustibles fossiles ne peuvent \u00eatre br\u00fbl\u00e9s qu&rsquo;une seule fois, mais les min\u00e9raux utilis\u00e9s pour produire de l&rsquo;\u00e9nergie renouvelable peuvent \u00eatre recycl\u00e9s. L&rsquo;\u00e9tude montre clairement qu&rsquo;une transition juste est possible gr\u00e2ce \u00e0 un leadership visionnaire, des politiques r\u00e9fl\u00e9chies et de l&rsquo;innovation<\/em>\u201d explique Nadia Cornejo, porte-parole chez Greenpeace Belgique.<\/p>\n\n<p>Le d\u00e9bat actuel sur les mati\u00e8res premi\u00e8res a beaucoup trait \u00e0 l&rsquo;autonomie strat\u00e9gique. Ce rapport montre que les pays peuvent renforcer leur autonomie en utilisant en priorit\u00e9 les m\u00e9taux pour la transition \u00e9nerg\u00e9tique et en misant massivement sur l&rsquo;innovation dans le recyclage, l&rsquo;\u00e9conomie circulaire et la technologie des batteries. Un recyclage pouss\u00e9 peut r\u00e9duire jusqu\u2019\u00e0 45 % la demande en min\u00e9raux pour la transition \u00e9nerg\u00e9tique. Un changement modal vers une mobilit\u00e9 plus partag\u00e9e, des transports publics performants et des voitures plus petites et plus efficaces permettra d&rsquo;obtenir des r\u00e9ductions suppl\u00e9mentaires.<\/p>\n\n<p>\u201c<em>Dans un jeu g\u00e9opolitique o\u00f9 les grandes puissances telles que les \u00c9tats-Unis et la Chine dictent les r\u00e8gles, l&rsquo;Europe doit suivre sa propre voie : investir dans une \u00e9conomie circulaire et une transition \u00e9nerg\u00e9tique \u00e9quitable qui pr\u00e9serve les \u00e9cosyst\u00e8mes les plus pr\u00e9cieux. La Belgique dispose de tous les atouts pour y parvenir : exp\u00e9rience, connaissances de pointe, entrepreneurs innovants et grandes quantit\u00e9s de min\u00e9raux dans nos flux de mat\u00e9riaux existants au-dessus du sol. Ce qui manque, c&rsquo;est une politique audacieuse qui stimule r\u00e9ellement la circularit\u00e9. Ce sont des choix politiques que nous devons faire aujourd&rsquo;hui, pour le climat, la biodiversit\u00e9 et notre ind\u00e9pendance \u00e9conomique<\/em>\u201d, conclut Nadia Cornejo.<\/p>\n\n<p><strong>Notes :<\/strong><\/p>\n\n<p>[1] Vous trouverez l&rsquo;\u00e9tude compl\u00e8te <a href=\"https:\/\/www.greenpeace.org\/static\/planet4-international-stateless\/2026\/02\/677b279a-beyond-extraction_energy-transition-with-less-minerals_2026.pdf\">ici<\/a>. Un briefing media pr\u00e9sentant les principales conclusions et nos recommandations politiques est disponible<a href=\"https:\/\/www.greenpeace.org\/static\/planet4-international-stateless\/2026\/02\/0bd1bb08-beyondextraction_researchbriefing_2026.pdf\"> ici<\/a>.<\/p>\n\n<p>[2] L&rsquo;\u00e9tude porte sur neuf min\u00e9raux importants pour la transition \u00e9nerg\u00e9tique : le cobalt, le cuivre, le dysprosium, le graphite, le lithium, le mangan\u00e8se, le n\u00e9odyme, le nickel et le vanadium.<\/p>\n","protected":false},"excerpt":{"rendered":"<p>La transition \u00e9nerg\u00e9tique peut \u00eatre r\u00e9alis\u00e9e sans d\u00e9truire nos \u00e9cosyst\u00e8mes les plus pr\u00e9cieux. C&#8217;est ce qui ressort d&#8217;un rapport publi\u00e9 par Greenpeace International et l&#8217;Institute for Sustainable Futures de l&#8217;Universit\u00e9&hellip;<\/p>\n","protected":false},"author":50,"featured_media":62209,"comment_status":"closed","ping_status":"closed","sticky":false,"template":"","format":"standard","meta":{"ep_exclude_from_search":false,"p4_og_title":"Nouvelle \u00e9tude : La transition \u00e9nerg\u00e9tique est possible sans exploiter les \u00e9cosyst\u00e8mes les plus pr\u00e9cieux","p4_og_description":"La transition \u00e9nerg\u00e9tique peut \u00eatre r\u00e9alis\u00e9e sans d\u00e9truire nos \u00e9cosyst\u00e8mes les plus pr\u00e9cieux. C'est ce qui ressort d'un rapport publi\u00e9 par Greenpeace International et l'Institute for Sustainable Futuresde l'Universit\u00e9 de technologie de Sydney. [1] L\u2019objectif de 1,5 \u00b0C est r\u00e9alisable si nous utilisons les min\u00e9raux en priorit\u00e9 pour la transition \u00e9nerg\u00e9tique, si nous misons d\u00e8s maintenant sur l'\u00e9conomie circulaire, le recyclage, la technologie des batteries et si nous r\u00e9formons notre syst\u00e8me de transport. Et dans ces domaines, l'Europe dispose de tous les atouts.","p4_og_image":"https:\/\/www.greenpeace.org\/static\/planet4-belgium-stateless\/2026\/03\/333fcc81-gp0su5jnj_low-res-800px.jpg","p4_og_image_id":"62209","p4_seo_canonical_url":"","p4_campaign_name":"","p4_local_project":"","p4_basket_name":"","p4_department":"","footnotes":""},"categories":[152,151],"tags":[70],"p4-page-type":[117],"class_list":["post-62208","post","type-post","status-publish","format-standard","has-post-thumbnail","hentry","category-a-la-une","category-presse","tag-energie","p4-page-type-communique-de-presse"],"_links":{"self":[{"href":"https:\/\/www.greenpeace.org\/belgium\/fr\/wp-json\/wp\/v2\/posts\/62208","targetHints":{"allow":["GET"]}}],"collection":[{"href":"https:\/\/www.greenpeace.org\/belgium\/fr\/wp-json\/wp\/v2\/posts"}],"about":[{"href":"https:\/\/www.greenpeace.org\/belgium\/fr\/wp-json\/wp\/v2\/types\/post"}],"author":[{"embeddable":true,"href":"https:\/\/www.greenpeace.org\/belgium\/fr\/wp-json\/wp\/v2\/users\/50"}],"replies":[{"embeddable":true,"href":"https:\/\/www.greenpeace.org\/belgium\/fr\/wp-json\/wp\/v2\/comments?post=62208"}],"version-history":[{"count":1,"href":"https:\/\/www.greenpeace.org\/belgium\/fr\/wp-json\/wp\/v2\/posts\/62208\/revisions"}],"predecessor-version":[{"id":62211,"href":"https:\/\/www.greenpeace.org\/belgium\/fr\/wp-json\/wp\/v2\/posts\/62208\/revisions\/62211"}],"wp:featuredmedia":[{"embeddable":true,"href":"https:\/\/www.greenpeace.org\/belgium\/fr\/wp-json\/wp\/v2\/media\/62209"}],"wp:attachment":[{"href":"https:\/\/www.greenpeace.org\/belgium\/fr\/wp-json\/wp\/v2\/media?parent=62208"}],"wp:term":[{"taxonomy":"category","embeddable":true,"href":"https:\/\/www.greenpeace.org\/belgium\/fr\/wp-json\/wp\/v2\/categories?post=62208"},{"taxonomy":"post_tag","embeddable":true,"href":"https:\/\/www.greenpeace.org\/belgium\/fr\/wp-json\/wp\/v2\/tags?post=62208"},{"taxonomy":"p4-page-type","embeddable":true,"href":"https:\/\/www.greenpeace.org\/belgium\/fr\/wp-json\/wp\/v2\/p4-page-type?post=62208"}],"curies":[{"name":"wp","href":"https:\/\/api.w.org\/{rel}","templated":true}]}}