{"id":62259,"date":"2026-03-19T09:42:03","date_gmt":"2026-03-19T08:42:03","guid":{"rendered":"https:\/\/www.greenpeace.org\/belgium\/?p=62259"},"modified":"2026-03-19T17:14:21","modified_gmt":"2026-03-19T16:14:21","slug":"la-commission-europeenne-transformee-en-trump-tower-par-greenpeace","status":"publish","type":"post","link":"https:\/\/www.greenpeace.org\/belgium\/fr\/communique-de-presse\/62259\/la-commission-europeenne-transformee-en-trump-tower-par-greenpeace\/","title":{"rendered":"La Commission Europ\u00e9enne transform\u00e9e en Trump Tower par Greenpeace"},"content":{"rendered":"\n<p><strong>Tr\u00e8s t\u00f4t ce matin, une projection repr\u00e9sentant une fa\u00e7ade dor\u00e9e et les lettres \u201cTRUMP TOWER\u201d a transform\u00e9 le si\u00e8ge de la commission europ\u00e9enne en r\u00e9plique d\u2019une des tours de Donald Trump. Les activistes de Greenpeace Belgique ont ainsi d\u00e9plor\u00e9 l\u2019attitude complaisante de l\u2019Union Europ\u00e9enne vis-\u00e0-vis de Donald Trump. Les responsables de L\u2019UE sont actuellement r\u00e9unis pour un sommet du Conseil europ\u00e9en.<\/strong><\/p>\n\n<p>Avec son message \u201cRESIST TRUMP\u2019S AGENDA\u201d, Greenpeace d\u00e9nonce la d\u00e9pendance persistante de l\u2019UE vis-\u00e0-vis des \u00c9tats-Unis pour ses importations de p\u00e9trole et de gaz, le d\u00e9tricotage des r\u00e9glementations europ\u00e9ennes en mati\u00e8re d\u2019environnement, de sant\u00e9 publique et de vie priv\u00e9e, ainsi que l\u2019absence de r\u00e9sistance europ\u00e9enne face aux violations du droit international commises par les \u00c9tats-Unis.<\/p>\n\n<figure class=\"wp-block-image size-large\"><img loading=\"lazy\" decoding=\"async\" width=\"1024\" height=\"772\" src=\"https:\/\/www.greenpeace.org\/static\/planet4-belgium-stateless\/2026\/03\/83fc3a1f-gp0su8h1g_pressmedia-2500px-1024x772.jpg\" alt=\"\" class=\"wp-image-62260\" srcset=\"https:\/\/www.greenpeace.org\/static\/planet4-belgium-stateless\/2026\/03\/83fc3a1f-gp0su8h1g_pressmedia-2500px-1024x772.jpg 1024w, https:\/\/www.greenpeace.org\/static\/planet4-belgium-stateless\/2026\/03\/83fc3a1f-gp0su8h1g_pressmedia-2500px-300x226.jpg 300w, https:\/\/www.greenpeace.org\/static\/planet4-belgium-stateless\/2026\/03\/83fc3a1f-gp0su8h1g_pressmedia-2500px-768x579.jpg 768w, https:\/\/www.greenpeace.org\/static\/planet4-belgium-stateless\/2026\/03\/83fc3a1f-gp0su8h1g_pressmedia-2500px-1536x1158.jpg 1536w, https:\/\/www.greenpeace.org\/static\/planet4-belgium-stateless\/2026\/03\/83fc3a1f-gp0su8h1g_pressmedia-2500px-2048x1544.jpg 2048w, https:\/\/www.greenpeace.org\/static\/planet4-belgium-stateless\/2026\/03\/83fc3a1f-gp0su8h1g_pressmedia-2500px-1812x1366.jpg 1812w, https:\/\/www.greenpeace.org\/static\/planet4-belgium-stateless\/2026\/03\/83fc3a1f-gp0su8h1g_pressmedia-2500px-451x340.jpg 451w\" sizes=\"auto, (max-width: 1024px) 100vw, 1024px\" \/><figcaption class=\"wp-element-caption\">Retrouvez les photos et vid\u00e9os de l\u2019action <a href=\"https:\/\/media.greenpeace.org\/collection\/27MZIFJR794_W\">ici<\/a>.<div class=\"credit icon-left\"> \u00a9 Tim Dirven \/ Greenpeace<\/div><\/figcaption><\/figure>\n\n<p><em>\u201cL\u2019Union Europ\u00e9enne doit s\u2019opposer au chaos et \u00e0 la cruaut\u00e9 que s\u00e8me Trump, et prot\u00e9ger les citoyens et non les entreprises et les ultra-riches\u201d<\/em>, d\u00e9clare Nadia Cornejo, porte-parole de Greenpeace Belgique \u201c<em>Le pr\u00e9sident am\u00e9ricain bafoue le droit international, et au lieu de lui r\u00e9sister, l\u2019UE nous rend de plus en plus d\u00e9pendants du p\u00e9trole et du gaz am\u00e9ricains, pour rester dans les bonnes gr\u00e2ces de Trump et de ses amis milliardaires.\u201d<\/em><\/p>\n\n<p>Les chef\u00b7fes d&rsquo;\u00c9tat et de gouvernement des 27 membres de de l\u2019UE <a href=\"https:\/\/www.consilium.europa.eu\/en\/meetings\/european-council\/2026\/03\/19-20\/\">se r\u00e9unissent en ce moment<\/a> pour discuter de la r\u00e9action de l\u2019Europe face aux attaques am\u00e9ricaines et isra\u00e9liennes contre l\u2019Iran et \u00e0 la hausse des prix de l\u2019\u00e9nergie qui en d\u00e9coule. A l\u2019agenda aussi :&nbsp; la guerre en Ukraine, le prochain budget de l\u2019UE, et les nombreuses d\u00e9r\u00e9gulations en cours des protections de l\u2019UE en mati\u00e8re d\u2019environnement, de sant\u00e9 publique et de vie priv\u00e9e num\u00e9rique.<\/p>\n\n<p><em>\u00ab Les politiques europ\u00e9ens pr\u00e9tendent vouloir \u201csimplifier les r\u00e8gles pour favoriser la comp\u00e9titivit\u00e9\u201d. En r\u00e9alit\u00e9, ils cherchent \u00e0 autoriser les entreprises \u00e0 augmenter la dose de produits chimiques autoris\u00e9e dans nos v\u00eatements et dans notre alimentation, ou \u00e0 laisser des entreprises de la tech porter atteinte \u00e0 notre vie priv\u00e9e. Passer \u00e0 une \u00e9nergie 100 % renouvelable et \u00e0 une agriculture \u00e9cologique permettrait de briser notre d\u00e9pendance aux \u00e9nergies fossiles et \u00e0 l&#8217;emprise de Trump, tout en prot\u00e9geant les citoyens des bouleversements g\u00e9opolitiques qui ne cessent d\u2019impacter leurs factures\u201d,<\/em> conclut Nadia Cornejo.&nbsp;<\/p>\n\n<p>Le gouvernement am\u00e9ricain et ses lobbyistes du monde des affaires font pression sur l\u2019UE pour qu\u2019elle d\u00e9mant\u00e8le certaines de ses protections environnementales et sociales, telles que la<a href=\"https:\/\/www.euractiv.com\/news\/exclusive-us-officials-tour-eu-capitals-to-lobby-against-deforestation-law\/\"> loi europ\u00e9enne contre la d\u00e9forestation<\/a>, la r\u00e9glementation sur le m\u00e9thane et la taxe num\u00e9rique.<\/p>\n\n<p><strong>Lire <\/strong><a href=\"https:\/\/www.greenpeace.org\/eu-unit\/?p=47928\"><strong>ici<\/strong><\/a><strong> <\/strong><strong>notre briefing m\u00e9dia sur les pressions am\u00e9ricaines visant \u00e0 d\u00e9manteler les r\u00e8gles de l\u2019UE prot\u00e9geant les personnes et la nature.<\/strong><\/p>\n\n<p>Les leaders de l\u2019UE ont fait preuve d\u2019une grande r\u00e9ticence \u00e0 condamner fermement les r\u00e9centes menaces et attaques du pr\u00e9sident Trump contre le Venezuela, Cuba et l\u2019Iran. Et cela en d\u00e9pit de leurs inqui\u00e9tudes quant aux violations du droit international. Greenpeace appelle tous les gouvernements \u00e0 respecter le droit international et \u00e0 prot\u00e9ger les civils, et demande \u00e0 l\u2019UE de faire pression pour une cessation imm\u00e9diate des hostilit\u00e9s militaires et des blocus de l\u2019aide humanitaire.<\/p>\n","protected":false},"excerpt":{"rendered":"<p>Tr\u00e8s t\u00f4t ce matin, une projection repr\u00e9sentant une fa\u00e7ade dor\u00e9e et les lettres \u201cTRUMP TOWER\u201d a transform\u00e9 le si\u00e8ge de la commission europ\u00e9enne en r\u00e9plique d\u2019une des tours de Donald&hellip;<\/p>\n","protected":false},"author":50,"featured_media":62262,"comment_status":"closed","ping_status":"closed","sticky":false,"template":"","format":"standard","meta":{"ep_exclude_from_search":false,"p4_og_title":"La Commission Europ\u00e9enne transform\u00e9e en Trump Tower par Greenpeace","p4_og_description":"Tr\u00e8s t\u00f4t ce matin, une projection repr\u00e9sentant une fa\u00e7ade dor\u00e9e et les lettres \u201cTRUMP TOWER\u201d a transform\u00e9 le si\u00e8ge de la commission europ\u00e9enne en r\u00e9plique d\u2019une des tours de Donald Trump. Les activistes de Greenpeace Belgique ont ainsi d\u00e9plor\u00e9 l\u2019attitude complaisante de l\u2019Union Europ\u00e9enne vis-\u00e0-vis de Donald Trump. Les responsables de L\u2019UE sont actuellement r\u00e9unis pour un sommet du Conseil europ\u00e9en.","p4_og_image":"","p4_og_image_id":"","p4_seo_canonical_url":"","p4_campaign_name":"","p4_local_project":"","p4_basket_name":"","p4_department":"","footnotes":""},"categories":[152,172,151],"tags":[70],"p4-page-type":[117],"class_list":["post-62259","post","type-post","status-publish","format-standard","has-post-thumbnail","hentry","category-a-la-une","category-energie","category-presse","tag-energie","p4-page-type-communique-de-presse"],"_links":{"self":[{"href":"https:\/\/www.greenpeace.org\/belgium\/fr\/wp-json\/wp\/v2\/posts\/62259","targetHints":{"allow":["GET"]}}],"collection":[{"href":"https:\/\/www.greenpeace.org\/belgium\/fr\/wp-json\/wp\/v2\/posts"}],"about":[{"href":"https:\/\/www.greenpeace.org\/belgium\/fr\/wp-json\/wp\/v2\/types\/post"}],"author":[{"embeddable":true,"href":"https:\/\/www.greenpeace.org\/belgium\/fr\/wp-json\/wp\/v2\/users\/50"}],"replies":[{"embeddable":true,"href":"https:\/\/www.greenpeace.org\/belgium\/fr\/wp-json\/wp\/v2\/comments?post=62259"}],"version-history":[{"count":3,"href":"https:\/\/www.greenpeace.org\/belgium\/fr\/wp-json\/wp\/v2\/posts\/62259\/revisions"}],"predecessor-version":[{"id":62303,"href":"https:\/\/www.greenpeace.org\/belgium\/fr\/wp-json\/wp\/v2\/posts\/62259\/revisions\/62303"}],"wp:featuredmedia":[{"embeddable":true,"href":"https:\/\/www.greenpeace.org\/belgium\/fr\/wp-json\/wp\/v2\/media\/62262"}],"wp:attachment":[{"href":"https:\/\/www.greenpeace.org\/belgium\/fr\/wp-json\/wp\/v2\/media?parent=62259"}],"wp:term":[{"taxonomy":"category","embeddable":true,"href":"https:\/\/www.greenpeace.org\/belgium\/fr\/wp-json\/wp\/v2\/categories?post=62259"},{"taxonomy":"post_tag","embeddable":true,"href":"https:\/\/www.greenpeace.org\/belgium\/fr\/wp-json\/wp\/v2\/tags?post=62259"},{"taxonomy":"p4-page-type","embeddable":true,"href":"https:\/\/www.greenpeace.org\/belgium\/fr\/wp-json\/wp\/v2\/p4-page-type?post=62259"}],"curies":[{"name":"wp","href":"https:\/\/api.w.org\/{rel}","templated":true}]}}