{"id":62494,"date":"2026-04-24T09:27:51","date_gmt":"2026-04-24T08:27:51","guid":{"rendered":"https:\/\/www.greenpeace.org\/belgium\/?p=62494"},"modified":"2026-04-24T09:27:55","modified_gmt":"2026-04-24T08:27:55","slug":"a-santa-marta-les-pays-devront-affronter-lelephant-dans-la-piece-les-energies-fossiles","status":"publish","type":"post","link":"https:\/\/www.greenpeace.org\/belgium\/fr\/actualites-blog\/62494\/a-santa-marta-les-pays-devront-affronter-lelephant-dans-la-piece-les-energies-fossiles\/","title":{"rendered":"\u00c0 Santa Marta, les pays devront affronter l\u2019\u00e9l\u00e9phant dans la pi\u00e8ce : les \u00e9nergies fossiles"},"content":{"rendered":"\n<p>Va-t-on enfin passer de \u201cparler\u201d \u00e0 \u201cfaire\u201d dans la lutte contre la crise climatique ? Du 24 au 29 avril \u00e0 Santa Marta, en Colombie, s\u2019ouvre la premi\u00e8re conf\u00e9rence internationale sur une \u00e8re sans \u00e9nergies fossiles. Une \u00ab coalition des volontaires \u00bb compos\u00e9e de plus de 50 pays y travaillera. Leur objectif : identifier les solutions prioritaires qui vont plus loin que les&nbsp; traditionnelles n\u00e9gociations climatiques et qui acc\u00e9l\u00e8rent les actions concr\u00e8tes.<\/p>\n\n<p>L&rsquo;urgence est \u00e9vidente. Lors de la COP28 \u00e0 Duba\u00ef, les pays ont convenu que pour limiter le r\u00e9chauffement climatique \u00e0 1,5 \u00b0C, deux choses essentielles \u00e9taient n\u00e9cessaires : \u00ab des r\u00e9ductions profondes, rapides et soutenues des \u00e9missions de gaz \u00e0 effet de serre \u00bb et une \u00ab transition hors des \u00e9nergies fossiles de mani\u00e8re juste, ordonn\u00e9e et \u00e9quitable, pour atteindre la neutralit\u00e9 carbone d&rsquo;ici 2050 \u00bb. Pourtant, depuis lors, \u00e7a tra\u00eene. Le probl\u00e8me ne r\u00e9side plus dans l&rsquo;ambition d\u00e9cid\u00e9e sur papier, mais dans la mise en \u0153uvre.<\/p>\n\n<p><strong>La question cl\u00e9 est donc la suivante : cette coalition fera-t-elle r\u00e9ellement la diff\u00e9rence ?<\/strong><\/p>\n\n<p>Il y a un clair potentiel pour cette coalition. Durant la derni\u00e8re COP au Br\u00e9sil l\u2019an dernier, au moins 85 pays ont r\u00e9affirm\u00e9 leur ambition d\u2019aboutir \u00e0 l&rsquo;\u00e9limination progressive des combustibles fossiles. Parmi eux, de grandes \u00e9conomies telles que l&rsquo;Allemagne, le Royaume-Uni, la France, l&rsquo;Espagne, ainsi que le Br\u00e9sil et le Mexique. Ensemble, ces pays repr\u00e9sentent un PIB cumul\u00e9 de 33 300 milliards de dollars, sup\u00e9rieur \u00e0 celui des \u00c9tats-Unis et d\u00e9passant de loin celui de la Chine. Un tel poids \u00e9conomique peut influencer les march\u00e9s financiers, les politiques gouvernementales et les strat\u00e9gies d\u2019entreprise \u00e0 l\u2019\u00e9chelle mondiale. Si Santa Marta aboutit \u00e0 une feuille de route cr\u00e9dible, les r\u00e9percussions pourraient \u00eatre consid\u00e9rables.<\/p>\n\n<p>L\u2019histoire montre que des coalitions de volontaires peuvent contribuer \u00e0 sortir d\u2019une impasse. Dans les ann\u00e9es 90, frustr\u00e9s par l\u2019enlisement des n\u00e9gociations \u00e0 l\u2019ONU, des pays ont lanc\u00e9 un processus parall\u00e8le acc\u00e9l\u00e9r\u00e9 pour interdire les mines terrestres. Il en a r\u00e9sult\u00e9 la Convention d\u2019Ottawa, sign\u00e9e par 125 pays, interdisant leur production, leur transfert et leur utilisation. M\u00eame les pays qui ne l\u2019ont pas sign\u00e9e, comme les \u00c9tats-Unis, se sont par la suite align\u00e9s sur ses principes fondamentaux.<\/p>\n\n<p><strong>La Belgique pourrait-elle faire la diff\u00e9rence ?<\/strong><\/p>\n\n<p>La Belgique fait partie de cette coalition, et cela compte. En soutenant rapidement tant de la feuille de route mondiale que la tenue de cette conf\u00e9rence, la Belgique s\u2019est positionn\u00e9e du bon c\u00f4t\u00e9 de la transition. Le ministre f\u00e9d\u00e9ral du Climat, Jean-Luc Crucke, participera aux n\u00e9gociations \u00e0 Santa Marta.<\/p>\n\n<p>Mais il existe un foss\u00e9 entre le positionnement international et l\u2019action nationale. La Belgique ne dispose toujours pas d\u2019un plan cr\u00e9dible pour sortir progressivement des \u00e9nergies fossiles. Les politiques \u00e9nerg\u00e9tiques actuelles sont insuffisantes, la consommation de gaz a moins diminu\u00e9 que dans de nombreux autres pays europ\u00e9ens, et les \u00e9nergies renouvelables repr\u00e9sentent moins de 15 % du mix \u00e9nerg\u00e9tique, faisant de la Belgique le pire \u00e9l\u00e8ve de l\u2019Union Europ\u00e9enne apr\u00e8s Malte, loin derri\u00e8re des pays comme la Su\u00e8de (66%), la Finlande (48%) et le Danemark (42%).<\/p>\n\n<p>Si la Belgique veut jouer un r\u00f4le de premier plan sur la sc\u00e8ne internationale, elle doit agir chez elle. Une sortie juste et \u00e9quitable des \u00e9nergies fossiles n\u00e9cessite un plan national clair et concret. Chez Greenpeace, nous avons d\u00e9j\u00e0 identifi\u00e9 <a href=\"https:\/\/www.greenpeace.org\/static\/planet4-belgium-stateless\/2026\/03\/ca75358d-ff-phase-out-emergency-plan_update-2026_fr.pdf\">27 mesures<\/a> qui pourraient r\u00e9duire rapidement la d\u00e9pendance au p\u00e9trole et au gaz.<\/p>\n\n<p><strong>Les r\u00e9sultats de la conf\u00e9rence de Santa Marta permettront de voir si les pays sont pr\u00eats \u00e0 passer des paroles aux actes. Pour la Belgique, le message est<\/strong> <strong>simple : la cr\u00e9dibilit\u00e9 \u00e0 l\u2019\u00e9tranger commence par l\u2019action chez soi.<\/strong><\/p>\n\n<p><\/p>\n","protected":false},"excerpt":{"rendered":"<p>Va-t-on enfin passer de \u201cparler\u201d \u00e0 \u201cfaire\u201d dans la lutte contre la crise climatique ? Du 24 au 29 avril \u00e0 Santa Marta, en Colombie, s\u2019ouvre la premi\u00e8re conf\u00e9rence internationale&hellip;<\/p>\n","protected":false},"author":105,"featured_media":62495,"comment_status":"closed","ping_status":"closed","sticky":false,"template":"","format":"standard","meta":{"ep_exclude_from_search":false,"p4_og_title":"\u00c0 Santa Marta, les pays devront affronter l\u2019\u00e9l\u00e9phant dans la pi\u00e8ce : les \u00e9nergies fossiles","p4_og_description":"Va-t-on enfin passer de \u201cparler\u201d \u00e0 \u201cfaire\u201d dans la lutte contre la crise climatique ? Du 24 au 29 avril \u00e0 Santa Marta, en Colombie, s\u2019ouvre la premi\u00e8re conf\u00e9rence internationale sur une \u00e8re sans \u00e9nergies fossiles. Une \u00ab coalition des volontaires \u00bb compos\u00e9e de plus de 50 pays y travaillera. Leur objectif : identifier les solutions prioritaires qui vont plus loin que les\u00a0 traditionnelles n\u00e9gociations climatiques et qui acc\u00e9l\u00e8rent les actions concr\u00e8tes.","p4_og_image":"","p4_og_image_id":"","p4_seo_canonical_url":"","p4_campaign_name":"","p4_local_project":"","p4_basket_name":"","p4_department":"","footnotes":""},"categories":[150,181],"tags":[70],"p4-page-type":[116],"class_list":["post-62494","post","type-post","status-publish","format-standard","has-post-thumbnail","hentry","category-actualites","category-energies-fossiles","tag-energie","p4-page-type-actualites-blog"],"_links":{"self":[{"href":"https:\/\/www.greenpeace.org\/belgium\/fr\/wp-json\/wp\/v2\/posts\/62494","targetHints":{"allow":["GET"]}}],"collection":[{"href":"https:\/\/www.greenpeace.org\/belgium\/fr\/wp-json\/wp\/v2\/posts"}],"about":[{"href":"https:\/\/www.greenpeace.org\/belgium\/fr\/wp-json\/wp\/v2\/types\/post"}],"author":[{"embeddable":true,"href":"https:\/\/www.greenpeace.org\/belgium\/fr\/wp-json\/wp\/v2\/users\/105"}],"replies":[{"embeddable":true,"href":"https:\/\/www.greenpeace.org\/belgium\/fr\/wp-json\/wp\/v2\/comments?post=62494"}],"version-history":[{"count":1,"href":"https:\/\/www.greenpeace.org\/belgium\/fr\/wp-json\/wp\/v2\/posts\/62494\/revisions"}],"predecessor-version":[{"id":62497,"href":"https:\/\/www.greenpeace.org\/belgium\/fr\/wp-json\/wp\/v2\/posts\/62494\/revisions\/62497"}],"wp:featuredmedia":[{"embeddable":true,"href":"https:\/\/www.greenpeace.org\/belgium\/fr\/wp-json\/wp\/v2\/media\/62495"}],"wp:attachment":[{"href":"https:\/\/www.greenpeace.org\/belgium\/fr\/wp-json\/wp\/v2\/media?parent=62494"}],"wp:term":[{"taxonomy":"category","embeddable":true,"href":"https:\/\/www.greenpeace.org\/belgium\/fr\/wp-json\/wp\/v2\/categories?post=62494"},{"taxonomy":"post_tag","embeddable":true,"href":"https:\/\/www.greenpeace.org\/belgium\/fr\/wp-json\/wp\/v2\/tags?post=62494"},{"taxonomy":"p4-page-type","embeddable":true,"href":"https:\/\/www.greenpeace.org\/belgium\/fr\/wp-json\/wp\/v2\/p4-page-type?post=62494"}],"curies":[{"name":"wp","href":"https:\/\/api.w.org\/{rel}","templated":true}]}}