{"id":62515,"date":"2026-04-14T10:26:43","date_gmt":"2026-04-14T09:26:43","guid":{"rendered":"https:\/\/www.greenpeace.org\/belgium\/?p=62515"},"modified":"2026-04-24T11:24:48","modified_gmt":"2026-04-24T10:24:48","slug":"comment-votre-gouvernement-reagit-il-a-la-guerre-contre-liran-et-au-choc-petrolier","status":"publish","type":"post","link":"https:\/\/www.greenpeace.org\/belgium\/fr\/actualiteit\/62515\/comment-votre-gouvernement-reagit-il-a-la-guerre-contre-liran-et-au-choc-petrolier\/","title":{"rendered":"Comment votre gouvernement r\u00e9agit-il \u00e0 la guerre contre l&rsquo;Iran et au choc p\u00e9trolier ?"},"content":{"rendered":"\n<p><strong>Greenpeace International a analys\u00e9 37 mesures gouvernementales adopt\u00e9es depuis le 28 f\u00e9vrier 2026 en r\u00e9ponse au choc p\u00e9trolier li\u00e9 \u00e0 la guerre contre l&rsquo;Iran. Bon nombre d&rsquo;entre elles risquent d&rsquo;aggraver la d\u00e9pendance aux \u00e9nergies fossiles qui est \u00e0 l&rsquo;origine de la crise.<br><\/strong><\/p>\n\n<h2 class=\"wp-block-heading\"><strong>La guerre contre l&rsquo;Iran et le choc p\u00e9trolier mettent en \u00e9vidence la vuln\u00e9rabilit\u00e9 des \u00e9nergies fossiles<\/strong><\/h2>\n\n<p>Il ne s&rsquo;agit pas simplement d&rsquo;une nouvelle flamb\u00e9e des prix. C&rsquo;est un avertissement sur la vuln\u00e9rabilit\u00e9 r\u00e9elle d&rsquo;une \u00e9conomie reposant sur les \u00e9nergies fossiles. L&rsquo;Agence internationale de l&rsquo;\u00e9nergie a d\u00e9clar\u00e9 que cette guerre \u00ab<a href=\"https:\/\/www.iea.org\/reports\/oil-market-report-march-2026\">provoque la plus grande perturbation de l&rsquo;approvisionnement de l&rsquo;histoire du march\u00e9 mondial du p\u00e9trole<\/a>\u00bb, et c&rsquo;est pr\u00e9cis\u00e9ment ce qui se produit lorsque les pays d\u00e9pendent du p\u00e9trole et du gaz. Lorsqu\u2019une si grande partie de l\u2019\u00e9conomie mondiale d\u00e9pend d\u2019une ressource centralis\u00e9e et inflammable achemin\u00e9e via des goulets d\u2019\u00e9tranglement strat\u00e9giques, la guerre se traduit rapidement par une hausse des prix des denr\u00e9es alimentaires, des factures d\u2019\u00e9nergie, des co\u00fbts de transport et une instabilit\u00e9 \u00e9conomique plus g\u00e9n\u00e9rale.<\/p>\n\n<p>C\u2019est pourquoi cette crise ne concerne pas seulement les \u00e9missions de carbone ou les objectifs climatiques. Elle concerne <a href=\"https:\/\/www.greenpeace.org\/international\/story\/81935\/war-renewables-security-imperative-energy-mena-west-asia\/\">la r\u00e9silience, la s\u00e9curit\u00e9 et la survie<\/a>. La guerre a mis en \u00e9vidence la vuln\u00e9rabilit\u00e9 inh\u00e9rente des <a href=\"https:\/\/www.greenpeace.org\/international\/story\/82244\/iran-fertiliser-prices-agribusiness-food-crisis-corporate-handout\/\">syst\u00e8mes \u00e9nerg\u00e9tiques bas\u00e9s sur les combustibles fossiles<\/a>, car toute <a href=\"https:\/\/www.greenpeace.org\/international\/story\/81999\/hormuz-oil-tanker-leak-iran\/\">perturbation des routes maritimes<\/a> ou des <a href=\"https:\/\/www.greenpeace.org\/international\/story\/81982\/shipping-crisis-rigged-system-war-iran-food-bills-soar\/\">cha\u00eenes d&rsquo;approvisionnement<\/a> peut se r\u00e9percuter sur la vie quotidienne en quelques jours. Les gouvernements et les d\u00e9cideurs politiques du monde entier <a href=\"https:\/\/time.com\/article\/2026\/03\/19\/countries-responding-to-iran-war-energy-crisis\/\">r\u00e9agissent \u00e0 ce choc<\/a>, mais bon nombre de leurs r\u00e9ponses risquent de renforcer le syst\u00e8me m\u00eame qui a rendu cette crise si d\u00e9vastatrice au d\u00e9part.<\/p>\n\n<figure class=\"wp-block-image size-large\"><img loading=\"lazy\" decoding=\"async\" width=\"1024\" height=\"683\" src=\"https:\/\/www.greenpeace.org\/static\/planet4-belgium-stateless\/2026\/04\/3c0e7e6e-image-1024x683.jpeg\" alt=\"\" class=\"wp-image-62546\" title=\"Products in Supermarket Shelf in Jakarta. \u00a9 Donang Wahyu \/ Greenpeace\" srcset=\"https:\/\/www.greenpeace.org\/static\/planet4-belgium-stateless\/2026\/04\/3c0e7e6e-image-1024x683.jpeg 1024w, https:\/\/www.greenpeace.org\/static\/planet4-belgium-stateless\/2026\/04\/3c0e7e6e-image-300x200.jpeg 300w, https:\/\/www.greenpeace.org\/static\/planet4-belgium-stateless\/2026\/04\/3c0e7e6e-image-768x512.jpeg 768w, https:\/\/www.greenpeace.org\/static\/planet4-belgium-stateless\/2026\/04\/3c0e7e6e-image-510x340.jpeg 510w, https:\/\/www.greenpeace.org\/static\/planet4-belgium-stateless\/2026\/04\/3c0e7e6e-image.jpeg 1200w\" sizes=\"auto, (max-width: 1024px) 100vw, 1024px\" \/><figcaption class=\"wp-element-caption\">Une famille fait ses courses dans un supermarch\u00e9 \u00e0 Jakarta, en Indon\u00e9sie.<br>\u00a9 Donang Wahyu \/ Greenpeace<\/figcaption><\/figure>\n\n<p><\/p>\n\n<h2 class=\"wp-block-heading\"><strong>Ce que les gouvernements devraient faire face \u00e0 une crise des prix du p\u00e9trole<\/strong><\/h2>\n\n<p>La r\u00e9ponse la plus efficace n\u2019est pas de miser davantage sur le p\u00e9trole et le gaz. C\u2019est de r\u00e9duire la d\u00e9pendance \u00e0 leur \u00e9gard. Si vous essayez de r\u00e9gler un probl\u00e8me d\u2019approvisionnement en baissant les taxes, vous finirez par avoir tout de m\u00eame des prix hauts, mais en plus un gros trou dans votre budget. L\u2019avenir et la raison font tendre vers le renouvelable. Et alors qu\u2019en Belgique, des discussions sur les aides ou solutions \u00e0 apporter patinent, le <a href=\"https:\/\/www.chosun.com\/english\/national-en\/2026\/03\/05\/EFDTBJWO5NEGNBA7KKH4CWMPNM\/\">pr\u00e9sident sud-cor\u00e9en Lee Jae-myung l\u2019a clairement<\/a> exprim\u00e9, pensant au futur et non \u00e0 l\u2019urgence : \u00ab Je pense que ce serait une bonne occasion de passer rapidement et massivement aux \u00e9nergies renouvelables. \u00bb<\/p>\n\n<p>Les pays qui produisent davantage leur propre \u00e9nergie \u00e0 partir de l\u2019\u00e9olien et du solaire sont effectivement moins expos\u00e9s aux chocs des prix du p\u00e9trole, aux perturbations des voies maritimes et au chantage g\u00e9opolitique. Plus votre gouvernement investit dans les \u00e9nergies renouvelables, plus votre pays et votre portefeuille seront en s\u00e9curit\u00e9. C\u2019est pourquoi les \u00e9nergies renouvelables doivent \u00eatre consid\u00e9r\u00e9es non seulement comme une solution climatique, mais aussi comme une <a href=\"https:\/\/www.greenpeace.org\/international\/story\/81935\/war-renewables-security-imperative-energy-mena-west-asia\/\">strat\u00e9gie de s\u00e9curit\u00e9<\/a> et un rempart contre la crise du co\u00fbt de la vie.<\/p>\n\n<p>Une bonne r\u00e9ponse \u00e0 la crise doit remplir deux objectifs \u00e0 la fois. Elle doit prot\u00e9ger les populations des difficult\u00e9s imm\u00e9diates et acc\u00e9l\u00e9rer la transition vers des syst\u00e8mes \u00e9nerg\u00e9tiques r\u00e9silients, ax\u00e9s sur les \u00e9nergies renouvelables. Cela implique une r\u00e9duction de la demande, des gains d&rsquo;efficacit\u00e9, un soutien aux m\u00e9nages vuln\u00e9rables et un d\u00e9ploiement plus rapide d&rsquo;une \u00e9nergie propre et d\u00e9centralis\u00e9e, plut\u00f4t que de nouvelles subventions, des all\u00e8gements fiscaux ou des infrastructures qui prolongent la d\u00e9pendance aux \u00e9nergies fossiles.<\/p>\n\n<p>La coupole Canop\u00e9a a d\u2019ailleurs r\u00e9fl\u00e9chi aux mesures pour limiter <a href=\"https:\/\/www.canopea.be\/quelles-mesures-pour-limiter-la-hausse-des-prix-de-lenergie-sans-hypothequer-lavenir\/\">la hausse des prix sans hypoth\u00e9quer l\u2019avenir<\/a>. Et chez Greenpeace Belgique, nous avons list\u00e9 <a href=\"https:\/\/www.greenpeace.org\/belgium\/fr\/actualites-blog\/62306\/sortir-rapidement-de-notre-dependance-au-petrole-et-au-gaz-27-propositions-pour-un-plan-durgence\/\">les 27 mesures qui permettraient de sortir rapidement de notre d\u00e9pendance au p\u00e9trole et au gaz<\/a>.&nbsp;<\/p>\n\n<h2 class=\"wp-block-heading\"><strong>Ailleurs, comment les gouvernements r\u00e9agissent-ils au choc \u00e9nerg\u00e9tique li\u00e9 \u00e0 la guerre contre l&rsquo;Iran ?<\/strong><\/h2>\n\n<p>Depuis le d\u00e9but de la guerre, le 28 f\u00e9vrier 2026, Greenpeace a recens\u00e9 et analys\u00e9 37 mesures mises en place \u00e0 travers le monde en r\u00e9ponse \u00e0 ce choc. Certaines contribuent \u00e0 att\u00e9nuer les difficult\u00e9s \u00e0 court terme sans enfoncer davantage les pays dans la d\u00e9pendance aux \u00e9nergies fossiles, d&rsquo;autres renforcent cette d\u00e9pendance, et d&rsquo;autres encore envoient des signaux contradictoires.<\/p>\n\n<p>Quelques gouvernements prennent des mesures qui vont dans la bonne direction.<a href=\"https:\/\/www.pbs.org\/newshour\/world\/iran-war-pushes-asian-nations-into-energy-triage-as-they-conserve-power\">Aux Philippines<\/a>, les administrations publiques sont pass\u00e9es \u00e0 la semaine de quatre jours, les ordinateurs ont re\u00e7u l&rsquo;ordre d&rsquo;\u00eatre \u00e9teints pendant les pauses d\u00e9jeuner et la climatisation a \u00e9t\u00e9 limit\u00e9e \u00e0 24 \u00b0C, avec pour objectif d\u00e9clar\u00e9 de r\u00e9duire la consommation d&rsquo;\u00e9nergie du gouvernement d&rsquo;un cinqui\u00e8me. <a href=\"https:\/\/google.com\/url?q=https:\/\/www.reuters.com\/world\/asia-pacific\/pakistan-announces-austerity-measures-save-fuel-amid-mideast-conflict-2026-03-09\/&amp;sa=D&amp;source=editors&amp;ust=1775058477045663&amp;usg=AOvVaw0gtT6BE1artmSnaQR27gbC\">Le Pakistan a combin\u00e9 la fermeture des \u00e9coles<\/a> et les consignes de t\u00e9l\u00e9travail avec un boom solaire existant, li\u00e9 \u00e0 une \u00e9conomie estim\u00e9e \u00e0 6,3 milliards de dollars US sur les importations de combustibles fossiles en 2026 aux prix actuels.&nbsp;<\/p>\n\n<p>Le Vietnam a \u00e9galement mis\u00e9 sur des mesures de t\u00e9l\u00e9travail, tandis que son <a href=\"https:\/\/www.ksat.com\/business\/2026\/03\/20\/energy-fallout-from-iran-war-signals-a-global-wake-up-call-for-renewable-energy\/\">d\u00e9veloppement solaire existant<\/a> devrait permettre d\u2019\u00e9conomiser des centaines de millions de dollars en importations de charbon et de gaz \u00e9vit\u00e9es cette ann\u00e9e. <a href=\"https:\/\/enterpriseam.com\/egypt\/2026\/03\/16\/egypt-freezes-electricity-prices-for-now\/\">En \u00c9gypte<\/a>, le gouvernement affirme qu\u2019il acc\u00e9l\u00e8re les projets d\u2019\u00e9nergies renouvelables, notamment la centrale solaire d\u2019Abydos 2 et 2,5 GW de nouvelle capacit\u00e9 renouvelable int\u00e9gr\u00e9e au r\u00e9seau, afin de r\u00e9duire les importations d\u2019\u00e9nergie co\u00fbteuses et de faire baisser la facture \u00e9nerg\u00e9tique de l\u2019\u00c9tat.<\/p>\n\n<figure class=\"wp-block-image size-large\"><img loading=\"lazy\" decoding=\"async\" width=\"1024\" height=\"683\" src=\"https:\/\/www.greenpeace.org\/static\/planet4-belgium-stateless\/2026\/04\/f3556df6-image-1024x683.jpeg\" alt=\"\" class=\"wp-image-62548\" title=\"Fossil Fuels, War, Suffering - Action in Warsaw, Poland. \u00a9 Greenpeace\" srcset=\"https:\/\/www.greenpeace.org\/static\/planet4-belgium-stateless\/2026\/04\/f3556df6-image-1024x683.jpeg 1024w, https:\/\/www.greenpeace.org\/static\/planet4-belgium-stateless\/2026\/04\/f3556df6-image-300x200.jpeg 300w, https:\/\/www.greenpeace.org\/static\/planet4-belgium-stateless\/2026\/04\/f3556df6-image-768x512.jpeg 768w, https:\/\/www.greenpeace.org\/static\/planet4-belgium-stateless\/2026\/04\/f3556df6-image-510x340.jpeg 510w, https:\/\/www.greenpeace.org\/static\/planet4-belgium-stateless\/2026\/04\/f3556df6-image.jpeg 1200w\" sizes=\"auto, (max-width: 1024px) 100vw, 1024px\" \/><figcaption class=\"wp-element-caption\">\u00a9 Greenpeace. Mars 2026 : Des militants de Greenpeace Pologne ont brandi des affiches dans le centre de Varsovie, sur lesquelles figuraient les pr\u00e9sidents Trump et Poutine, accompagn\u00e9es du message : \u00ab Le p\u00e9trole et le gaz sont synonymes de guerre, de souffrance, de prix \u00e9lev\u00e9s, de chaos et de danger. \u00bb<\/figcaption><\/figure>\n\n<p><\/p>\n\n<p>D&rsquo;autres gouvernements se sont concentr\u00e9s sur les \u00e9conomies d&rsquo;\u00e9nergie plut\u00f4t que sur l&rsquo;augmentation de l&rsquo;approvisionnement en combustibles fossiles. <a href=\"https:\/\/iea.blob.core.windows.net\/assets\/2aa0c404-fed1-4ee1-80db-6ab5b6016266\/Overview-Trackinggovernmentemergencymeasures2026.pdf\">L&rsquo;AIE suit actuellement<\/a> ces mesures \u00e0 l&rsquo;\u00e9chelle mondiale. <a href=\"https:\/\/www.cnbc.com\/2026\/03\/15\/price-caps-and-stairs-how-nations-are-coping-with-the-iran-oil-shock.html\">La Tha\u00eflande<\/a> a demand\u00e9 aux fonctionnaires d&rsquo;utiliser les escaliers plut\u00f4t que les ascenseurs, de r\u00e9duire la climatisation et de porter des chemises \u00e0 manches courtes plut\u00f4t que des costumes. <a href=\"https:\/\/www.cnbc.com\/2026\/03\/15\/price-caps-and-stairs-how-nations-are-coping-with-the-iran-oil-shock.html\">Le ministre danois de l\u2019\u00c9nergie<\/a> a exhort\u00e9 la population \u00e0 r\u00e9duire sa consommation d\u2019\u00e9nergie et \u00e0 moins utiliser la voiture. Sur le plan politique, <a href=\"https:\/\/time.com\/article\/2026\/03\/19\/europe-uk-japan-strait-of-hormuz-oil-gas-prices-iran-war\/\">le pr\u00e9sident du Conseil europ\u00e9en, Ant\u00f3nio Costa<\/a>, a pr\u00e9sent\u00e9 la crise comme un argument en faveur de l\u2019acc\u00e9l\u00e9ration de la production \u00e9nerg\u00e9tique locale et de la transition \u00e9nerg\u00e9tique. Au <a href=\"https:\/\/londonlovesbusiness.com\/labour-mp-says-uk-must-double-down-on-renewables\/\">Royaume-Uni, le secr\u00e9taire d\u2019\u00c9tat au Commerce, Peter Kyle<\/a>, a d\u00e9clar\u00e9 que l\u2019\u00e9olien offshore et le solaire devaient \u00eatre d\u00e9velopp\u00e9s plus rapidement afin de r\u00e9duire la d\u00e9pendance vis-\u00e0-vis du p\u00e9trole et du gaz provenant de r\u00e9gions politiquement instables.<\/p>\n\n<h2 class=\"wp-block-heading\"><strong>Pourquoi le verrouillage des \u00e9nergies fossiles aggrave la crise<\/strong><\/h2>\n\n<p>Trop de gouvernements continuent de r\u00e9agir par des politiques qui maintiennent en vie le syst\u00e8me des \u00e9nergies fossiles. Ces mesures peuvent apporter un soulagement politique \u00e0 court terme, mais elles aggravent la vuln\u00e9rabilit\u00e9 \u00e0 long terme.<\/p>\n\n<p><a href=\"https:\/\/abcnews.com\/International\/wireStory\/asia-scrambles-conserve-energy-iran-war-disrupts-oil-131217018\">La Cor\u00e9e du Sud a impos\u00e9 un plafonnement des prix des carburants<\/a>, tout en levant le plafond national sur la production d\u2019\u00e9lectricit\u00e9 \u00e0 partir du charbon et en envisageant de relancer les importations de p\u00e9trole brut et de naphta russes. <a href=\"https:\/\/google.com\/url?q=https:\/\/www.cnbc.com\/2026\/03\/15\/price-caps-and-stairs-how-nations-are-coping-with-the-iran-oil-shock.html&amp;sa=D&amp;source=editors&amp;ust=1775058562396264&amp;usg=AOvVaw1A9jD92pLM5hPr2R_Odz1b\">Le Japon a plafonn\u00e9 les prix \u00e0 la pompe et lib\u00e9r\u00e9 du p\u00e9trole brut de ses stocks<\/a>, tandis que <a href=\"https:\/\/www.reuters.com\/sustainability\/boards-policy-regulation\/south-korea-says-considering-energy-vouchers-boosting-coal-nuclear-power-2026-03-13\/\">la Malaisie a augment\u00e9 ses d\u00e9penses de subventions pour l&rsquo;essence<\/a> \u00e0 environ 510 millions de dollars am\u00e9ricains afin de contenir les prix des carburants. <a href=\"https:\/\/www.bloomberg.com\/news\/articles\/2026-03-12\/brazil-cuts-fuel-tax-to-offset-oil-price-surge-as-iran-war-rages\">Le Br\u00e9sil a ramen\u00e9<\/a> la taxe f\u00e9d\u00e9rale sur le diesel \u00e0 z\u00e9ro.<\/p>\n\n<p>C&rsquo;est l\u00e0 la contradiction au c\u0153ur de nombreuses r\u00e9ponses actuelles. Les gouvernements affirment vouloir prot\u00e9ger la population du choc \u00e9nerg\u00e9tique, mais beaucoup choisissent des politiques qui prolongent la d\u00e9pendance qui a caus\u00e9 ce choc au d\u00e9part.<\/p>\n\n<p>Cela met en \u00e9vidence une injustice plus profonde dans les syst\u00e8mes domin\u00e9s par les combustibles fossiles : les milliardaires et les grandes entreprises en tirent profit tandis que les gens en paient le prix de leur vie, avec <a href=\"https:\/\/www.greenpeace.org\/international\/story\/82031\/deadly-kenyan-floods-urgent-need-climate-resilience\/\">des conditions m\u00e9t\u00e9orologiques plus extr\u00eames<\/a> et des factures plus \u00e9lev\u00e9es. Chaque centime d\u00e9pens\u00e9 pour la guerre et les combustibles fossiles est un centime vol\u00e9 \u00e0 un avenir juste et vert, et <a href=\"https:\/\/www.greenpeace.org\/eu-unit\/issues\/nature-food\/45548\/report-eu-spent-e252-million-advertising-meat-and-dairy\/\">l\u2019argent public<\/a> devrait servir \u00e0 construire une plan\u00e8te viable plut\u00f4t qu\u2019\u00e0 <a href=\"https:\/\/www.greenpeace.org\/international\/story\/63481\/how-our-financial-system-is-bankrolling-extinction-and-what-governments-need-to-do-to-restore-nature\/\">financer la destruction<\/a>.<\/p>\n\n<figure class=\"wp-block-image size-large\"><img loading=\"lazy\" decoding=\"async\" width=\"1024\" height=\"683\" src=\"https:\/\/www.greenpeace.org\/static\/planet4-belgium-stateless\/2026\/04\/d61c1bd3-image-1024x683.jpeg\" alt=\"\" class=\"wp-image-62524\" title=\"Greenpeace Activists Disrupt Major Gas Conference in Sydney. \u00a9 Greenpeace\" srcset=\"https:\/\/www.greenpeace.org\/static\/planet4-belgium-stateless\/2026\/04\/d61c1bd3-image-1024x683.jpeg 1024w, https:\/\/www.greenpeace.org\/static\/planet4-belgium-stateless\/2026\/04\/d61c1bd3-image-300x200.jpeg 300w, https:\/\/www.greenpeace.org\/static\/planet4-belgium-stateless\/2026\/04\/d61c1bd3-image-768x512.jpeg 768w, https:\/\/www.greenpeace.org\/static\/planet4-belgium-stateless\/2026\/04\/d61c1bd3-image-510x340.jpeg 510w, https:\/\/www.greenpeace.org\/static\/planet4-belgium-stateless\/2026\/04\/d61c1bd3-image.jpeg 1200w\" sizes=\"auto, (max-width: 1024px) 100vw, 1024px\" \/><figcaption class=\"wp-element-caption\">\u00a9 Greenpeace. Mars 2026 : des militants de Greenpeace Australie-Pacifique ont perturb\u00e9 la conf\u00e9rence Australian Domestic Gas Outlook \u00e0 Sydney, en d\u00e9ployant une banderole de 3 m\u00e8tres de long dans le hall principal \u00e0 l\u2019ext\u00e9rieur de la salle de conf\u00e9rence, sur laquelle on pouvait lire : \u00ab Les dirigeants du gaz s\u2019enrichissent, nous en payons le prix \u00bb.<\/figcaption><\/figure>\n\n<p><\/p>\n\n<h2 class=\"wp-block-heading\"><strong>Les \u00e9nergies renouvelables sont la v\u00e9ritable solution<\/strong><\/h2>\n\n<p>Certains pays peuvent estimer qu\u2019ils n\u2019ont pas les moyens de se tourner vers les \u00e9nergies renouvelables en pleine crise actuelle. Mais c\u2019est pr\u00e9cis\u00e9ment pour cela que l\u2019\u00e9nergie propre est la solution : elle implique des co\u00fbts initiaux moins \u00e9lev\u00e9s, moins d\u2019investissements massifs dans les infrastructures et <a href=\"https:\/\/www.greenpeace.org\/international\/story\/52758\/reasons-why-nuclear-energy-not-way-green-and-peaceful-world\/\">peut \u00eatre d\u00e9ploy\u00e9e beaucoup plus rapidement<\/a>.<\/p>\n\n<p>L\u2019alternative se d\u00e9veloppe d\u00e9j\u00e0 rapidement. Selon les statistiques 2025 de l\u2019IRENA sur les capacit\u00e9s renouvelables, les \u00e9nergies renouvelables <a href=\"https:\/\/www.irena.org\/Publications\/2025\/Mar\/Renewable-capacity-statistics-2025\">repr\u00e9sentaient 92,5 % de toutes les nouvelles capacit\u00e9s \u00e9lectriques mondiales ajout\u00e9es en 2024<\/a>, avec 585 GW ajout\u00e9s en une seule ann\u00e9e. Le solaire \u00e0 lui seul a atteint un record de 452 GW. En d\u2019autres termes, les \u00e9nergies renouvelables constituent d\u00e9j\u00e0 <a href=\"https:\/\/www.reuters.com\/business\/energy\/renewables-grew-almost-50-global-electricity-capacity-2025-after-solar-boost-2026-03-31\/\">la majeure partie des nouvelles capacit\u00e9s \u00e9lectriques install\u00e9es dans le monde<\/a>.<\/p>\n\n<figure class=\"wp-block-image size-large\"><img loading=\"lazy\" decoding=\"async\" width=\"1024\" height=\"683\" src=\"https:\/\/www.greenpeace.org\/static\/planet4-belgium-stateless\/2026\/04\/3b180507-image-1024x683.jpeg\" alt=\"\" class=\"wp-image-62551\" title=\"\u201cInstaller of Solar Power Plants&quot;: a Course for Women in Ukraine. \u00a9 Greenpeace \/ Kusmartsev Vladimir\" srcset=\"https:\/\/www.greenpeace.org\/static\/planet4-belgium-stateless\/2026\/04\/3b180507-image-1024x683.jpeg 1024w, https:\/\/www.greenpeace.org\/static\/planet4-belgium-stateless\/2026\/04\/3b180507-image-300x200.jpeg 300w, https:\/\/www.greenpeace.org\/static\/planet4-belgium-stateless\/2026\/04\/3b180507-image-768x512.jpeg 768w, https:\/\/www.greenpeace.org\/static\/planet4-belgium-stateless\/2026\/04\/3b180507-image-510x340.jpeg 510w, https:\/\/www.greenpeace.org\/static\/planet4-belgium-stateless\/2026\/04\/3b180507-image.jpeg 1200w\" sizes=\"auto, (max-width: 1024px) 100vw, 1024px\" \/><figcaption class=\"wp-element-caption\">Dans le contexte d\u2019une guerre \u00e0 grande \u00e9chelle, Greenpeace Europe centrale et orientale et Atmosfera, sp\u00e9cialiste ukrainien de l\u2019\u00e9nergie solaire, ont lanc\u00e9 la formation \u00ab Installateur de centrales solaires \u00bb, qui vise \u00e0 donner aux femmes la possibilit\u00e9 d\u2019apprendre un nouveau m\u00e9tier et \u00e0 accro\u00eetre la repr\u00e9sentation des femmes dans le secteur vert.<br>\u00a9 Greenpeace \/ Kusmartsev Vladimir<\/figcaption><\/figure>\n\n<p>Cela est important car les \u00e9nergies renouvelables offrent bien plus qu\u2019une simple r\u00e9duction des \u00e9missions. <a href=\"https:\/\/www.greenpeace.org\/international\/story\/81935\/war-renewables-security-imperative-energy-mena-west-asia\/\">Les syst\u00e8mes d\u00e9centralis\u00e9s bas\u00e9s sur l\u2019\u00e9olien et le solaire sont plus difficiles \u00e0 saboter<\/a>, moins vuln\u00e9rables aux blocus et aux perturbations du transport maritime, et mieux \u00e0 m\u00eame de <a href=\"https:\/\/www.greenpeace.org\/ukraine\/en\/our-work\/green-reconstruction-of-ukraine\/\">maintenir le fonctionnement des foyers, des \u00e9coles et des h\u00f4pitaux<\/a> en temps de crise. La v\u00e9ritable s\u00e9curit\u00e9 ne vient pas d\u2019un surcro\u00eet de d\u00e9penses consacr\u00e9es \u00e0 la militarisation et \u00e0 la d\u00e9pendance aux \u00e9nergies fossiles, mais d\u2019investissements dans des syst\u00e8mes qui prot\u00e8gent r\u00e9ellement les populations, <a href=\"https:\/\/www.greenpeace.org\/international\/story\/45302\/what-does-safety-mean-to-you\/\">notamment les \u00e9nergies propres, les soins de sant\u00e9 et les services publics<\/a>.<\/p>\n\n<p>Nous avons besoin de politiques qui r\u00e9duisent la d\u00e9pendance aux combustibles fossiles et d\u00e9veloppent des syst\u00e8mes \u00e9nerg\u00e9tiques centr\u00e9s sur les \u00e9nergies renouvelables, car c&rsquo;est ainsi que les communaut\u00e9s deviennent plus r\u00e9silientes, que les \u00e9conomies gagnent en stabilit\u00e9 et que les risques de conflits futurs sont r\u00e9duits. La meilleure politique en mati\u00e8re de co\u00fbt de la vie pour les populations et la plan\u00e8te est un syst\u00e8me \u00e9nerg\u00e9tique s\u00fbr, stable, rentable et propre.<\/p>\n\n<p>Mettons fin \u00e0 notre d\u00e9pendance aux \u00e9nergies fossiles<\/p>\n\n<div class=\"wp-block-buttons is-layout-flex wp-block-buttons-is-layout-flex\">\n<div class=\"wp-block-button\"><a class=\"wp-block-button__link wp-element-button\" href=\"https:\/\/act.greenpeace.org\/page\/185200\/-\/1?locale=fr-BE\">Je signe la p\u00e9tition<\/a><\/div>\n<\/div>\n\n<p><\/p>\n","protected":false},"excerpt":{"rendered":"<p>Greenpeace International a analys\u00e9 37 mesures gouvernementales adopt\u00e9es depuis le 28 f\u00e9vrier 2026 en r\u00e9ponse au choc p\u00e9trolier li\u00e9 \u00e0 la guerre contre l&rsquo;Iran. Bon nombre d&rsquo;entre elles risquent d&rsquo;aggraver la d\u00e9pendance aux \u00e9nergies fossiles qui est \u00e0 l&rsquo;origine de la crise.<\/p>\n","protected":false},"author":105,"featured_media":62528,"comment_status":"closed","ping_status":"closed","sticky":false,"template":"","format":"standard","meta":{"ep_exclude_from_search":false,"p4_og_title":"Comment votre gouvernement r\u00e9agit-il \u00e0 la guerre contre l'Iran et au choc p\u00e9trolier ?","p4_og_description":"Greenpeace International a analys\u00e9 37 mesures gouvernementales adopt\u00e9es depuis le 28 f\u00e9vrier 2026 en r\u00e9ponse au choc p\u00e9trolier li\u00e9 \u00e0 la guerre contre l'Iran. Bon nombre d'entre elles risquent d'aggraver la d\u00e9pendance aux \u00e9nergies fossiles qui est \u00e0 l'origine de la crise.","p4_og_image":"","p4_og_image_id":"","p4_seo_canonical_url":"","p4_campaign_name":"not set","p4_local_project":"not set","p4_basket_name":"not set","p4_department":"","footnotes":""},"categories":[152,150,181],"tags":[70],"p4-page-type":[116],"class_list":["post-62515","post","type-post","status-publish","format-standard","has-post-thumbnail","hentry","category-a-la-une","category-actualites","category-energies-fossiles","tag-energie","p4-page-type-actualites-blog"],"_links":{"self":[{"href":"https:\/\/www.greenpeace.org\/belgium\/fr\/wp-json\/wp\/v2\/posts\/62515","targetHints":{"allow":["GET"]}}],"collection":[{"href":"https:\/\/www.greenpeace.org\/belgium\/fr\/wp-json\/wp\/v2\/posts"}],"about":[{"href":"https:\/\/www.greenpeace.org\/belgium\/fr\/wp-json\/wp\/v2\/types\/post"}],"author":[{"embeddable":true,"href":"https:\/\/www.greenpeace.org\/belgium\/fr\/wp-json\/wp\/v2\/users\/105"}],"replies":[{"embeddable":true,"href":"https:\/\/www.greenpeace.org\/belgium\/fr\/wp-json\/wp\/v2\/comments?post=62515"}],"version-history":[{"count":4,"href":"https:\/\/www.greenpeace.org\/belgium\/fr\/wp-json\/wp\/v2\/posts\/62515\/revisions"}],"predecessor-version":[{"id":62554,"href":"https:\/\/www.greenpeace.org\/belgium\/fr\/wp-json\/wp\/v2\/posts\/62515\/revisions\/62554"}],"wp:featuredmedia":[{"embeddable":true,"href":"https:\/\/www.greenpeace.org\/belgium\/fr\/wp-json\/wp\/v2\/media\/62528"}],"wp:attachment":[{"href":"https:\/\/www.greenpeace.org\/belgium\/fr\/wp-json\/wp\/v2\/media?parent=62515"}],"wp:term":[{"taxonomy":"category","embeddable":true,"href":"https:\/\/www.greenpeace.org\/belgium\/fr\/wp-json\/wp\/v2\/categories?post=62515"},{"taxonomy":"post_tag","embeddable":true,"href":"https:\/\/www.greenpeace.org\/belgium\/fr\/wp-json\/wp\/v2\/tags?post=62515"},{"taxonomy":"p4-page-type","embeddable":true,"href":"https:\/\/www.greenpeace.org\/belgium\/fr\/wp-json\/wp\/v2\/p4-page-type?post=62515"}],"curies":[{"name":"wp","href":"https:\/\/api.w.org\/{rel}","templated":true}]}}