{"id":62583,"date":"2026-04-28T15:42:43","date_gmt":"2026-04-28T14:42:43","guid":{"rendered":"https:\/\/www.greenpeace.org\/belgium\/?p=62583"},"modified":"2026-04-28T15:42:50","modified_gmt":"2026-04-28T14:42:50","slug":"larctic-sunrise-accoste-a-ostende-les-6-et-7-juin","status":"publish","type":"post","link":"https:\/\/www.greenpeace.org\/belgium\/fr\/actualiteit\/62583\/larctic-sunrise-accoste-a-ostende-les-6-et-7-juin\/","title":{"rendered":"L\u2019Arctic Sunrise accoste \u00e0 Ostende les 6 et 7 juin"},"content":{"rendered":"\n<p>Depuis plus de 50 ans, Greenpeace sillonne le monde pour la justice climatique et la protection du vivant. Et apr\u00e8s sept ans d\u2019absence, le moment est enfin arriv\u00e9 : l\u2019un de nos navires iconiques accoste \u00e0 nouveau en Belgique.<\/p>\n\n<p>L\u2019Arctic Sunrise ouvrira ses portes \u00e0 Ostende le week-end des 6 et 7 juin. Venez d\u00e9couvrir la vie \u00e0 bord, rencontrer notre \u00e9quipage international et notre \u00e9quipe belge, et vous laisser emporter par les r\u00e9cits de nos campagnes. Un moment familial et porteur d\u2019espoir, \u00e0 ne rater sous aucun pr\u00e9texte.<\/p>\n\n<h2 class=\"wp-block-heading\">L\u2019Arctic Sunrise : un symbole de r\u00e9sistance<\/h2>\n\n<figure class=\"wp-block-image size-large\"><img loading=\"lazy\" decoding=\"async\" width=\"1024\" height=\"683\" src=\"https:\/\/www.greenpeace.org\/static\/planet4-belgium-stateless\/2026\/04\/23cfc1bb-gp1sxabh-1024x683.jpg\" alt=\"\" class=\"wp-image-62579\" srcset=\"https:\/\/www.greenpeace.org\/static\/planet4-belgium-stateless\/2026\/04\/23cfc1bb-gp1sxabh-1024x683.jpg 1024w, https:\/\/www.greenpeace.org\/static\/planet4-belgium-stateless\/2026\/04\/23cfc1bb-gp1sxabh-300x200.jpg 300w, https:\/\/www.greenpeace.org\/static\/planet4-belgium-stateless\/2026\/04\/23cfc1bb-gp1sxabh-768x512.jpg 768w, https:\/\/www.greenpeace.org\/static\/planet4-belgium-stateless\/2026\/04\/23cfc1bb-gp1sxabh-510x340.jpg 510w, https:\/\/www.greenpeace.org\/static\/planet4-belgium-stateless\/2026\/04\/23cfc1bb-gp1sxabh.jpg 1200w\" sizes=\"auto, (max-width: 1024px) 100vw, 1024px\" \/><\/figure>\n\n<p>L\u2019Arctic Sunrise fait partie de notre flotte depuis 1995. Premi\u00e8re mission : cartographier la pollution des plateformes p\u00e9troli\u00e8res offshore en mer du Nord. Depuis, le navire a fait le tour du monde, devenant un laboratoire flottant, une plateforme d\u2019action et le symbole de refus du silence.<\/p>\n\n<p>Des scientifiques ont explor\u00e9 pendant des mois la biodiversit\u00e9 de nos \u00e9cosyst\u00e8mes, \u00e0 l\u2019aide de cam\u00e9ras sous-marines et d\u2019analyses ADN dans les mers glac\u00e9es de l\u2019Arctique jusqu\u2019aux r\u00e9cifs coralliens des Gal\u00e1pagos. Mais aussi aux c\u00f4t\u00e9s des lamantins du Congo et sur les routes des requins de l\u2019oc\u00e9an Pacifique. Le navire a aussi sillonn\u00e9 les eaux europ\u00e9ennes pour t\u00e9moigner de l\u2019impact de l\u2019exploitation des \u00e9nergies fossiles.<\/p>\n\n<p>L\u2019Arctic Sunrise a fait la une des journaux du monde entier en 2013, lorsque l\u2019int\u00e9gralit\u00e9 de son \u00e9quipage les \u00ab Arctic 30 \u00bb a \u00e9t\u00e9 ill\u00e9galement arr\u00eat\u00e9e par la Russie lors d\u2019une action pacifique contre le forage p\u00e9trolier en Arctique. En 2024, une entreprise d\u2019exploitation mini\u00e8re en eaux profondes a tent\u00e9 d\u2019obtenir en justice une interdiction de manifester contre l\u2019Arctic Sunrise en haute mer et a perdu. En 2025, les autorit\u00e9s fran\u00e7aises ont refus\u00e9 au navire l\u2019acc\u00e8s au port de Nice, juste avant la Conf\u00e9rence des Nations Unies sur les oc\u00e9ans, apr\u00e8s que Greenpeace eut mis en lumi\u00e8re les lacunes fran\u00e7aises en mati\u00e8re de protection de ses r\u00e9serves marines.<\/p>\n\n<p>En avril 2026, l\u2019Arctic Sunrise a rejoint la Global Sumud Flotilla, un convoi de plus de 70 navires en route vers Gaza pour briser le blocus ill\u00e9gal de l\u2019aide humanitaire. Une mission de solidarit\u00e9, d\u2019espoir et de r\u00e9sistance in\u00e9branlable, dont nous esp\u00e9rons qu\u2019elle soit couronn\u00e9e de succ\u00e8s. Le navire mettra ensuite le cap sur Ostende, pour partager avec vous son histoire, sa force et son appel au changement.<\/p>\n\n<h2 class=\"wp-block-heading\">Bienvenue \u00e0 bord !<\/h2>\n\n<figure class=\"wp-block-image size-large\"><img loading=\"lazy\" decoding=\"async\" width=\"1024\" height=\"683\" src=\"https:\/\/www.greenpeace.org\/static\/planet4-belgium-stateless\/2026\/04\/671fd4da-gp0stznhb-1024x683.jpg\" alt=\"\" class=\"wp-image-62581\" srcset=\"https:\/\/www.greenpeace.org\/static\/planet4-belgium-stateless\/2026\/04\/671fd4da-gp0stznhb-1024x683.jpg 1024w, https:\/\/www.greenpeace.org\/static\/planet4-belgium-stateless\/2026\/04\/671fd4da-gp0stznhb-300x200.jpg 300w, https:\/\/www.greenpeace.org\/static\/planet4-belgium-stateless\/2026\/04\/671fd4da-gp0stznhb-768x512.jpg 768w, https:\/\/www.greenpeace.org\/static\/planet4-belgium-stateless\/2026\/04\/671fd4da-gp0stznhb-510x340.jpg 510w, https:\/\/www.greenpeace.org\/static\/planet4-belgium-stateless\/2026\/04\/671fd4da-gp0stznhb.jpg 1200w\" sizes=\"auto, (max-width: 1024px) 100vw, 1024px\" \/><\/figure>\n\n<p>C&rsquo;est l&rsquo;occasion unique de d\u00e9couvrir de pr\u00e8s le quotidien \u00e0 bord d&rsquo;un navire de Greenpeace. Lors de cet \u00e9v\u00e9nement familial, vous pourrez :<\/p>\n\n<ul class=\"wp-block-list\">\n<li><strong>Explorer<\/strong> les coulisses de l&rsquo;Arctic Sunrise.<\/li>\n\n\n\n<li><strong>Rencontrer<\/strong> l\u2019\u00e9quipage international du navire et l&rsquo;\u00e9quipe de Greenpeace Belgique.<\/li>\n\n\n\n<li><strong>D\u00e9couvrir<\/strong> comment ce navire est devenu un symbole de r\u00e9sistance pacifique.<\/li>\n<\/ul>\n\n<p>Une journ\u00e9e \u00e0 la mer id\u00e9ale pour une sortie en famille, dans une ambiance conviviale et les pieds (presque) dans le sable.<\/p>\n\n<p><strong>Envie d&rsquo;en savoir plus ?<\/strong> Visitez notre page \u00e9v\u00e9nement pour toutes les informations pratiques.<\/p>\n","protected":false},"excerpt":{"rendered":"<p>Depuis plus de 50 ans, Greenpeace sillonne le monde pour la justice climatique et la protection du vivant. Et apr\u00e8s sept ans d\u2019absence, le moment est enfin arriv\u00e9 : l\u2019un&hellip;<\/p>\n","protected":false},"author":112,"featured_media":62579,"comment_status":"open","ping_status":"closed","sticky":false,"template":"","format":"standard","meta":{"ep_exclude_from_search":false,"p4_og_title":"","p4_og_description":"","p4_og_image":"","p4_og_image_id":"","p4_seo_canonical_url":"","p4_campaign_name":"","p4_local_project":"","p4_basket_name":"","p4_department":"","footnotes":""},"categories":[152],"tags":[],"p4-page-type":[],"class_list":["post-62583","post","type-post","status-publish","format-standard","has-post-thumbnail","hentry","category-a-la-une"],"_links":{"self":[{"href":"https:\/\/www.greenpeace.org\/belgium\/fr\/wp-json\/wp\/v2\/posts\/62583","targetHints":{"allow":["GET"]}}],"collection":[{"href":"https:\/\/www.greenpeace.org\/belgium\/fr\/wp-json\/wp\/v2\/posts"}],"about":[{"href":"https:\/\/www.greenpeace.org\/belgium\/fr\/wp-json\/wp\/v2\/types\/post"}],"author":[{"embeddable":true,"href":"https:\/\/www.greenpeace.org\/belgium\/fr\/wp-json\/wp\/v2\/users\/112"}],"replies":[{"embeddable":true,"href":"https:\/\/www.greenpeace.org\/belgium\/fr\/wp-json\/wp\/v2\/comments?post=62583"}],"version-history":[{"count":1,"href":"https:\/\/www.greenpeace.org\/belgium\/fr\/wp-json\/wp\/v2\/posts\/62583\/revisions"}],"predecessor-version":[{"id":62584,"href":"https:\/\/www.greenpeace.org\/belgium\/fr\/wp-json\/wp\/v2\/posts\/62583\/revisions\/62584"}],"wp:featuredmedia":[{"embeddable":true,"href":"https:\/\/www.greenpeace.org\/belgium\/fr\/wp-json\/wp\/v2\/media\/62579"}],"wp:attachment":[{"href":"https:\/\/www.greenpeace.org\/belgium\/fr\/wp-json\/wp\/v2\/media?parent=62583"}],"wp:term":[{"taxonomy":"category","embeddable":true,"href":"https:\/\/www.greenpeace.org\/belgium\/fr\/wp-json\/wp\/v2\/categories?post=62583"},{"taxonomy":"post_tag","embeddable":true,"href":"https:\/\/www.greenpeace.org\/belgium\/fr\/wp-json\/wp\/v2\/tags?post=62583"},{"taxonomy":"p4-page-type","embeddable":true,"href":"https:\/\/www.greenpeace.org\/belgium\/fr\/wp-json\/wp\/v2\/p4-page-type?post=62583"}],"curies":[{"name":"wp","href":"https:\/\/api.w.org\/{rel}","templated":true}]}}