{"id":636,"date":"2008-05-06T00:00:00","date_gmt":"2008-05-06T00:00:00","guid":{"rendered":"https:\/\/www.greenpeace.org\/belgium\/blog\/636\/faux-espoir-pourquoi-le-captage-et-la-sequestration-du-carbone-ne-sauveront-pas-le-climat-synthese\/"},"modified":"2019-11-06T10:24:02","modified_gmt":"2019-11-06T08:24:02","slug":"faux-espoir-pourquoi-le-captage-et-la-sequestration-du-carbone-ne-sauveront-pas-le-climat-synthese","status":"publish","type":"post","link":"https:\/\/www.greenpeace.org\/belgium\/fr\/rapport\/636\/faux-espoir-pourquoi-le-captage-et-la-sequestration-du-carbone-ne-sauveront-pas-le-climat-synthese\/","title":{"rendered":"Faux Espoir. Pourquoi le captage et la s\u00e9questration du carbone ne sauveront pas le climat. Synth\u00e8se."},"content":{"rendered":"<div class=\"leader\">Le captage et stockage du carbone (CSC) vise \u00e0 r\u00e9duire l\u2019impact de la combustion des \u00e9nergies fossiles sur le climat. Dans la r\u00e9alit\u00e9, le CSC ne permettra pas d\u2019\u00e9viter les pires impacts des changements climatiques.<\/div>\n<div>\n<p><a href=\"https:\/\/www.greenpeace.org\/static\/planet4-belgium-stateless\/2018\/12\/822cb2ac-822cb2ac-faux-espoirs.pdf\">Download document<\/a><\/p>\n<p><b>Num. pages:<\/b> 8<\/p>\n<\/div>\n","protected":false},"excerpt":{"rendered":"<div>\n\tLe captage et stockage du carbone (CSC) vise \u00e0 r\u00e9duire l&rsquo;impact de la combustion des \u00e9nergies fossiles sur le climat. Dans la r\u00e9alit\u00e9, le CSC ne permettra pas d&rsquo;\u00e9viter les pires impacts des changements climatiques.\n<\/div>\n","protected":false},"author":29,"featured_media":2457,"comment_status":"closed","ping_status":"closed","sticky":false,"template":"","format":"standard","meta":{"ep_exclude_from_search":false,"p4_og_title":"","p4_og_description":"","p4_og_image":"","p4_og_image_id":"","p4_seo_canonical_url":"","p4_campaign_name":"","p4_local_project":"","p4_basket_name":"","p4_department":"","footnotes":""},"categories":[1],"tags":[86],"p4-page-type":[119],"class_list":["post-636","post","type-post","status-publish","format-standard","has-post-thumbnail","hentry","category-non-classifiee","tag-climat","p4-page-type-rapport"],"_links":{"self":[{"href":"https:\/\/www.greenpeace.org\/belgium\/fr\/wp-json\/wp\/v2\/posts\/636","targetHints":{"allow":["GET"]}}],"collection":[{"href":"https:\/\/www.greenpeace.org\/belgium\/fr\/wp-json\/wp\/v2\/posts"}],"about":[{"href":"https:\/\/www.greenpeace.org\/belgium\/fr\/wp-json\/wp\/v2\/types\/post"}],"author":[{"embeddable":true,"href":"https:\/\/www.greenpeace.org\/belgium\/fr\/wp-json\/wp\/v2\/users\/29"}],"replies":[{"embeddable":true,"href":"https:\/\/www.greenpeace.org\/belgium\/fr\/wp-json\/wp\/v2\/comments?post=636"}],"version-history":[{"count":3,"href":"https:\/\/www.greenpeace.org\/belgium\/fr\/wp-json\/wp\/v2\/posts\/636\/revisions"}],"predecessor-version":[{"id":2727,"href":"https:\/\/www.greenpeace.org\/belgium\/fr\/wp-json\/wp\/v2\/posts\/636\/revisions\/2727"}],"wp:featuredmedia":[{"embeddable":true,"href":"https:\/\/www.greenpeace.org\/belgium\/fr\/wp-json\/wp\/v2\/media\/2457"}],"wp:attachment":[{"href":"https:\/\/www.greenpeace.org\/belgium\/fr\/wp-json\/wp\/v2\/media?parent=636"}],"wp:term":[{"taxonomy":"category","embeddable":true,"href":"https:\/\/www.greenpeace.org\/belgium\/fr\/wp-json\/wp\/v2\/categories?post=636"},{"taxonomy":"post_tag","embeddable":true,"href":"https:\/\/www.greenpeace.org\/belgium\/fr\/wp-json\/wp\/v2\/tags?post=636"},{"taxonomy":"p4-page-type","embeddable":true,"href":"https:\/\/www.greenpeace.org\/belgium\/fr\/wp-json\/wp\/v2\/p4-page-type?post=636"}],"curies":[{"name":"wp","href":"https:\/\/api.w.org\/{rel}","templated":true}]}}