{"id":6487,"date":"2019-08-27T09:03:09","date_gmt":"2019-08-27T07:03:09","guid":{"rendered":"https:\/\/www.greenpeace.org\/belgium\/?p=6487"},"modified":"2021-12-01T14:14:51","modified_gmt":"2021-12-01T13:14:51","slug":"que-savez-vous-a-propos-du-rainbow-warrior","status":"publish","type":"post","link":"https:\/\/www.greenpeace.org\/belgium\/fr\/actualites-blog\/6487\/que-savez-vous-a-propos-du-rainbow-warrior\/","title":{"rendered":"Que savez-vous \u00e0 propos du Rainbow Warrior ?"},"content":{"rendered":"<p><strong>Le Rainbow Warrior, ce fameux bateau de notre organisation\u2026 Avec son arc-en-ciel sur sa coque verte, il brave la mer l\u00e0 o\u00f9 l\u2019environnement est mis \u00e0 mal. Mais\u2026 que savez-vous au juste \u00e0 son sujet ? D\u00e9couvrez son histoire et venez le visiter !\u00a0<\/strong><!--more--><\/p>\n<h3>Trois Rainbow Warrior, trois histoires<\/h3>\n<p>Au total, trois <b>Rainbow Warrior <\/b>ont fait partie de la vie de Greenpeace. Le premier, originaire d&rsquo;Aberdeen en Ecosse et rachet\u00e9 \u00e0 la fin des ann\u00e9es 1970, a \u00e9t\u00e9 la pi\u00e8ce ma\u00eetresse des campagnes contre les baleiniers, l\u2019immersion des d\u00e9chets radioactifs, le massacre des phoques gris\u2026 Il a connu une bien triste fin. Le 10 juillet 1985, il est coul\u00e9 par des agents des services secrets fran\u00e7ais dans le port d\u2019Auckland, d\u2019o\u00f9 il devait repartir pour protester contre les essais nucl\u00e9aires fran\u00e7ais sur l\u2019atoll de Moruroa. Un photographe pr\u00e9sent \u00e0 bord du bateau, Fernando Pereira, perd la vie&#8230;<\/p>\n<p><img loading=\"lazy\" decoding=\"async\" class=\"alignnone size-full wp-image-6490\" src=\"https:\/\/www.greenpeace.org\/static\/planet4-belgium-stateless\/2019\/08\/c7a60d4d-rwi.jpg\" alt=\"\" width=\"999\" height=\"663\" srcset=\"https:\/\/www.greenpeace.org\/static\/planet4-belgium-stateless\/2019\/08\/c7a60d4d-rwi.jpg 999w, https:\/\/www.greenpeace.org\/static\/planet4-belgium-stateless\/2019\/08\/c7a60d4d-rwi-300x199.jpg 300w, https:\/\/www.greenpeace.org\/static\/planet4-belgium-stateless\/2019\/08\/c7a60d4d-rwi-768x510.jpg 768w, https:\/\/www.greenpeace.org\/static\/planet4-belgium-stateless\/2019\/08\/c7a60d4d-rwi-510x338.jpg 510w\" sizes=\"auto, (max-width: 999px) 100vw, 999px\" \/><\/p>\n<p><span class=\"mid-button-fix\"><a class=\"cta-blog-button-mid\" href=\"https:\/\/rainbowwarrior.be\/fr\/reserve\/?utm_campaign=renewables&amp;utm_source=website&amp;utm_medium=blog&amp;utm_term=launchfr\" target=\"_blank\" rel=\"noopener noreferrer\">R\u00e9server votre place (gratuitement) d\u00e8s maintenant<\/a><\/span><\/p>\n<p>Le <b>Rainbow Warrior II<\/b>, un chalutier construit en 1957, devient son digne successeur en 1989.<\/p>\n<p>Pendant plus de 22 ans, il agira tour \u00e0 tour contre les essais nucl\u00e9aires, la surp\u00eache, la chasse \u00e0 la baleine\u2026 Le navire a \u00e9galement apport\u00e9 une aide d&rsquo;urgence aux victimes du Tsunami qui a touch\u00e9 l&rsquo;Asie du sud-est en 2004.<\/p>\n<p><img loading=\"lazy\" decoding=\"async\" class=\"alignnone size-full wp-image-6492\" src=\"https:\/\/www.greenpeace.org\/static\/planet4-belgium-stateless\/2019\/08\/870bcdd4-rwii.jpg\" alt=\"\" width=\"999\" height=\"663\" srcset=\"https:\/\/www.greenpeace.org\/static\/planet4-belgium-stateless\/2019\/08\/870bcdd4-rwii.jpg 999w, https:\/\/www.greenpeace.org\/static\/planet4-belgium-stateless\/2019\/08\/870bcdd4-rwii-300x199.jpg 300w, https:\/\/www.greenpeace.org\/static\/planet4-belgium-stateless\/2019\/08\/870bcdd4-rwii-768x510.jpg 768w, https:\/\/www.greenpeace.org\/static\/planet4-belgium-stateless\/2019\/08\/870bcdd4-rwii-510x338.jpg 510w\" sizes=\"auto, (max-width: 999px) 100vw, 999px\" \/><\/p>\n<p>Il sera remplac\u00e9 en 2011 par un nouveau <b>Rainbow Warrior<\/b>, le troisi\u00e8me du nom. Il est construit sur mesure pour r\u00e9pondre \u00e0 des imp\u00e9ratifs \u00e9cologiques stricts et aux besoins sp\u00e9cifiques des actions men\u00e9es en mer. Ce voilier se d\u00e9place partout, afin de d\u00e9noncer sans rel\u00e2che les atteintes \u00e0 l\u2019environnement. Pour le moment, le Rainbow Warrior III parcourt le monde pour militer en faveur d\u2019une<a href=\"https:\/\/rainbowwarrior.be\/fr\/united-climate\/\"> <b>transition \u00e9nerg\u00e9tique<\/b><\/a>.<\/p>\n<h3>Envie d\u2019en savoir encore plus ? Venez le visiter !<\/h3>\n<p><img loading=\"lazy\" decoding=\"async\" class=\"alignnone size-full wp-image-6494\" src=\"https:\/\/www.greenpeace.org\/static\/planet4-belgium-stateless\/2019\/08\/38fed707-rwiii.jpg\" alt=\"\" width=\"999\" height=\"663\" srcset=\"https:\/\/www.greenpeace.org\/static\/planet4-belgium-stateless\/2019\/08\/38fed707-rwiii.jpg 999w, https:\/\/www.greenpeace.org\/static\/planet4-belgium-stateless\/2019\/08\/38fed707-rwiii-300x199.jpg 300w, https:\/\/www.greenpeace.org\/static\/planet4-belgium-stateless\/2019\/08\/38fed707-rwiii-768x510.jpg 768w, https:\/\/www.greenpeace.org\/static\/planet4-belgium-stateless\/2019\/08\/38fed707-rwiii-510x338.jpg 510w\" sizes=\"auto, (max-width: 999px) 100vw, 999px\" \/><\/p>\n<p>Le Rainbow Warrior d\u00e9barque \u00e0 Ostende les 28 et 29 septembre et \u00e0 Anvers les 5 et 6 octobre prochains.Venez vivre une exp\u00e9rience exceptionnelle, 100% Greenpeace. Apr\u00e8s la visite du bateau, vous pourrez fl\u00e2ner dans le <i>Greenpeace Village<\/i>. L\u00e0, place \u00e0 l\u2019amusement et \u00e0 la d\u00e9couverte : food &amp; drinks, expos, coin photos, grimage, impression t-shirts, stand d\u2019infos, activit\u00e9s ludiques\u2026 Il y en aura pour tous les go\u00fbts et pour tous les \u00e2ges!<\/p>\n<p><a class=\"cta-blog-button\" href=\"https:\/\/rainbowwarrior.be\/fr\/reserve\/?utm_campaign=renewables&amp;utm_source=website&amp;utm_medium=blog&amp;utm_term=launchfr\" target=\"_blank\" rel=\"noopener noreferrer\">R\u00e9servez votre place (gratuitement) d\u00e8s maintenant<\/a><\/p>\n<div class=\"EmptyMessage\">Block content is empty. Check the block&rsquo;s settings or remove it.<\/div>","protected":false},"excerpt":{"rendered":"<p>Le Rainbow Warrior, ce fameux bateau de notre organisation\u2026 Avec son arc-en-ciel sur sa coque verte, il brave la mer l\u00e0 o\u00f9 l\u2019environnement est mis \u00e0 mal. Mais\u2026 que savez-vous&hellip;<\/p>\n","protected":false},"author":49,"featured_media":6488,"comment_status":"closed","ping_status":"closed","sticky":false,"template":"","format":"standard","meta":{"ep_exclude_from_search":false,"p4_og_title":"Que savez-vous \u00e0 propos du Rainbow Warrior ?\u00a0","p4_og_description":"D\u00e9couvrez l\u2019histoire du bateau embl\u00e9matique de Greenpeace.","p4_og_image":"","p4_og_image_id":"","p4_seo_canonical_url":"","p4_campaign_name":"","p4_local_project":"","p4_basket_name":"","p4_department":"","footnotes":""},"categories":[106],"tags":[70,86],"p4-page-type":[116],"class_list":["post-6487","post","type-post","status-publish","format-standard","has-post-thumbnail","hentry","category-il-est-encore-temps","tag-energie","tag-climat","p4-page-type-actualites-blog"],"_links":{"self":[{"href":"https:\/\/www.greenpeace.org\/belgium\/fr\/wp-json\/wp\/v2\/posts\/6487","targetHints":{"allow":["GET"]}}],"collection":[{"href":"https:\/\/www.greenpeace.org\/belgium\/fr\/wp-json\/wp\/v2\/posts"}],"about":[{"href":"https:\/\/www.greenpeace.org\/belgium\/fr\/wp-json\/wp\/v2\/types\/post"}],"author":[{"embeddable":true,"href":"https:\/\/www.greenpeace.org\/belgium\/fr\/wp-json\/wp\/v2\/users\/49"}],"replies":[{"embeddable":true,"href":"https:\/\/www.greenpeace.org\/belgium\/fr\/wp-json\/wp\/v2\/comments?post=6487"}],"version-history":[{"count":8,"href":"https:\/\/www.greenpeace.org\/belgium\/fr\/wp-json\/wp\/v2\/posts\/6487\/revisions"}],"predecessor-version":[{"id":25483,"href":"https:\/\/www.greenpeace.org\/belgium\/fr\/wp-json\/wp\/v2\/posts\/6487\/revisions\/25483"}],"wp:featuredmedia":[{"embeddable":true,"href":"https:\/\/www.greenpeace.org\/belgium\/fr\/wp-json\/wp\/v2\/media\/6488"}],"wp:attachment":[{"href":"https:\/\/www.greenpeace.org\/belgium\/fr\/wp-json\/wp\/v2\/media?parent=6487"}],"wp:term":[{"taxonomy":"category","embeddable":true,"href":"https:\/\/www.greenpeace.org\/belgium\/fr\/wp-json\/wp\/v2\/categories?post=6487"},{"taxonomy":"post_tag","embeddable":true,"href":"https:\/\/www.greenpeace.org\/belgium\/fr\/wp-json\/wp\/v2\/tags?post=6487"},{"taxonomy":"p4-page-type","embeddable":true,"href":"https:\/\/www.greenpeace.org\/belgium\/fr\/wp-json\/wp\/v2\/p4-page-type?post=6487"}],"curies":[{"name":"wp","href":"https:\/\/api.w.org\/{rel}","templated":true}]}}