{"id":663,"date":"2018-03-05T09:33:00","date_gmt":"2018-03-05T09:33:00","guid":{"rendered":"https:\/\/www.greenpeace.org\/belgium\/blog\/663\/le-belge-mange-beaucoup-trop-de-viande-mais-veut-changer\/"},"modified":"2021-12-01T14:18:57","modified_gmt":"2021-12-01T13:18:57","slug":"le-belge-mange-beaucoup-trop-de-viande-mais-veut-changer","status":"publish","type":"post","link":"https:\/\/www.greenpeace.org\/belgium\/fr\/actualites-blog\/663\/le-belge-mange-beaucoup-trop-de-viande-mais-veut-changer\/","title":{"rendered":"Le Belge mange beaucoup trop de viande (mais veut changer)"},"content":{"rendered":"<div class=\"post-content\">\n<div>\n<p><strong>Un nouveau <a href=\"https:\/\/www.greenpeace.org\/static\/planet4-belgium-stateless\/2018\/12\/b9f0f5ab-b9f0f5ab-greenpeace_livestock_vision_towards_2050_fr.pdf\">rapport scientifique de Greenpeace<\/a> montre que la consommation mondiale de viande doit diminuer de moiti\u00e9 d\u2019ici 2050 pour limiter le changement climatique. En Belgique, le chemin est encore plus long: seul un Belge sur dix respecte les recommandations officielles\u2026<\/strong><\/p>\n<p><strong><img decoding=\"async\" src=\"https:\/\/www.greenpeace.org\/static\/planet4-belgium-stateless\/2018\/12\/69d569c1-69d569c1-141476_255660.jpg\" alt=\"\" \/><\/strong><\/p>\n<p>En moyenne, le Belge mange 2 \u00e0 2,5 fois plus de viande que les recommandations officielles. Pire, seuls 10% des Belges respectent ces recommandations. Et m\u00eame chez les enfants de 3 \u00e0 13 ans, la consommation de prot\u00e9ines animales est pr\u00e8s de 2 fois plus \u00e9lev\u00e9e que n\u00e9cessaire. Mieux vaut trop que pas assez, semblent penser les parents.<\/p>\n<p>Pourtant manger moins de viande n\u2019a que des avantages:<\/p>\n<ul type=\"disc\">\n<li><strong>Pour notre sant\u00e9.<\/strong> La surconsommation de viande rouge et de viande pr\u00e9par\u00e9e augmente les risques de maladies cardio-vasculaires, d\u2019ob\u00e9sit\u00e9, de diab\u00e8te de type 2 et de diff\u00e9rentes sortes de cancer.<\/li>\n<li><strong>Pour le climat.<\/strong> Le secteur agricole est responsable d\u2019environ 9% des \u00e9missions de gaz \u00e0 effet de serre en Belgique. Deux tiers de ces \u00e9missions provenant de la production de viande.<\/li>\n<li><strong>Pour l\u2019environnement. <\/strong>La production intensive de viande contribue \u00e0 la d\u00e9forestation pour la culture de soja \u2013 principalement utilis\u00e9 comme nourriture pour animaux -, \u00e0 une perte de la biodiversit\u00e9 et \u00e0 polluer les eaux et les sols.<\/li>\n<li><strong>Pour le bien-\u00eatre animal. <\/strong>En Belgique, chaque ann\u00e9e, ce sont plus de 300 millions d\u2019animaux qui sont tu\u00e9s pour \u00eatre consomm\u00e9s. Cela engendre in\u00e9vitablement de la souffrance animale.<\/li>\n<\/ul>\n<p>Si rien n\u2019est fait, l\u2019agriculture repr\u00e9sentera dans les prochaines d\u00e9cennies 52% du total des \u00e9missions de gaz \u00e0 effet de serre, dont 70% pour la seule production de viande et de produits laitiers.<\/p>\n<h3>Moins produire, mieux soutenir les fermiers<\/h3>\n<p>C\u2019est le syst\u00e8me alimentaire tout entier qui doit \u00eatre repens\u00e9. Les gouvernements continuent de subventionner massivement l\u2019\u00e9levage industriel pour qu\u2019il produise toujours plus, alors que la viande actuelle menace d\u00e9j\u00e0 notre sant\u00e9, celle de nos enfants et notre plan\u00e8te. Ils devraient mieux soutenir les fermiers qui se tournent vers l\u2019agriculture biologique, leur offrir un meilleur prix pour leurs produits et encourager les citoyens \u00e0 manger plus local et plus souvent v\u00e9g\u00e9tarien.<\/p>\n<p><img decoding=\"async\" src=\"https:\/\/www.greenpeace.org\/static\/planet4-belgium-stateless\/2018\/12\/d4e9774e-d4e9774e-141477_255662.jpg\" alt=\"\" \/><\/p>\n<p>On voit d\u00e9j\u00e0 chez les Belges une volont\u00e9 croissante de manger moins de viande. Une r\u00e9cente \u00e9tude montre que 54% des Belges qui mangent de la viande estiment que nous devrions en manger moins pour prot\u00e9ger le climat. Et 66% des personnes interrog\u00e9es sont pr\u00eates \u00e0 diminuer leur propre consommation. Par ailleurs, <a href=\"http:\/\/anws.co\/btHz8\/%7Bb46aa373-ac22-4542-9fe1-07c8261b0910%7D\">pr\u00e8s de la moiti\u00e9 des Belges a consomm\u00e9 moins de viande l\u2019an dernier<\/a> que la pr\u00e9c\u00e9dente.<\/p>\n<p>Cette diminution doit s\u2019acc\u00e9l\u00e9rer, c\u2019est pourquoi Greenpeace commence une campagne mondiale afin de baisser de moiti\u00e9 la production et la consommation de viande d\u2019ici 2050.<\/p>\n<p>D\u00e9cider ce qui atterit dans notre assiette est, en tant qu\u2019individu et que soci\u00e9t\u00e9 enti\u00e8re, <strong>l\u2019une des plus puissantes armes que nous avons pour lutter contre le changement climatique<\/strong> et la d\u00e9gradation de l\u2019environnement.<\/p>\n<p><a href=\"https:\/\/www.greenpeace.org\/static\/planet4-belgium-stateless\/2018\/12\/8e09a70e-8e09a70e-gp_foodreport_2018_fr.pdf\">Tout savoir sur la situation en Belgique<\/a><\/p>\n<\/div>\n<\/div>\n<div class=\"EmptyMessage\">Block content is empty. Check the block&rsquo;s settings or remove it.<\/div>","protected":false},"excerpt":{"rendered":"<p>Un nouveau rapport scientifique de Greenpeace montre que la consommation mondiale de viande doit diminuer de moiti\u00e9 d\u2019ici 2050 pour limiter le changement climatique. En Belgique, le chemin est encore plus long: seul un Belge sur dix respecte les recommandations officielles&#8230;<\/p>\n","protected":false},"author":34,"featured_media":2605,"comment_status":"closed","ping_status":"closed","sticky":false,"template":"","format":"standard","meta":{"ep_exclude_from_search":false,"p4_og_title":"","p4_og_description":"","p4_og_image":"","p4_og_image_id":"","p4_seo_canonical_url":"","p4_campaign_name":"","p4_local_project":"","p4_basket_name":"","p4_department":"","footnotes":""},"categories":[1],"tags":[71,85,86],"p4-page-type":[116],"class_list":["post-663","post","type-post","status-publish","format-standard","has-post-thumbnail","hentry","category-non-classifiee","tag-alimentation","tag-agriculture","tag-climat","p4-page-type-actualites-blog"],"_links":{"self":[{"href":"https:\/\/www.greenpeace.org\/belgium\/fr\/wp-json\/wp\/v2\/posts\/663","targetHints":{"allow":["GET"]}}],"collection":[{"href":"https:\/\/www.greenpeace.org\/belgium\/fr\/wp-json\/wp\/v2\/posts"}],"about":[{"href":"https:\/\/www.greenpeace.org\/belgium\/fr\/wp-json\/wp\/v2\/types\/post"}],"author":[{"embeddable":true,"href":"https:\/\/www.greenpeace.org\/belgium\/fr\/wp-json\/wp\/v2\/users\/34"}],"replies":[{"embeddable":true,"href":"https:\/\/www.greenpeace.org\/belgium\/fr\/wp-json\/wp\/v2\/comments?post=663"}],"version-history":[{"count":3,"href":"https:\/\/www.greenpeace.org\/belgium\/fr\/wp-json\/wp\/v2\/posts\/663\/revisions"}],"predecessor-version":[{"id":25614,"href":"https:\/\/www.greenpeace.org\/belgium\/fr\/wp-json\/wp\/v2\/posts\/663\/revisions\/25614"}],"wp:featuredmedia":[{"embeddable":true,"href":"https:\/\/www.greenpeace.org\/belgium\/fr\/wp-json\/wp\/v2\/media\/2605"}],"wp:attachment":[{"href":"https:\/\/www.greenpeace.org\/belgium\/fr\/wp-json\/wp\/v2\/media?parent=663"}],"wp:term":[{"taxonomy":"category","embeddable":true,"href":"https:\/\/www.greenpeace.org\/belgium\/fr\/wp-json\/wp\/v2\/categories?post=663"},{"taxonomy":"post_tag","embeddable":true,"href":"https:\/\/www.greenpeace.org\/belgium\/fr\/wp-json\/wp\/v2\/tags?post=663"},{"taxonomy":"p4-page-type","embeddable":true,"href":"https:\/\/www.greenpeace.org\/belgium\/fr\/wp-json\/wp\/v2\/p4-page-type?post=663"}],"curies":[{"name":"wp","href":"https:\/\/api.w.org\/{rel}","templated":true}]}}