{"id":676,"date":"2016-02-04T17:17:00","date_gmt":"2016-02-04T17:17:00","guid":{"rendered":"https:\/\/www.greenpeace.org\/belgium\/blog\/676\/victoire-au-canada-un-accord-historique-pour-la-foret\/"},"modified":"2019-11-06T10:23:51","modified_gmt":"2019-11-06T08:23:51","slug":"victoire-au-canada-un-accord-historique-pour-la-foret","status":"publish","type":"post","link":"https:\/\/www.greenpeace.org\/belgium\/fr\/actualites-blog\/676\/victoire-au-canada-un-accord-historique-pour-la-foret\/","title":{"rendered":"Victoire ! Au Canada, un accord historique pour la for\u00eat"},"content":{"rendered":"<div class=\"post-content\">\n<div>\n<p><strong>C\u2019est une victoire tr\u00e8s importante qui vient d\u2019\u00eatre remport\u00e9e pour la protection des for\u00eats au Canada. Le gouvernement de Colombie-Britannique et les autorit\u00e9s d\u2019une vingtaine de communaut\u00e9s autochtones viennent d\u2019adopter un accord pour prot\u00e9ger l\u2019une des plus grandes for\u00eats temp\u00e9r\u00e9es du monde : la for\u00eat du Grand Ours. Un pr\u00e9c\u00e9dent qui pourrait s\u2019\u00e9tendre dans le reste du pays, et qui vient couronner des ann\u00e9es de campagne.<\/strong><\/p>\n<p><strong><img decoding=\"async\" src=\"https:\/\/www.greenpeace.org\/static\/planet4-belgium-stateless\/2018\/12\/9e562666-9e562666-122367_209225.jpg\" alt=\"\" \/><\/strong><\/p>\n<h2>Un sanctuaire forestier<\/h2>\n<p>La for\u00eat humide du Grand Ours s\u2019\u00e9tend sur plus de trois millions d\u2019hectares, soit environ la taille de la Belgique, de la c\u00f4t\u00e9 sud de la province de Colombie-Britannique jusqu\u2019\u00e0 l\u2019Alaska, vers le nord. Elle abrite des arbres mill\u00e9naires ainsi qu\u2019une biodiversit\u00e9 exceptionnelle.<\/p>\n<p><img decoding=\"async\" src=\"https:\/\/www.greenpeace.org\/static\/planet4-belgium-stateless\/2018\/12\/a4eda90b-a4eda90b-122368_209227.jpg\" alt=\"\" \/><\/p>\n<p>L\u2019accord pr\u00e9voit de sanctuariser 85% de ce vaste territoire forestier, ce qui signifie tenir toute exploitation foresti\u00e8re \u00e0 distance. Quant aux 15% restants, soit 550 000 hectares, ils seront soumis aux normes les plus strictes en Am\u00e9rique du Nord en mati\u00e8re d\u2019exploitation foresti\u00e8re commerciale. Cette r\u00e9glementation permettrait d\u2019\u00e9viter le rejet d\u2019environ 640 000 tonnes de carbone dans l\u2019atmosph\u00e8re par an.<\/p>\n<p>Le texte permet en outre d\u2019assurer la protection de l\u2019ours Kermode, une esp\u00e8ce rare d\u2019ursid\u00e9 noir dont plusieurs individus sont \u00e0 fourrure blanche, end\u00e9mique \u00e0 cette for\u00eat.<\/p>\n<h2>Victoire pour les Premi\u00e8res Nations<\/h2>\n<p>Cet accord est surtout une grande avanc\u00e9e en faveur des droits des peuples autochtones, dont les moyens de subsistance d\u00e9pendent de la for\u00eat. Pour la premi\u00e8re fois, l\u2019Etat comme le secteur industriel se placent dans une perspective de collaboration avec ces communaut\u00e9s \u2013 une mani\u00e8re d\u2019int\u00e9grer ces entit\u00e9s politiques ancestrales dans l\u2019\u00e9conomie canadienne, tout en pr\u00e9servant durablement leur mode de vie.<\/p>\n<p>Le ministre des For\u00eats, des Terres et des Ressources naturelles Steve Thomson, a rappel\u00e9 que cet accord devait se traduire par des mesures concr\u00e8tes \u201cd\u00e8s que possible\u201d. Il pourrait servir de mod\u00e8le pour r\u00e9soudre d\u2019autres conflits forestiers au Canada, comme la for\u00eat bor\u00e9ale au Qu\u00e9bec et en Ontario.<\/p>\n<h2>Des ann\u00e9es de campagne<\/h2>\n<p>Il y a 20 ans environ, un vaste mouvement pour la pr\u00e9servation des for\u00eats canadiennes d\u00e9marrait. Baptis\u00e9 \u201cguerre des bois\u201d, il annon\u00e7ait des ann\u00e9es d\u2019actions militantes (boycotts, blocages, opposition aux coupes \u00e0 blanc, etc.). Ce sont alors des contrats de plusieurs millions de dollars qui sont tomb\u00e9s \u00e0 l\u2019eau, sanctionnant les compagnies foresti\u00e8res qui comptaient piller les terres des populations autochtones.<\/p>\n<p><img decoding=\"async\" src=\"https:\/\/www.greenpeace.org\/static\/planet4-belgium-stateless\/2018\/12\/cc645992-cc645992-122369_209229.jpg\" alt=\"\" \/><\/p>\n<p>Des n\u00e9gociations r\u00e9unissant ONG, secteur industriel et peuples autochtones voient le jour au d\u00e9but des ann\u00e9es 2000 pour tenter de d\u00e9bloquer une situation tr\u00e8s tendue. Ce processus se conclut aujourd\u2019hui avec la mise en \u0153uvre d\u2019une politique d\u2019exploitation nomm\u00e9e \u201cGestion bas\u00e9e sur l\u2019\u00e9cosyst\u00e8me\u201d, \u00e0 la base de l\u2019accord trouv\u00e9 pour la for\u00eat du Grand Ours.<\/p>\n<p>Une victoire encourageante qui d\u00e9montre que les efforts de Greenpeace pour sauvegarder l\u2019environnement se combinent parfaitement avec la d\u00e9fense des communaut\u00e9s autochtones. Une piste pour l\u2019avenir.<\/p>\n<p><a href=\"https:\/\/act.greenpeace.org\/ea-action\/action?ea.client.id=1847&amp;ea.campaign.id=45518&amp;utm_campaign=forests&amp;utm_source=planet3&amp;utm_medium=feature&amp;utm_content=bosfr\">Vous pouvez (re)d\u00e9couvrir les grandes \u00e9tapes de cette campagne et c\u00e9l\u00e9brer cette victoire avec Greenpeace Canada<\/a>.<\/p>\n<\/div>\n<\/div>\n","protected":false},"excerpt":{"rendered":"<p>C\u2019est une victoire tr\u00e8s importante qui vient d\u2019\u00eatre remport\u00e9e pour la protection des for\u00eats au Canada. Le gouvernement de Colombie-Britannique et les autorit\u00e9s d\u2019une vingtaine de communaut\u00e9s autochtones viennent d\u2019adopter un accord pour prot\u00e9ger l\u2019une des plus grandes for\u00eats temp\u00e9r\u00e9es du monde : la for\u00eat du Grand Ours. Un pr\u00e9c\u00e9dent qui pourrait s\u2019\u00e9tendre dans le reste du pays, et qui vient couronner des ann\u00e9es de campagne.<\/p>\n","protected":false},"author":34,"featured_media":677,"comment_status":"closed","ping_status":"closed","sticky":false,"template":"","format":"standard","meta":{"ep_exclude_from_search":false,"p4_og_title":"","p4_og_description":"","p4_og_image":"","p4_og_image_id":"","p4_seo_canonical_url":"","p4_campaign_name":"","p4_local_project":"","p4_basket_name":"","p4_department":"","footnotes":""},"categories":[107,105],"tags":[80],"p4-page-type":[116],"class_list":["post-676","post","type-post","status-publish","format-standard","has-post-thumbnail","hentry","category-ensemble-nous-sommes-la-solution","category-preserver-la-beaute-de-notre-planete","tag-forets","p4-page-type-actualites-blog"],"_links":{"self":[{"href":"https:\/\/www.greenpeace.org\/belgium\/fr\/wp-json\/wp\/v2\/posts\/676","targetHints":{"allow":["GET"]}}],"collection":[{"href":"https:\/\/www.greenpeace.org\/belgium\/fr\/wp-json\/wp\/v2\/posts"}],"about":[{"href":"https:\/\/www.greenpeace.org\/belgium\/fr\/wp-json\/wp\/v2\/types\/post"}],"author":[{"embeddable":true,"href":"https:\/\/www.greenpeace.org\/belgium\/fr\/wp-json\/wp\/v2\/users\/34"}],"replies":[{"embeddable":true,"href":"https:\/\/www.greenpeace.org\/belgium\/fr\/wp-json\/wp\/v2\/comments?post=676"}],"version-history":[{"count":2,"href":"https:\/\/www.greenpeace.org\/belgium\/fr\/wp-json\/wp\/v2\/posts\/676\/revisions"}],"predecessor-version":[{"id":2696,"href":"https:\/\/www.greenpeace.org\/belgium\/fr\/wp-json\/wp\/v2\/posts\/676\/revisions\/2696"}],"wp:featuredmedia":[{"embeddable":true,"href":"https:\/\/www.greenpeace.org\/belgium\/fr\/wp-json\/wp\/v2\/media\/677"}],"wp:attachment":[{"href":"https:\/\/www.greenpeace.org\/belgium\/fr\/wp-json\/wp\/v2\/media?parent=676"}],"wp:term":[{"taxonomy":"category","embeddable":true,"href":"https:\/\/www.greenpeace.org\/belgium\/fr\/wp-json\/wp\/v2\/categories?post=676"},{"taxonomy":"post_tag","embeddable":true,"href":"https:\/\/www.greenpeace.org\/belgium\/fr\/wp-json\/wp\/v2\/tags?post=676"},{"taxonomy":"p4-page-type","embeddable":true,"href":"https:\/\/www.greenpeace.org\/belgium\/fr\/wp-json\/wp\/v2\/p4-page-type?post=676"}],"curies":[{"name":"wp","href":"https:\/\/api.w.org\/{rel}","templated":true}]}}